{"id":1270881,"date":"2026-08-31T01:47:49","date_gmt":"2026-08-31T01:47:49","guid":{"rendered":"https:\/\/www.europesays.com\/de\/1270881\/"},"modified":"2026-08-31T01:47:49","modified_gmt":"2026-08-31T01:47:49","slug":"der-september-kreuzer-ist-da-kreuzer-online","status":"publish","type":"post","link":"https:\/\/www.europesays.com\/de\/1270881\/","title":{"rendered":"Der September-kreuzer ist da! \u2014 kreuzer online"},"content":{"rendered":"<p>\u00bbIch will Hole!\u00ab So kann man jemandem auch zum Buchvertrag gratulieren. Wie es dazu kam, erfahren Sie in unserer Titelgeschichte \u00fcber die Buchreihe \u00bbThese Girls\u00ab. Diese hat die ehemalige kreuzer-Musikredakteurin Juliane Streich herausgegeben. Nicht wenige unserer Autorinnen und Autoren wirkten daran mit. Warum das dann nicht zum Thema machen? Wir haben in diesem Stil eigens Musikerinnenportr\u00e4ts angefertigt und eines aus dem Buch abgedruckt (wer err\u00e4t welches, bekommt ein Exemplar geschenkt). Zus\u00e4tzlich hat die famose Mrs. Pepstein Frauen zum Interview gebeten, die zu zwei Dritteln ebenfalls in den B\u00fcchern vorkommen. Aber lesen Sie selbst und lassen Sie sich von <a href=\"https:\/\/kreuzer-leipzig.de\/story\/leipzig-musikerinnen-these-girls-forever\" rel=\"nofollow noopener\" target=\"_blank\">unserer Surprise-Kandidatin \u00fcberraschen<\/a>. Was Sie sonst im <a href=\"https:\/\/kreuzer-leipzig.de\/abo\" rel=\"nofollow noopener\" target=\"_blank\">Heft erwartet<\/a>, erfahren Sie wie immer zuverl\u00e4ssig im Inhaltsverzeichnis nebenan.<\/p>\n<p>Ein ungew\u00f6hnlich hei\u00dfer und trockener Sommer l\u00e4uft langsam aus. Hitzetote und Waldbr\u00e4nde, den Ausfall des \u00f6ffentlichen Nahverkehrs in Leipzig k\u00f6nnte man als besorgniserregend bezeichnen. Der Kanzler will davon nichts wissen und erkl\u00e4rt, er werde weiter das Wetter beobachten. Vielleicht kommt er noch darauf, dass Wetter und Klima unterschiedliche Vorg\u00e4nge sind. Am Leipziger Tropos-Institut ist man da viel weiter als in Berlin. Angesichts der j\u00fcngsten Br\u00e4nde warnt man dort nicht nur vor den gesundheitlichen Folgen der Rauchpartikel, die \u00fcber weite Strecken transportiert werden. Diese haben auch reflektierende Wirkung, wodurch sie in der Luft die W\u00e4rmeabstrahlung von der Erde abmildern: \u00bbSomit sind Waldbr\u00e4nde langfristig mit einer weiteren Zunahme der Erderw\u00e4rmung verbunden.\u00ab Und Wissenschaftler der Uni Leipzig \u00bbfanden heraus, dass sich der Sp\u00e4tsommer mittlerweile deutlich st\u00e4rker erw\u00e4rmt als der Fr\u00fchsommer und die B\u00f6den tendenziell trockener sind als in Sommern fr\u00fcherer Jahre\u00ab. Was das f\u00fcr die Region bedeutet, werden wir demn\u00e4chst f\u00fcr Sie aufschreiben.<\/p>\n<p>Vielleicht liest man aus den Zeilen heraus: Ich bin Team Wissenschaft. Daher versuche ich auch, im Alltag m\u00f6glichst oft nett zu anderen zu sein. Das ist kein Achtsamkeitsfimmel \u2013 Kooperation bildet unseren evolution\u00e4ren Vorteil. Warum den verspielen? Nettsein hat nicht nur eine positive Wirkung auf andere, sondern steckt mich selbst mit an. Welchen Zacken breche ich mir aus der Krone, wenn ich fr\u00f6hlich an der Konsumkasse stehe oder jene Menschen gr\u00fc\u00dfe \u2013 und mich bei ihnen bedanke \u2013, die \u00fcbers WC wachen? Die britische Tageszeitung Guardian hat eine eigene Rubrik \u00bbKindness of Strangers\u00ab: \u00bbManchmal kann eine spontane Geste oder eine gro\u00dfz\u00fcgige Handlung die Art und Weise ver\u00e4ndern, wie man \u00fcber seinen Tag \u2013 oder sein Leben \u2013 denkt.\u00ab Dort k\u00f6nnen Leserinnen und Leser mitteilen, was ein warmer Akt von Fremden bei ihnen Positives ausl\u00f6ste. Wenn Ihnen auch so ein Moment widerfahren ist, schreiben Sie uns einfach.<\/p>\n<p>Das war jetzt hoffentlich nicht zu altersmilde. Grund genug, w\u00fctend auf die Welt und die Verh\u00e4ltnisse zu sein, gibt es ja. Aber lassen wir das an den Richtigen, an den Verantwortlichen, aus und nicht an unseren Mitmenschen. Ich fahre jetzt, Sie ahnen es, an den See. Gr\u00fc\u00dfe meine nackten und bekleideten Strandnachbarn. Und: Platsch!<\/p>\n<p>Bleiben Sie den Wogen gewogen und nat\u00fcrlich uns. Und seien Sie nicht zu hart zu sich selbst.<\/p>\n<p>Es winkt,<\/p>\n<p>Ihre Urlaubsvertretung <br \/>TOBIAS PR\u00dcWER<\/p>\n<p>\u200b<a href=\"https:\/\/redaktion.kreuzeronline.de\/content\/post\/new\/Mailto:chefredaktion@kreuzer-leipzig.de\" rel=\"nofollow noopener\" target=\"_blank\">chefredaktion[at]kreuzer-leipzig.de<\/a>\u200b<\/p>\n<p>PS: Das Musikvideo zu \u00bbDie da!?!\u00ab wurde in Plagwitz gedreht.<\/p>\n","protected":false},"excerpt":{"rendered":"\u00bbIch will Hole!\u00ab So kann man jemandem auch zum Buchvertrag gratulieren. Wie es dazu kam, erfahren Sie in&hellip;\n","protected":false},"author":2,"featured_media":1270882,"comment_status":"","ping_status":"","sticky":false,"template":"","format":"standard","meta":{"footnotes":"","_share_on_mastodon":"0"},"categories":[1832],"tags":[3364,29,129284,30,111376,11607,71,810,41070,859,34471,2715,262531,2166],"class_list":["post-1270881","post","type-post","status-publish","format-standard","has-post-thumbnail","category-leipzig","tag-de","tag-deutschland","tag-editorial","tag-germany","tag-girl","tag-hitze","tag-leipzig","tag-musik","tag-musikerinnen","tag-sachsen","tag-september","tag-sommer","tag-these","tag-waerme"],"share_on_mastodon":{"url":"https:\/\/pubeurope.com\/@de\/117187608994487271","error":""},"_links":{"self":[{"href":"https:\/\/www.europesays.com\/de\/wp-json\/wp\/v2\/posts\/1270881","targetHints":{"allow":["GET"]}}],"collection":[{"href":"https:\/\/www.europesays.com\/de\/wp-json\/wp\/v2\/posts"}],"about":[{"href":"https:\/\/www.europesays.com\/de\/wp-json\/wp\/v2\/types\/post"}],"author":[{"embeddable":true,"href":"https:\/\/www.europesays.com\/de\/wp-json\/wp\/v2\/users\/2"}],"replies":[{"embeddable":true,"href":"https:\/\/www.europesays.com\/de\/wp-json\/wp\/v2\/comments?post=1270881"}],"version-history":[{"count":0,"href":"https:\/\/www.europesays.com\/de\/wp-json\/wp\/v2\/posts\/1270881\/revisions"}],"wp:featuredmedia":[{"embeddable":true,"href":"https:\/\/www.europesays.com\/de\/wp-json\/wp\/v2\/media\/1270882"}],"wp:attachment":[{"href":"https:\/\/www.europesays.com\/de\/wp-json\/wp\/v2\/media?parent=1270881"}],"wp:term":[{"taxonomy":"category","embeddable":true,"href":"https:\/\/www.europesays.com\/de\/wp-json\/wp\/v2\/categories?post=1270881"},{"taxonomy":"post_tag","embeddable":true,"href":"https:\/\/www.europesays.com\/de\/wp-json\/wp\/v2\/tags?post=1270881"}],"curies":[{"name":"wp","href":"https:\/\/api.w.org\/{rel}","templated":true}]}}