{"id":1270896,"date":"2026-08-31T01:58:18","date_gmt":"2026-08-31T01:58:18","guid":{"rendered":"https:\/\/www.europesays.com\/de\/1270896\/"},"modified":"2026-08-31T01:58:18","modified_gmt":"2026-08-31T01:58:18","slug":"tauffest-am-otto-maigler-see-fuer-den-12-september-noch-kurzfristige-anmeldungen-moeglich","status":"publish","type":"post","link":"https:\/\/www.europesays.com\/de\/1270896\/","title":{"rendered":"Tauffest am Otto-Maigler-See: F\u00fcr den 12. September noch kurzfristige Anmeldungen m\u00f6glich"},"content":{"rendered":"<p>\t<a href=\"https:\/\/www.kirche-koeln.de\/tauffest-am-otto-maigler-see-fuer-den-12-september-noch-kurzfristige-anmeldungen-moeglich\/?print=pdf\" class=\"pdfprnt-button pdfprnt-button-pdf\" target=\"_blank\" rel=\"nofollow noopener\"><img decoding=\"async\" src=\"https:\/\/www.europesays.com\/de\/wp-content\/uploads\/2026\/07\/1783121297_528_pdf.png\" alt=\"image_pdf\" title=\"View PDF\"\/><\/a><a href=\"https:\/\/www.kirche-koeln.de\/tauffest-am-otto-maigler-see-fuer-den-12-september-noch-kurzfristige-anmeldungen-moeglich\/?print=print\" class=\"pdfprnt-button pdfprnt-button-print\" target=\"_blank\" rel=\"nofollow noopener\"><img decoding=\"async\" src=\"https:\/\/www.europesays.com\/de\/wp-content\/uploads\/2026\/07\/1783121298_782_print.png\" alt=\"image_print\" title=\"Print Content\"\/><\/a><\/p>\n<p>Am 12. September wird der Otto-Maigler-See in H\u00fcrth zum Schauplatz eines besonderen Tauffestes. Mehrere evangelische Gemeinden aus K\u00f6ln und dem Rhein-Erft-Kreis laden Kinder, Jugendliche und Erwachsene dazu ein, sich unter freiem Himmel taufen zu lassen. Auch kurzfristige Anmeldungen sind m\u00f6glich. Pfarrer Jan Ehlert aus H\u00fcrth organisiert das Tauffest mit und betont, dass spontane Entscheidungen ausdr\u00fccklich willkommen sind. \u201eDas Anmeldeformular online bleibt offen\u201c, sagt Pfarrer Ehlert. \u201eMan kann sich auch noch spontan entscheiden. Wir machen alles m\u00f6glich und jeder, der getauft werden m\u00f6chte, wird am 12. September getauft.\u201c<\/p>\n<p>Die Taufe findet in einer bewusst offenen und ungezwungenen Atmosph\u00e4re statt, die sich deutlich von einem klassischen Gottesdienst in einer Kirche unterscheidet. Statt Kirchenmauern bilden Strand und See die Kulisse. Nach einem gemeinsamen Gottesdienst taufen elf Pfarrpersonen zeitgleich am und im See. \u201eStatt Kirchenb\u00e4nken gibt es Picknickdecken und statt Orgel gibt es eine gro\u00dfe Blaskapelle, die Musik macht. Dann werden wir dort gemeinsam Gottesdienst feiern und insgesamt elf Pfarrpersonen werden zeitgleich am und im See taufen.\u201c<\/p>\n<p>F\u00fcr viele Menschen aus der Region ist der Otto-Maigler-See ein Ort, mit dem sie pers\u00f6nliche Erinnerungen verbinden. Nach Einsch\u00e4tzung von Jan Ehlert tr\u00e4gt gerade diese vertraute Umgebung dazu bei, dass sich viele Familien f\u00fcr das Tauffest entscheiden. \u201eDieser Otto-Maigler-See ist einfach ein Ort, der f\u00fcr viele Menschen hier Teil ihres Lebens ist\u201c, erz\u00e4hlt der Pfarrer. \u201eUnd da dann das eigene Kind taufen zu lassen, das passt viel besser. Es hat was Unkompliziertes f\u00fcr sie, hierher zu kommen, ihre Decke auf die Wiese zu legen und mit der Familie im Anschluss im Strandbad weiterzufeiern. Das passt einfach f\u00fcr die Menschen.\u201c<\/p>\n<p>Rund 60 Taufen sind f\u00fcr den 12. September bereits angemeldet. Wer noch teilnehmen m\u00f6chte, kann sich unter <a href=\"http:\/\/www.tauffest-oms.de\" rel=\"nofollow noopener\" target=\"_blank\">www.tauffest-oms.de<\/a> informieren und anmelden.<\/p>\n<p><a href=\"https:\/\/www.kirche-koeln.de\/tauffest-am-otto-maigler-see-fuer-den-12-september-noch-kurzfristige-anmeldungen-moeglich\/?print=pdf\" class=\"pdfprnt-button pdfprnt-button-pdf\" target=\"_blank\" rel=\"nofollow noopener\"><img decoding=\"async\" src=\"https:\/\/www.europesays.com\/de\/wp-content\/uploads\/2026\/07\/1783121297_528_pdf.png\" alt=\"image_pdf\" title=\"View PDF\"\/><\/a><a href=\"https:\/\/www.kirche-koeln.de\/tauffest-am-otto-maigler-see-fuer-den-12-september-noch-kurzfristige-anmeldungen-moeglich\/?print=print\" class=\"pdfprnt-button pdfprnt-button-print\" target=\"_blank\" rel=\"nofollow noopener\"><img decoding=\"async\" src=\"https:\/\/www.europesays.com\/de\/wp-content\/uploads\/2026\/07\/1783121298_782_print.png\" alt=\"image_print\" title=\"Print Content\"\/><\/a><\/p>\n<p>Text: APK<br \/>Foto(s): Jan Ehlert<\/p>\n","protected":false},"excerpt":{"rendered":"Am 12. September wird der Otto-Maigler-See in H\u00fcrth zum Schauplatz eines besonderen Tauffestes. Mehrere evangelische Gemeinden aus K\u00f6ln&hellip;\n","protected":false},"author":2,"featured_media":1270897,"comment_status":"","ping_status":"","sticky":false,"template":"","format":"standard","meta":{"footnotes":"","_share_on_mastodon":"0"},"categories":[1828],"tags":[8906,3274,29,43362,553,85613,30,4181,262533,1420,1209,72221,27551,262534,22767,230957,175790],"class_list":["post-1270896","post","type-post","status-publish","format-standard","has-post-thumbnail","category-koeln","tag-evangelische-kirche","tag-kirche","tag-deutschland","tag-evangelischer-kirchenverband-koeln","tag-familie","tag-freiluftgottesdienst","tag-germany","tag-huerth","tag-jan-ehlert","tag-koeln","tag-nordrhein-westfalen","tag-otto-maigler-see","tag-rhein-erft-kreis","tag-strandgottesdienst","tag-taufe","tag-taufe-unter-freiem-himmel","tag-tauffest"],"share_on_mastodon":{"url":"https:\/\/pubeurope.com\/@de\/117187650842687087","error":""},"_links":{"self":[{"href":"https:\/\/www.europesays.com\/de\/wp-json\/wp\/v2\/posts\/1270896","targetHints":{"allow":["GET"]}}],"collection":[{"href":"https:\/\/www.europesays.com\/de\/wp-json\/wp\/v2\/posts"}],"about":[{"href":"https:\/\/www.europesays.com\/de\/wp-json\/wp\/v2\/types\/post"}],"author":[{"embeddable":true,"href":"https:\/\/www.europesays.com\/de\/wp-json\/wp\/v2\/users\/2"}],"replies":[{"embeddable":true,"href":"https:\/\/www.europesays.com\/de\/wp-json\/wp\/v2\/comments?post=1270896"}],"version-history":[{"count":0,"href":"https:\/\/www.europesays.com\/de\/wp-json\/wp\/v2\/posts\/1270896\/revisions"}],"wp:featuredmedia":[{"embeddable":true,"href":"https:\/\/www.europesays.com\/de\/wp-json\/wp\/v2\/media\/1270897"}],"wp:attachment":[{"href":"https:\/\/www.europesays.com\/de\/wp-json\/wp\/v2\/media?parent=1270896"}],"wp:term":[{"taxonomy":"category","embeddable":true,"href":"https:\/\/www.europesays.com\/de\/wp-json\/wp\/v2\/categories?post=1270896"},{"taxonomy":"post_tag","embeddable":true,"href":"https:\/\/www.europesays.com\/de\/wp-json\/wp\/v2\/tags?post=1270896"}],"curies":[{"name":"wp","href":"https:\/\/api.w.org\/{rel}","templated":true}]}}