{"id":1270900,"date":"2026-08-31T02:00:16","date_gmt":"2026-08-31T02:00:16","guid":{"rendered":"https:\/\/www.europesays.com\/de\/1270900\/"},"modified":"2026-08-31T02:00:16","modified_gmt":"2026-08-31T02:00:16","slug":"polizei-bayern-300-polizisten-mehr-die-meisten-kommen-nach-muenchen","status":"publish","type":"post","link":"https:\/\/www.europesays.com\/de\/1270900\/","title":{"rendered":"Polizei Bayern: 300 Polizisten mehr \u2013 die meisten kommen nach M\u00fcnchen"},"content":{"rendered":"<p class=\"mb-6 text-xs-varying md:text-m lg:text-l font-serif group-[.font-sans]:font-sans \">\n    Ab dem 1. September stehen der bayerischen Polizei 612 neue Polizeibeamtinnen und -beamte zur Verf\u00fcgung. Das berichtet das Bayerische Innenministerium in einer Pressemitteilung. Die neuen Polizeikr\u00e4fte kommen in unterschiedlichen Verb\u00e4nden und Abteilungen der Bayerischen Polizei zum Einsatz. Dabei profitiert vor allem ein Pr\u00e4sidium.\n  <\/p>\n<p>            Polizei Bayern: Mehr als 600 neue Beamtinnen und Beamte<\/p>\n<p class=\"mb-6 text-xs-varying md:text-m lg:text-l font-serif group-[.font-sans]:font-sans \">\n    Wie das Innenministerium mitteilte, erh\u00e4lt die Bayerische Polizei ab dem 1. September Unterst\u00fctzung von 612 neuen Beamtinnen und Beamten. Die neuen Kr\u00e4fte haben demnach ihre Ausbildung beziehungsweise ihr Studium bei der Polizei abgeschlossen.\n  <\/p>\n<p class=\"mb-6 text-xs-varying md:text-m lg:text-l font-serif group-[.font-sans]:font-sans \">\n    Laut Angaben des Innenministeriums werden einige Stellen mit dem neuen Personal nachbesetzt. Grund daf\u00fcr seien insbesondere Beamtinnen und Beamte, die sich in den Ruhestand verabschieden. Unter dem Strich w\u00e4chst die Zahl der aktiven Polizeibeamtinnen und -beamten in Bayern dennoch um mehr als 300 Kr\u00e4fte \u2013 ein \u201eNetto-Personalplus\u201c laut dem Innenministerium.\n  <\/p>\n<p>      <a href=\"https:\/\/www.suedkurier.de\/bayern\/nach-drohnenangriff-spionage-bedroht-bayern-laut-innenminister-massiv-114972099\" class=\"hidden  &#010;                md:block md:mr-5 md:min-w-[140px]  aspect-photo md:aspect-tv lg:aspect-tv w-fullXXX relative self-start inline overflow-hidden\" rel=\"nofollow noopener\" target=\"_blank\"><\/p>\n<p>    <img decoding=\"async\" src=\"\" alt=\"Der Amoklauf eines 16-J\u00e4hrigen in Schongau ersch\u00fctterte Bayern. Bei der Vorstellung des Zwischenberichtes des Verfassungsschutzes sprach Innenminister Joachim Herrmann davon, dass sich der Hass im Land immer weiter aufschaukelt.\" title=\"Der Amoklauf eines 16-J\u00e4hrigen in Schongau ersch\u00fctterte Bayern. Bei der Vorstellung des Zwischenberichtes des Verfassungsschutzes sprach Innenminister Joachim Herrmann davon, dass sich der Hass im Land immer weiter aufschaukelt.\" loading=\"lazy\" class=\"h-full w-full object-cover\"\/><br \/>\n   <\/a><\/p>\n<p>            Mehr Polizeibeamte in Bayern: So viele neue Beamte erhalten die Verb\u00e4nde<\/p>\n<p class=\"mb-6 text-xs-varying md:text-m lg:text-l font-serif group-[.font-sans]:font-sans \">\n    Wie das Innenministerium mitteilte, profitiert <a href=\"https:\/\/www.suedkurier.de\/bayern\/so-will-bayern-feindliche-drohnen-bekaempfen-114141677\" target=\"_self\" class=\"underline \" rel=\"nofollow noopener\">das Drohnenkompetenz- und -abwehrzentrum (DKAZ) in Erding<\/a> durch 22 Personalzuteilungen von den neuen Beamtinnen und Beamten.  In der Mitteilung sagte Bayerns Innenminister Joachim Herrmann (CSU): \u201eDadurch st\u00e4rken wir die Handlungsf\u00e4higkeit Bayerns im Kampf gegen die Gefahr durch Drohnenangriffe weiter.\u201c Herrmanns Fokus auf dem DKAZ d\u00fcrfte in Zusammenhang mit dem <a href=\"https:\/\/www.suedkurier.de\/politik\/hybride-angriffe-neue-details-zum-drohnenangriff-die-gefahr-war-groesser-als-gedacht-115078027\" target=\"_self\" class=\"underline \" rel=\"nofollow noopener\">mutma\u00dflichen Anschlagsversuch am Flughafen Leipzig\/Halle mit einer Drohne Anfang August stehen<\/a>. Das DKAZ wurde am 1. April in Betrieb genommen.\n  <\/p>\n<p class=\"mb-6 text-xs-varying md:text-m lg:text-l font-serif group-[.font-sans]:font-sans \">\n    Weitere 45 Kr\u00e4fte des diesj\u00e4hrigen Abschlussjahrgangs w\u00fcrden Teil der Bayerischen Grenzpolizei werden. Neben diesen beiden Stellen werden die neuen Polizistinnen und Polizisten auf die bayerischen Verb\u00e4nde verteilt. Die meisten Beamtinnen und Beamten beginnen ihren Dienst im Polizeipr\u00e4sidium M\u00fcnchen, das Polizeiverwaltungsamt erh\u00e4lt einen neuen Mitarbeiter.\n  <\/p>\n<p>      <a href=\"https:\/\/www.augsburger-allgemeine.de\/augsburg\/polizeihund-ausbildung-augsburg-snorre-diensthundestaffel-welpe-schaeferhund-115035567\" class=\"hidden  &#010;                md:block md:mr-5 md:min-w-[140px]  aspect-photo md:aspect-tv lg:aspect-tv w-fullXXX relative self-start inline overflow-hidden\" rel=\"nofollow noopener\" target=\"_blank\"><\/p>\n<p>    <img decoding=\"async\" src=\"\" alt=\"Marina Deger k\u00fcmmert sich um die Junghundeausbildung bei der Diensthundestaffel des Polizeipr\u00e4sidiums Schwaben Nord. Vor vier Wochen hat sie den kleinen Snorre unter ihre Fittiche genommen.\" title=\"Marina Deger k\u00fcmmert sich um die Junghundeausbildung bei der Diensthundestaffel des Polizeipr\u00e4sidiums Schwaben Nord. Vor vier Wochen hat sie den kleinen Snorre unter ihre Fittiche genommen.\" loading=\"lazy\" class=\"h-full w-full object-cover\"\/><br \/>\n   <\/a><\/p>\n<p class=\"mb-6 text-xs-varying md:text-m lg:text-l font-serif group-[.font-sans]:font-sans \">\n    Insgesamt teilen sich die neuen Beamtinnen und Beamte wie folgt auf die bayerischen Polizeiverb\u00e4nde auf:\n  <\/p>\n<ul rel=\"\" class=\"[&amp;&gt;li]:relative list-none  [&amp;&gt;li]:pl-[1.2em] [&amp;&gt;li]:marker:text-[0] [&amp;&gt;li]:relative [&amp;&gt;li]:before:absolute [&amp;&gt;li]:before:w-3 [&amp;&gt;li]:before:h-3 [&amp;&gt;li]:before:bg-brand [&amp;&gt;li]:before:left-0 [&amp;&gt;li]:before:rounded-full [&amp;&gt;li]:before:top-[8px] md:[&amp;&gt;li]:before:top-[9px] lg:[&amp;&gt;li]:before:top-[11px]  my-5\">\n<li class=\" mb-3 text-xs-varying md:text-m lg:text-l\">Polizeipr\u00e4sidium M\u00fcnchen: 120<\/li>\n<li class=\" mb-3 text-xs-varying md:text-m lg:text-l\">Polizeipr\u00e4sidium Mittelfranken: 82<\/li>\n<li class=\" mb-3 text-xs-varying md:text-m lg:text-l\">Polizeipr\u00e4sidium Oberbayern Nord: 64<\/li>\n<li class=\" mb-3 text-xs-varying md:text-m lg:text-l\">Polizeipr\u00e4sidium  Schwaben Nord: 62<\/li>\n<li class=\" mb-3 text-xs-varying md:text-m lg:text-l\">Polizeipr\u00e4sidium Niederbayern: 48<\/li>\n<li class=\" mb-3 text-xs-varying md:text-m lg:text-l\">Polizeipr\u00e4sidium Oberpfalz: 48<\/li>\n<li class=\" mb-3 text-xs-varying md:text-m lg:text-l\">Bayerische Bereitschaftspolizei: 48<\/li>\n<li class=\" mb-3 text-xs-varying md:text-m lg:text-l\">Polizeipr\u00e4sidium Schwaben S\u00fcd\/West: 39<\/li>\n<li class=\" mb-3 text-xs-varying md:text-m lg:text-l\">Polizeipr\u00e4sidium Oberbayern S\u00fcd: 36<\/li>\n<li class=\" mb-3 text-xs-varying md:text-m lg:text-l\">Polizeipr\u00e4sidium Oberfranken: 22<\/li>\n<li class=\" mb-3 text-xs-varying md:text-m lg:text-l\">Polizeipr\u00e4sidium Unterfranken: 22<\/li>\n<li class=\" mb-3 text-xs-varying md:text-m lg:text-l\">Bayerisches Landeskriminalamt: 18<\/li>\n<li class=\" mb-3 text-xs-varying md:text-m lg:text-l\">Bayerische Landesamt f\u00fcr Verfassungsschutz: 2<\/li>\n<li class=\" mb-3 text-xs-varying md:text-m lg:text-l\">Polizeiverwaltungsamt: 1<\/li>\n<\/ul>\n<p>            Polizei Bayern: Personalh\u00f6chststand 2027 erwartet<\/p>\n<p class=\"mb-6 text-xs-varying md:text-m lg:text-l font-serif group-[.font-sans]:font-sans \">\n    Wie das Bayerische Innenministerium mitteilte, steigt die Zahl der Polizeibeamtinnen und -beamten im Freistaat mit den neuen Kr\u00e4ften auf \u00fcber 45.700 Stellen an. Durch den Doppelhaushalt 2026\/27 soll diese Zahl weiter steigen.\n  <\/p>\n<p class=\"mb-6 text-xs-varying md:text-m lg:text-l font-serif group-[.font-sans]:font-sans \">\n    Laut Angaben des Innenministeriums wird es im kommenden Jahr weitere 200 neue Stellen innerhalb der Bayerischen Polizei geben. Damit w\u00fcrde \u201eeine neue H\u00f6chstmarke im Stellenbestand\u201c erreicht werden, hei\u00dft es aus dem Innenministerium.\n  <\/p>\n","protected":false},"excerpt":{"rendered":"Ab dem 1. September stehen der bayerischen Polizei 612 neue Polizeibeamtinnen und -beamte zur Verf\u00fcgung. Das berichtet das&hellip;\n","protected":false},"author":2,"featured_media":1270901,"comment_status":"","ping_status":"","sticky":false,"template":"","format":"standard","meta":{"footnotes":"","_share_on_mastodon":"0"},"categories":[1827],"tags":[772,774,29,39586,7563,30,7539,51317,1268,121,11413,262535,33477],"class_list":["post-1270900","post","type-post","status-publish","format-standard","has-post-thumbnail","category-muenchen","tag-bayern","tag-csu","tag-deutschland","tag-erding","tag-flughafen-leipzig-halle","tag-germany","tag-innenministerium","tag-joachim-herrmann","tag-muenchen","tag-polizei","tag-polizeipraesidium","tag-polizeiverband","tag-zuwachs"],"share_on_mastodon":{"url":"","error":""},"_links":{"self":[{"href":"https:\/\/www.europesays.com\/de\/wp-json\/wp\/v2\/posts\/1270900","targetHints":{"allow":["GET"]}}],"collection":[{"href":"https:\/\/www.europesays.com\/de\/wp-json\/wp\/v2\/posts"}],"about":[{"href":"https:\/\/www.europesays.com\/de\/wp-json\/wp\/v2\/types\/post"}],"author":[{"embeddable":true,"href":"https:\/\/www.europesays.com\/de\/wp-json\/wp\/v2\/users\/2"}],"replies":[{"embeddable":true,"href":"https:\/\/www.europesays.com\/de\/wp-json\/wp\/v2\/comments?post=1270900"}],"version-history":[{"count":0,"href":"https:\/\/www.europesays.com\/de\/wp-json\/wp\/v2\/posts\/1270900\/revisions"}],"wp:featuredmedia":[{"embeddable":true,"href":"https:\/\/www.europesays.com\/de\/wp-json\/wp\/v2\/media\/1270901"}],"wp:attachment":[{"href":"https:\/\/www.europesays.com\/de\/wp-json\/wp\/v2\/media?parent=1270900"}],"wp:term":[{"taxonomy":"category","embeddable":true,"href":"https:\/\/www.europesays.com\/de\/wp-json\/wp\/v2\/categories?post=1270900"},{"taxonomy":"post_tag","embeddable":true,"href":"https:\/\/www.europesays.com\/de\/wp-json\/wp\/v2\/tags?post=1270900"}],"curies":[{"name":"wp","href":"https:\/\/api.w.org\/{rel}","templated":true}]}}