{"id":1270908,"date":"2026-08-31T02:04:18","date_gmt":"2026-08-31T02:04:18","guid":{"rendered":"https:\/\/www.europesays.com\/de\/1270908\/"},"modified":"2026-08-31T02:04:18","modified_gmt":"2026-08-31T02:04:18","slug":"erstmals-seit-juli-wieder-attacken-us-militaer-greift-medienberichten-zufolge-iranische-raketenwerfer-an","status":"publish","type":"post","link":"https:\/\/www.europesays.com\/de\/1270908\/","title":{"rendered":"Erstmals seit Juli wieder Attacken: US-Milit\u00e4r greift Medienberichten zufolge iranische Raketenwerfer an"},"content":{"rendered":"<p class=\"tspCJpg tspCJph\">Das <strong>US-Milit\u00e4r<\/strong> hat Medienberichten zufolge erstmals seit Ende Juli <strong>wieder Ziele im Iran angegriffen<\/strong>. Es nahm dabei <strong>zwei Raketenwerfer auf der Insel Larak ins Visier<\/strong>, wie das Nachrichtenportal <a href=\"https:\/\/www.axios.com\/2026\/08\/30\/us-iran-strike-hormuz-mines\" target=\"_blank\" rel=\"noopener nofollow\" class=\"link link--external\" data-gtm-class=\"article-text-link\" data-gtm-val=\"external\" aria-describedby=\"message-target-blank\">\u201eAxios\u201c<\/a> sowie die Sender <a href=\"https:\/\/www.foxnews.com\/live-news\/iran-news-trump-war-israel-hormuz-august-30\" target=\"_blank\" rel=\"noopener nofollow\" class=\"link link--external\" data-gtm-class=\"article-text-link\" data-gtm-val=\"external\" aria-describedby=\"message-target-blank\">Fox News<\/a> und <a href=\"https:\/\/www.cbsnews.com\/live-updates\/iran-war-us-trump-strait-of-hormuz-6-months-no-end-in-sight\/\" target=\"_blank\" rel=\"noopener nofollow\" class=\"link link--external\" data-gtm-class=\"article-text-link\" data-gtm-val=\"external\" aria-describedby=\"message-target-blank\">CBS News<\/a> unter Berufung auf einen US-Beamten berichteten. Sie sollten daran gehindert werden, neue Seeminen in der Stra\u00dfe von Hormus zu legen, hie\u00df es.<\/p>\n<p class=\"tspCJpg\">Davor hatte die iranische Nachrichtenagentur Fars unter Berufung auf lokale Anwohner berichtet, dass im Bereich der Insel Larak eine Explosion zu h\u00f6ren gewesen sei.<\/p>\n<p class=\"tspCJpg\">Erst diese Woche hatte US-Pr\u00e4sident Donald Trump dem Iran erneut mit der Zerst\u00f6rung jeglicher Schiffe und Boote gedroht, die in der Stra\u00dfe von Hormus Seeminen verlegen. Er verwies auf eine \u201eNull-Toleranz-Politik\u201c bei der Verminung der Meerenge, nachdem er bereits Mitte April \u00e4hnliche Drohungen ausgesprochen hatte.<\/p>\n<p class=\"tspCJpg\">Trump verwies zudem darauf, dass sein Milit\u00e4r ihn dar\u00fcber informiert habe, dass alle Minen <a href=\"https:\/\/www.tagesspiegel.de\/internationales\/tanker-des-iraks-durfen-passieren-iran-gewahrt-nachbarland-freie-fahrt-durch-strasse-von-hormus-15971189.html?icid=in-text-link_15999183\" class=\"link link--internal\" data-gtm-class=\"article-text-link\" data-gtm-val=\"internal\" rel=\"nofollow noopener\" target=\"_blank\">aus der Stra\u00dfe von Hormus<\/a> entfernt oder gesprengt worden seien. Der US-Pr\u00e4sident hatte bereits Mitte August behauptet, dass in der Meerenge s\u00e4mtliche Sprengk\u00f6rper entfernt oder gesprengt worden seien. Damals kn\u00fcpfte er seine Aussagen daran, dass die Stra\u00dfe von Hormus angeblich vollst\u00e4ndig ge\u00f6ffnet sei. Doch auch fast anderthalb Monate danach liegt der Schiffsverkehr weiter deutlich unter dem Vorkriegsniveau.<\/p>\n<p class=\"tspCJpg\"><strong>Seit Wochen keine Angriffe \u2013 und keine Fortschritte<\/strong><\/p>\n<p class=\"tspCJpg\">Trump hatte die US-Angriffe auf den Iran Ende Juli vorerst ausgesetzt \u2013 mit der Begr\u00fcndung, laufenden Verhandlungen \u00fcber die Stra\u00dfe von Hormus <a href=\"https:\/\/www.tagesspiegel.de\/internationales\/irans-atomanlage-pickaxe-mountain-warum-trump-den-spitzhackenberg-angreifen-lassen-will-15864416.html?icid=in-text-link_15999183\" class=\"link link--internal\" data-gtm-class=\"article-text-link\" data-gtm-val=\"internal\" rel=\"nofollow noopener\" target=\"_blank\">und das iranische Atomprogramm<\/a> eine weitere Chance zu geben. Zwei Tage sp\u00e4ter wurden neue Angriffe des US-Milit\u00e4rs im Iran gemeldet. Anfang August sagte er dann weitere geplante Angriffe auf den Iran ab und begr\u00fcndete seine Entscheidung damit, dass der Iran und andere L\u00e4nder in der Region darum gebeten h\u00e4tten, davon abzusehen, da es nun \u201eUmrisse einer Einigung\u201c gebe.<\/p>\n<p>Lesen Sie auch:<a href=\"https:\/\/www.tagesspiegel.de\/internationales\/iran-will-den-krieg-mit-den-usa-eskalieren-teheran-hofft-auf-trumps-niederlage-bei-den-midterms-15971860.html?icid=topic-list_15999183___\" data-gtm-class=\"article-mzt-link\" data-hydrate-fingerprint=\"09740a54944caac75fd2c0c63fd5c5df\" data-hydrate-props=\"{&amp;escapedquot;element&amp;escapedquot;:{&amp;escapedquot;type&amp;escapedquot;:&amp;escapedquot;relatedContent&amp;escapedquot;,&amp;escapedquot;fieldMap&amp;escapedquot;:{},&amp;escapedquot;relation&amp;escapedquot;:{&amp;escapedquot;fields&amp;escapedquot;:{&amp;escapedquot;isPaid&amp;escapedquot;:true},&amp;escapedquot;href&amp;escapedquot;:&amp;escapedquot;\/internationales\/iran-will-den-krieg-mit-den-usa-eskalieren-teheran-hofft-auf-trumps-niederlage-bei-den-midterms-15971860.html&amp;escapedquot;,&amp;escapedquot;teaserTitle&amp;escapedquot;:{&amp;escapedquot;kicker&amp;escapedquot;:&amp;escapedquot;Iran will den Krieg mit den USA eskalieren&amp;escapedquot;,&amp;escapedquot;headline&amp;escapedquot;:&amp;escapedquot;Teheran hofft auf Trumps Niederlage bei den Midterms&amp;escapedquot;},&amp;escapedquot;id&amp;escapedquot;:&amp;escapedquot;15971860&amp;escapedquot;,&amp;escapedquot;type&amp;escapedquot;:&amp;escapedquot;story&amp;escapedquot;},&amp;escapedquot;isPartOfList&amp;escapedquot;:true,&amp;escapedquot;topicListType&amp;escapedquot;:&amp;escapedquot;topic-list&amp;escapedquot;},&amp;escapedquot;showArrow&amp;escapedquot;:true}\" data-hydrate-slots=\"{&#039;default&#039;:[]}\" class=\"tspCPp3 tspDEsb\" rel=\"nofollow noopener\" target=\"_blank\">Iran will den Krieg mit den USA eskalieren Teheran hofft auf Trumps Niederlage bei den Midterms <\/a><a href=\"https:\/\/www.tagesspiegel.de\/internationales\/trump-droht-mit-wirtschaftskrieg-drei-szenarien-fur-die-zukunft-in-der-strasse-von-hormus-15965719.html?icid=topic-list_15999183___\" data-gtm-class=\"article-mzt-link\" data-hydrate-fingerprint=\"09740a54944caac75fd2c0c63fd5c5df\" data-hydrate-props=\"{&amp;escapedquot;element&amp;escapedquot;:{&amp;escapedquot;type&amp;escapedquot;:&amp;escapedquot;relatedContent&amp;escapedquot;,&amp;escapedquot;fieldMap&amp;escapedquot;:{},&amp;escapedquot;relation&amp;escapedquot;:{&amp;escapedquot;fields&amp;escapedquot;:{&amp;escapedquot;isPaid&amp;escapedquot;:true},&amp;escapedquot;href&amp;escapedquot;:&amp;escapedquot;\/internationales\/trump-droht-mit-wirtschaftskrieg-drei-szenarien-fur-die-zukunft-in-der-strasse-von-hormus-15965719.html&amp;escapedquot;,&amp;escapedquot;teaserTitle&amp;escapedquot;:{&amp;escapedquot;kicker&amp;escapedquot;:&amp;escapedquot;Trump droht mit \u201eWirtschaftskrieg\u201c&amp;escapedquot;,&amp;escapedquot;headline&amp;escapedquot;:&amp;escapedquot;Drei Szenarien f\u00fcr die Zukunft in der Stra\u00dfe von Hormus&amp;escapedquot;},&amp;escapedquot;id&amp;escapedquot;:&amp;escapedquot;15965719&amp;escapedquot;,&amp;escapedquot;type&amp;escapedquot;:&amp;escapedquot;story&amp;escapedquot;},&amp;escapedquot;isPartOfList&amp;escapedquot;:true,&amp;escapedquot;topicListType&amp;escapedquot;:&amp;escapedquot;topic-list&amp;escapedquot;},&amp;escapedquot;showArrow&amp;escapedquot;:true}\" data-hydrate-slots=\"{&#039;default&#039;:[]}\" class=\"tspCPp3 tspDEsb\" rel=\"nofollow noopener\" target=\"_blank\">Trump droht mit \u201eWirtschaftskrieg\u201c Drei Szenarien f\u00fcr die Zukunft in der Stra\u00dfe von Hormus <\/a><a href=\"https:\/\/www.tagesspiegel.de\/internationales\/offenbar-zwei-tonnen-gold-im-flugzeug-nach-teheran-geschmuggelt-kauft-sich-abu-dhabi-von-angriffen-des-iran-frei-15949434.html?icid=topic-list_15999183___\" data-gtm-class=\"article-mzt-link\" data-hydrate-fingerprint=\"09740a54944caac75fd2c0c63fd5c5df\" data-hydrate-props=\"{&amp;escapedquot;element&amp;escapedquot;:{&amp;escapedquot;type&amp;escapedquot;:&amp;escapedquot;relatedContent&amp;escapedquot;,&amp;escapedquot;fieldMap&amp;escapedquot;:{},&amp;escapedquot;relation&amp;escapedquot;:{&amp;escapedquot;fields&amp;escapedquot;:{&amp;escapedquot;isPaid&amp;escapedquot;:true},&amp;escapedquot;href&amp;escapedquot;:&amp;escapedquot;\/internationales\/offenbar-zwei-tonnen-gold-im-flugzeug-nach-teheran-geschmuggelt-kauft-sich-abu-dhabi-von-angriffen-des-iran-frei-15949434.html&amp;escapedquot;,&amp;escapedquot;teaserTitle&amp;escapedquot;:{&amp;escapedquot;kicker&amp;escapedquot;:&amp;escapedquot;Offenbar zwei Tonnen Gold im Flugzeug nach Teheran geschmuggelt&amp;escapedquot;,&amp;escapedquot;headline&amp;escapedquot;:&amp;escapedquot;Kauft sich Abu Dhabi von Angriffen des Iran frei?&amp;escapedquot;},&amp;escapedquot;id&amp;escapedquot;:&amp;escapedquot;15949434&amp;escapedquot;,&amp;escapedquot;type&amp;escapedquot;:&amp;escapedquot;story&amp;escapedquot;},&amp;escapedquot;isPartOfList&amp;escapedquot;:true,&amp;escapedquot;topicListType&amp;escapedquot;:&amp;escapedquot;topic-list&amp;escapedquot;},&amp;escapedquot;showArrow&amp;escapedquot;:true}\" data-hydrate-slots=\"{&#039;default&#039;:[]}\" class=\"tspCPp3 tspDEsb\" rel=\"nofollow noopener\" target=\"_blank\">Offenbar zwei Tonnen Gold im Flugzeug nach Teheran geschmuggelt Kauft sich Abu Dhabi von Angriffen des Iran frei? <\/a><\/p>\n<p class=\"tspCJpg\">Zuletzt war es in Trumps Krieg gegen den Iran ruhig geworden. Sowohl milit\u00e4risch, aber auch auf diplomatischer Ebene waren keine Fortschritte zu verzeichnen. Zwar behauptete der Republikaner seither bei vielen seiner \u00f6ffentlichen Auftritte, dass Teheran bezwungen worden sei und die f\u00fcr den weltweiten \u00d6lhandel wichtige Meerenge ge\u00f6ffnet sei. Dem widerspricht die Tatsache, dass seit Monaten weiterhin kaum Schiffe durch die Stra\u00dfe von Hormus verkehren k\u00f6nnen.<\/p>\n<p class=\"tspCJpg\">Nachdem Trump seit Wochen keine Fortschritte vorweisen konnte, rief er zuletzt einen \u201eWirtschaftskrieg\u201c gegen den Iran aus. Zwar verk\u00fcndete das Finanzministerium vereinzelte Sanktionen gegen bestimmte Personen und Unternehmen, wie sie bereits seit Wochen immer wieder ver\u00f6ffentlicht werden. Konkrete, tiefgreifende Ma\u00dfnahmen, die tats\u00e4chlich nachhaltig die Einnahmequellen Teherans abschneiden w\u00fcrden, fehlen allerdings nach wie vor. (dpa)<\/p>\n","protected":false},"excerpt":{"rendered":"Das US-Milit\u00e4r hat Medienberichten zufolge erstmals seit Ende Juli wieder Ziele im Iran angegriffen. Es nahm dabei zwei&hellip;\n","protected":false},"author":2,"featured_media":1270909,"comment_status":"","ping_status":"","sticky":false,"template":"","format":"standard","meta":{"footnotes":"","_share_on_mastodon":"0"},"categories":[1816],"tags":[1960,1958,1959,1957,1956,1890,29,106,30,345,64],"class_list":["post-1270908","post","type-post","status-publish","format-standard","has-post-thumbnail","category-brandenburg","tag-aktuelle-nachrichten-aus-berlin-und-brandenburg","tag-aktuelle-nachrichten-aus-brandenburg","tag-aktuelle-news-aus-berlin-und-brandenburg","tag-aktuelle-news-aus-brandenburg","tag-berlin-und-brandenburg","tag-brandenburg","tag-deutschland","tag-donald-trump","tag-germany","tag-iran","tag-usa"],"share_on_mastodon":{"url":"https:\/\/pubeurope.com\/@de\/117187671881550569","error":""},"_links":{"self":[{"href":"https:\/\/www.europesays.com\/de\/wp-json\/wp\/v2\/posts\/1270908","targetHints":{"allow":["GET"]}}],"collection":[{"href":"https:\/\/www.europesays.com\/de\/wp-json\/wp\/v2\/posts"}],"about":[{"href":"https:\/\/www.europesays.com\/de\/wp-json\/wp\/v2\/types\/post"}],"author":[{"embeddable":true,"href":"https:\/\/www.europesays.com\/de\/wp-json\/wp\/v2\/users\/2"}],"replies":[{"embeddable":true,"href":"https:\/\/www.europesays.com\/de\/wp-json\/wp\/v2\/comments?post=1270908"}],"version-history":[{"count":0,"href":"https:\/\/www.europesays.com\/de\/wp-json\/wp\/v2\/posts\/1270908\/revisions"}],"wp:featuredmedia":[{"embeddable":true,"href":"https:\/\/www.europesays.com\/de\/wp-json\/wp\/v2\/media\/1270909"}],"wp:attachment":[{"href":"https:\/\/www.europesays.com\/de\/wp-json\/wp\/v2\/media?parent=1270908"}],"wp:term":[{"taxonomy":"category","embeddable":true,"href":"https:\/\/www.europesays.com\/de\/wp-json\/wp\/v2\/categories?post=1270908"},{"taxonomy":"post_tag","embeddable":true,"href":"https:\/\/www.europesays.com\/de\/wp-json\/wp\/v2\/tags?post=1270908"}],"curies":[{"name":"wp","href":"https:\/\/api.w.org\/{rel}","templated":true}]}}