{"id":1270916,"date":"2026-08-31T02:09:52","date_gmt":"2026-08-31T02:09:52","guid":{"rendered":"https:\/\/www.europesays.com\/de\/1270916\/"},"modified":"2026-08-31T02:09:52","modified_gmt":"2026-08-31T02:09:52","slug":"yalla-intifada-gewaltaufruf-bei-veranstaltung-der-linken-neukoelln","status":"publish","type":"post","link":"https:\/\/www.europesays.com\/de\/1270916\/","title":{"rendered":"\u00bbYalla Intifada\u00ab: Gewaltaufruf bei Veranstaltung der Linken Neuk\u00f6lln"},"content":{"rendered":"<p class=\"wp-block-paragraph\">Auf einer Veranstaltung des Linken-Bezirksverbands Neuk\u00f6lln am Samstag hat der Rapper Dahabflex zu Gewalt gegen Israelis aufgerufen. Der Musiker performte seinen Song \u00bbStop the Genocide\u00ab mit den Zeilen \u00bbYalla, yalla Intifada, Westbank, Pal\u00e4stina, Gaza\u00ab und \u00bbDeath to the IDF\u00ab. Der \u00bbTagesspiegel\u00ab berichtete zuerst \u00fcber den Vorfall.<\/p>\n<p class=\"wp-block-paragraph\">Insbesondere in der zweiten sogenannten Intifada von 2000 bis 2005 kamen durch Anschl\u00e4ge pal\u00e4stinensischer Terroristen mehrere Hundert israelische Zivilisten ums Leben. Der Slogan \u00bbDeath to the IDF\u00ab fordert \u00fcbersetzt den Tod der israelischen Armee.<\/p>\n<p class=\"wp-block-paragraph\">Laut Tagesspiegel tanzten zahlreiche und teils vermummte Besucher der Wahlveranstaltung w\u00e4hrend des Songs von Dahabflex, von dem schon zuvor bekannt gewesen ist, dass er sich in seinen Liedern positiv auf die Intifada und die pal\u00e4stinensische Terrororganisation PFLP bezieht. <\/p>\n<p class=\"wp-block-paragraph\">Der Co-Vorsitzende der Linken Neuk\u00f6lln, Hermann Nehls, sagte dem Tagesspiegel am Sonntag, dass der Song nicht mit den Organisatoren der Veranstaltung abgesprochen gewesen sei. Es sei \u00bbv\u00f6llig klar, dass Aufrufe zu Gewalt gegen Personen nicht gehen \u2013 weder in Liedtexten noch in anderer Form\u00ab, so Nehls. Man wolle den Abend \u00bbnun intern aufarbeiten\u00ab.<\/p>\n<p class=\"u-teaser-list__headline\">Lesen Sie auch<\/p>\n<p class=\"wp-block-paragraph\">Die Berliner Linke-Spitzenkandidatin Elif Eralp sagte der Deutschen Presse-Agentur, dass sie den Auftritt aufs Sch\u00e4rfste verurteile. Aufrufe zur Gewalt seien absolut inakzeptabel. \u00bbIch bin entsetzt, die Verantwortlichen h\u00e4tten sofort intervenieren m\u00fcssen.\u00ab Die Vorsitzende des Berliner Landesverbandes der Linkspartei, Kerstin Wolter, fordert laut Tagesspiegel von der Linke Neuk\u00f6lln Aufkl\u00e4rung und \u00bbKonsequenzen\u00ab.<\/p>\n<p class=\"wp-block-paragraph\">Der Berliner Linkspartei und insbesondere dem Neuk\u00f6llner Bezirksverband wird immer wieder ein Problem mit Israelhass und Antisemitismus vorgeworfen. Die Linke f\u00fchrt die Umfragen zur Abgeordnetenhauswahl am 20. September an und Spitzenkandidatin Eralp hat gute Chancen, die n\u00e4chste Regierende B\u00fcrgermeisterin Berlins zu werden. ja<\/p>\n","protected":false},"excerpt":{"rendered":"Auf einer Veranstaltung des Linken-Bezirksverbands Neuk\u00f6lln am Samstag hat der Rapper Dahabflex zu Gewalt gegen Israelis aufgerufen. Der&hellip;\n","protected":false},"author":2,"featured_media":1270917,"comment_status":"","ping_status":"","sticky":false,"template":"","format":"standard","meta":{"footnotes":"","_share_on_mastodon":"0"},"categories":[1825],"tags":[573,296,574,29,30,411,570,576,572,80,14,16,575,571],"class_list":["post-1270916","post","type-post","status-publish","format-standard","has-post-thumbnail","category-berlin","tag-berichte","tag-berlin","tag-blogs","tag-deutschland","tag-germany","tag-israel","tag-juedische-allgemeine","tag-juedisches-leben","tag-kommentare","tag-kultur","tag-nachrichten","tag-politik","tag-religion","tag-wochenzeitung"],"share_on_mastodon":{"url":"https:\/\/pubeurope.com\/@de\/117187695508617962","error":""},"_links":{"self":[{"href":"https:\/\/www.europesays.com\/de\/wp-json\/wp\/v2\/posts\/1270916","targetHints":{"allow":["GET"]}}],"collection":[{"href":"https:\/\/www.europesays.com\/de\/wp-json\/wp\/v2\/posts"}],"about":[{"href":"https:\/\/www.europesays.com\/de\/wp-json\/wp\/v2\/types\/post"}],"author":[{"embeddable":true,"href":"https:\/\/www.europesays.com\/de\/wp-json\/wp\/v2\/users\/2"}],"replies":[{"embeddable":true,"href":"https:\/\/www.europesays.com\/de\/wp-json\/wp\/v2\/comments?post=1270916"}],"version-history":[{"count":0,"href":"https:\/\/www.europesays.com\/de\/wp-json\/wp\/v2\/posts\/1270916\/revisions"}],"wp:featuredmedia":[{"embeddable":true,"href":"https:\/\/www.europesays.com\/de\/wp-json\/wp\/v2\/media\/1270917"}],"wp:attachment":[{"href":"https:\/\/www.europesays.com\/de\/wp-json\/wp\/v2\/media?parent=1270916"}],"wp:term":[{"taxonomy":"category","embeddable":true,"href":"https:\/\/www.europesays.com\/de\/wp-json\/wp\/v2\/categories?post=1270916"},{"taxonomy":"post_tag","embeddable":true,"href":"https:\/\/www.europesays.com\/de\/wp-json\/wp\/v2\/tags?post=1270916"}],"curies":[{"name":"wp","href":"https:\/\/api.w.org\/{rel}","templated":true}]}}