{"id":1270933,"date":"2026-08-31T02:21:20","date_gmt":"2026-08-31T02:21:20","guid":{"rendered":"https:\/\/www.europesays.com\/de\/1270933\/"},"modified":"2026-08-31T02:21:20","modified_gmt":"2026-08-31T02:21:20","slug":"formel-1-kleine-op-bei-ralf-schumacher-nach-jetski-unfall-vielleicht-zu-alt-fuer-den-mist","status":"publish","type":"post","link":"https:\/\/www.europesays.com\/de\/1270933\/","title":{"rendered":"Formel 1 | &#8222;Kleine OP&#8220; bei Ralf Schumacher nach Jetski-Unfall: &#8222;Vielleicht zu alt f\u00fcr den Mist&#8220;"},"content":{"rendered":"\n<p>Der ehemalige Formel-1-Pilot Ralf Schumacher hat sich bei der von TV-Moderator Stefan Raab ins Leben gerufenen &#8222;Jetski Star WM&#8220; verletzt. Am Tag danach gab er ein Gesundheitsupdate.<\/p>\n<p>Ralf Schumacher hat sich bei der &#8222;Jetski Star WM&#8220; die Schulter ausgerenkt. &#8222;Leider ist auch ein St\u00fcck Knochen mit abgebrochen&#8220;, meldete sich der TV-Experte nach seinem Unfall: &#8222;Deshalb\u00a0eine kleine OP, aber das geht schnell vorbei. Dann sollte ich in Monza wieder vor Ort dabei sein. Ich muss mein Mikro nur mit links halten.&#8220;<\/p>\n<p>Der 51-J\u00e4hrige arbeitet f\u00fcr &#8222;Sky&#8220; als Experte\u00a0in der Formel 1. Am kommenden Wochenende steigt der Gro\u00dfe Preis von Italien (4. bis 6. September).<\/p>\n<p>Schumacher war bei der Team-Challenge der &#8222;Jetski Star WM&#8220; gemeinsam mit Gastgeber Stefan Raab im Finale angetreten. Nach einer Rechtskurve st\u00fcrzte das Duo dann aber vom Jetski. Dabei verletzte sich der Ex-Rennfahrer, der trotz des Unfalls &#8222;megaviel Spa\u00df&#8220; hatte.<\/p>\n<p>Schumacher scherzt: &#8222;Vielleicht zu alt f\u00fcr den Mist&#8220;<\/p>\n<p>Er scherzte: &#8222;Wie man sich beim Rausziehen aus dem Wasser und beim Jetskiumdrehen die Schulter auskugeln kann, das muss man erst einmal schaffen. Aber vielleicht bin ich einfach zu alt f\u00fcr den Mist. Da kann der Veranstalter gar nichts daf\u00fcr.&#8220; Gerne sei er auch bei der n\u00e4chsten Ausgabe wieder am Start.<\/p>\n<p>In seiner Video-Botschaft bedankte sich der TV-Experte vor allem auch beim &#8222;gesamten Team vor Ort&#8220; und bei denen, &#8222;die mir die Schulter wieder eingerenkt haben und mich aus dem Wasser gezogen haben. Das ging superschnell &#8211; vielen lieben Dank!&#8220;<\/p>\n<p>Ralf Schumacher fuhr zwischen 1997 und 2007 in der Formel 1, zun\u00e4chst bei Jordan und dann bei Williams und Toyota. In den Jahren 2001 und 2002 wurde er WM-Vierter, insgesamt konnte der Bruder von Rekordweltmeister Michael Schumacher sechs Siege einfahren. Von 2008 bis 2012 ging er zudem in der DTM an den Start. Seit 2019 arbeitet er f\u00fcr &#8222;Sky&#8220; als TV-Experte in der K\u00f6nigsklasse.<\/p>\n","protected":false},"excerpt":{"rendered":"Der ehemalige Formel-1-Pilot Ralf Schumacher hat sich bei der von TV-Moderator Stefan Raab ins Leben gerufenen &#8222;Jetski Star&hellip;\n","protected":false},"author":2,"featured_media":1270934,"comment_status":"","ping_status":"","sticky":false,"template":"","format":"standard","meta":{"footnotes":"","_share_on_mastodon":"0"},"categories":[155],"tags":[29,10817,214,1572,30,1575,89079,863,215],"class_list":["post-1270933","post","type-post","status-publish","format-standard","has-post-thumbnail","category-unterhaltung","tag-deutschland","tag-dtm","tag-entertainment","tag-formel-1","tag-germany","tag-motorsport","tag-ralf-schumacher","tag-sport-allgemein","tag-unterhaltung"],"share_on_mastodon":{"url":"https:\/\/pubeurope.com\/@de\/117187738814460876","error":""},"_links":{"self":[{"href":"https:\/\/www.europesays.com\/de\/wp-json\/wp\/v2\/posts\/1270933","targetHints":{"allow":["GET"]}}],"collection":[{"href":"https:\/\/www.europesays.com\/de\/wp-json\/wp\/v2\/posts"}],"about":[{"href":"https:\/\/www.europesays.com\/de\/wp-json\/wp\/v2\/types\/post"}],"author":[{"embeddable":true,"href":"https:\/\/www.europesays.com\/de\/wp-json\/wp\/v2\/users\/2"}],"replies":[{"embeddable":true,"href":"https:\/\/www.europesays.com\/de\/wp-json\/wp\/v2\/comments?post=1270933"}],"version-history":[{"count":0,"href":"https:\/\/www.europesays.com\/de\/wp-json\/wp\/v2\/posts\/1270933\/revisions"}],"wp:featuredmedia":[{"embeddable":true,"href":"https:\/\/www.europesays.com\/de\/wp-json\/wp\/v2\/media\/1270934"}],"wp:attachment":[{"href":"https:\/\/www.europesays.com\/de\/wp-json\/wp\/v2\/media?parent=1270933"}],"wp:term":[{"taxonomy":"category","embeddable":true,"href":"https:\/\/www.europesays.com\/de\/wp-json\/wp\/v2\/categories?post=1270933"},{"taxonomy":"post_tag","embeddable":true,"href":"https:\/\/www.europesays.com\/de\/wp-json\/wp\/v2\/tags?post=1270933"}],"curies":[{"name":"wp","href":"https:\/\/api.w.org\/{rel}","templated":true}]}}