{"id":1270939,"date":"2026-08-31T02:24:29","date_gmt":"2026-08-31T02:24:29","guid":{"rendered":"https:\/\/www.europesays.com\/de\/1270939\/"},"modified":"2026-08-31T02:24:29","modified_gmt":"2026-08-31T02:24:29","slug":"usa-greifen-offenbar-iranische-raketenwerfer-an","status":"publish","type":"post","link":"https:\/\/www.europesays.com\/de\/1270939\/","title":{"rendered":"USA greifen offenbar iranische Raketenwerfer an"},"content":{"rendered":"<p>            <img loading=\"lazy\" decoding=\"async\" class=\"ts-image\" src=\"https:\/\/www.europesays.com\/de\/wp-content\/uploads\/2026\/07\/karte-jordanien-irak-iran-teheran-strasse-von-hormus-kuwait-bahrain-100.jpg\" alt=\"Karte Jordanien, Irak, Iran mit Teheran, Kuwait, Bahrain, Stra\u00dfe von Hormus\" title=\"Karte Jordanien, Irak, Iran mit Teheran, Kuwait, Bahrain, Stra\u00dfe von Hormus | ARD-Aktuell\"\/><\/p>\n<p class=\"metatextline\">Stand: 31.08.2026 \u2022 01:35 Uhr<\/p>\n<p class=\"article-head__shorttext\">\n        <strong>Nachdem sich die USA zuletzt zur\u00fcckhaltend in Bezug auf Iran gezeigt hatten, haben sie nun offenbar erneut angegriffen. Ziel waren iranische Raketenwerfer auf der Insel Larak. Iran griff unmittelbar danach zwei US-St\u00fctzpunkte in Jordanien an.<\/strong>\n    <\/p>\n<p class=\"textabsatz m-ten m-offset-one l-eight l-offset-two columns twelve\">Die USA haben Medienberichten zufolge erstmals seit Ende Juli wieder Iran angegriffen. Ziel seien zwei iranische Raketenwerfer gewesen, berichteten das Nachrichtenportal Axios sowie US-Medien. Staatliche Nachrichtenagenturen in Iran berichteten von Explosionen in der N\u00e4he der Insel Larak.<\/p>\n<p class=\"textabsatz m-ten m-offset-one l-eight l-offset-two columns twelve\">Nach Angaben der Islamischen Revolutionsgarde starben bei dem US-Angriff mehrere iranische K\u00e4mpfer und Zivilisten, wie der staatliche Sender IRIB berichtete. Iran drohte mit Vergeltung. Die Verantwortlichen f\u00fcr diesen Angriff w\u00fcrden bestraft, hie\u00df es weiter.<\/p>\n<p>    USA wollen Iran unter Druck setzen<\/p>\n<p class=\"textabsatz m-ten m-offset-one l-eight l-offset-two columns twelve\">Der Iran-Krieg dauert bereits mehr als sechs Monate an. Die letzten bekannten US-Angriffe auf den Iran fanden Ende Juli statt. US-Pr\u00e4sident Donald Trump hatte verk\u00fcndet, Teheran mit <a href=\"https:\/\/www.tagesschau.de\/ausland\/amerika\/trump-iran-222.html\" title=\"&quot;Beispielloser Wirtschaftskrieg&quot; - was steckt hinter Trumps Drohung?\" rel=\"nofollow noopener\" target=\"_blank\">wirtschaftlichen Mitteln<\/a> unter Druck setzen zu wollen.<\/p>\n<p class=\"textabsatz m-ten m-offset-one l-eight l-offset-two columns twelve\">Der Schiffsverkehr durch die Stra\u00dfe von Hormus ist <a href=\"https:\/\/www.tagesschau.de\/ausland\/asien\/iran-krieg-strasse-hormus-100.html\" title=\"Iran-Krieg: Rund 400 Schiffe stecken weiter im Persischen Golf fest\" rel=\"nofollow noopener\" target=\"_blank\">weiterhin stark eingeschr\u00e4nkt<\/a>. Die Islamische Revolutionsgarde beharrte ebenso wie die US-Regierung darauf, die volle Kontrolle \u00fcber die Meerenge zu haben.<\/p>\n<p>    Iran reagiert mit Gegenschlag<\/p>\n<p class=\"textabsatz m-ten m-offset-one l-eight l-offset-two columns twelve\">Die iranischen Revolutionsgarden griffen danach nach eigenen Angaben zwei US-St\u00fctzpunkte in Jordanien mit ballistischen Raketen an. Dies sei die Vergeltung f\u00fcr einen US-Angriff auf die iranische Insel Larak, berichteten iranische Medien am fr\u00fchen Montagmorgen. Ziel des Beschusses seien die Milit\u00e4rbasen King Hussein und Al Azraq gewesen.<\/p>\n<p class=\"textabsatz m-ten m-offset-one l-eight l-offset-two columns twelve\">Dem US-Sender Fox News zufolge blieben die Angriffe zun\u00e4chst ohne gr\u00f6\u00dfere Auswirkungen. Fast alle anfliegenden Raketen seien abgefangen worden, berichtete der Sender unter Berufung auf US-Kreise.<\/p>\n","protected":false},"excerpt":{"rendered":"Stand: 31.08.2026 \u2022 01:35 Uhr Nachdem sich die USA zuletzt zur\u00fcckhaltend in Bezug auf Iran gezeigt hatten, haben&hellip;\n","protected":false},"author":2,"featured_media":1177199,"comment_status":"","ping_status":"","sticky":false,"template":"","format":"standard","meta":{"footnotes":"","_share_on_mastodon":"0"},"categories":[3],"tags":[13,345,14,15,12,10,8,9,11,64,103,104],"class_list":["post-1270939","post","type-post","status-publish","format-standard","has-post-thumbnail","category-welt","tag-headlines","tag-iran","tag-nachrichten","tag-news","tag-schlagzeilen","tag-top-news","tag-top-meldungen","tag-topmeldungen","tag-topnews","tag-usa","tag-welt","tag-world"],"share_on_mastodon":{"url":"https:\/\/pubeurope.com\/@de\/117187750565205658","error":""},"_links":{"self":[{"href":"https:\/\/www.europesays.com\/de\/wp-json\/wp\/v2\/posts\/1270939","targetHints":{"allow":["GET"]}}],"collection":[{"href":"https:\/\/www.europesays.com\/de\/wp-json\/wp\/v2\/posts"}],"about":[{"href":"https:\/\/www.europesays.com\/de\/wp-json\/wp\/v2\/types\/post"}],"author":[{"embeddable":true,"href":"https:\/\/www.europesays.com\/de\/wp-json\/wp\/v2\/users\/2"}],"replies":[{"embeddable":true,"href":"https:\/\/www.europesays.com\/de\/wp-json\/wp\/v2\/comments?post=1270939"}],"version-history":[{"count":0,"href":"https:\/\/www.europesays.com\/de\/wp-json\/wp\/v2\/posts\/1270939\/revisions"}],"wp:featuredmedia":[{"embeddable":true,"href":"https:\/\/www.europesays.com\/de\/wp-json\/wp\/v2\/media\/1177199"}],"wp:attachment":[{"href":"https:\/\/www.europesays.com\/de\/wp-json\/wp\/v2\/media?parent=1270939"}],"wp:term":[{"taxonomy":"category","embeddable":true,"href":"https:\/\/www.europesays.com\/de\/wp-json\/wp\/v2\/categories?post=1270939"},{"taxonomy":"post_tag","embeddable":true,"href":"https:\/\/www.europesays.com\/de\/wp-json\/wp\/v2\/tags?post=1270939"}],"curies":[{"name":"wp","href":"https:\/\/api.w.org\/{rel}","templated":true}]}}