{"id":1270948,"date":"2026-08-31T02:34:19","date_gmt":"2026-08-31T02:34:19","guid":{"rendered":"https:\/\/www.europesays.com\/de\/1270948\/"},"modified":"2026-08-31T02:34:19","modified_gmt":"2026-08-31T02:34:19","slug":"carl-zeiss-jena-wut-auf-schiri-nach-nachspielzeit-wahnsinn-in-chemnitz-sport","status":"publish","type":"post","link":"https:\/\/www.europesays.com\/de\/1270948\/","title":{"rendered":"Carl Zeiss Jena: Wut auf Schiri nach Nachspielzeit-Wahnsinn in Chemnitz | Sport"},"content":{"rendered":"<p><a class=\"skip-content skip-content--link\" href=\"#in-content-skip-link-target-v-0-0\">TTS-Player \u00fcberspringen\u21b5<\/a><a id=\"in-content-skip-link-target-v-0-0\" class=\"skip-content--target-link-hidden skip-content skip-content--target-link\" href=\"#in-content-skip-link-target-v-0-0\">Artikel weiterlesen<\/a><\/p>\n<p><b>Carl Zeiss Jena war ganz nah dran am Sieg beim <\/b><a href=\"https:\/\/www.bild.de\/sport\/fussball\/chemnitzer-fc\/home-80643526.bild.html\" class=\"text-link\" rel=\"nofollow noopener\" target=\"_blank\"><b>Chemnitzer FC<\/b><\/a><b>. Am Freitagabend reichte es dennoch nur zu einem 1:1-Unentschieden, weil David Vogt in der siebten Minute der Nachspielzeit noch f\u00fcr die Gastgeber traf. \u201eWeil der Schiedsrichter Ideen hatte. Ich will ihm nichts vorwerfen, wahrscheinlich kann er es nicht besser\u201c, sagte Jena-Kapit\u00e4n Nils Butzen hinterher. Die Th\u00fcringer waren da n\u00e4mlich schon in doppelter Unterzahl\u00a0\u2013 und am Ende sah auch Trainer Marco Grote noch die Rote Karte, weil er seinen Frust an Schiedsrichter Florian Lukawski auslie\u00df.<\/b><\/p>\n<p>Grote bereut seinen Wutlauf<\/p>\n<p>Es waren die elf Minuten Nachspielzeit, an denen sich die Jenaer st\u00f6rten. F\u00fcnf Minuten war die Partie im zweiten Abschnitt unterbrochen, weil die CFC-Fans z\u00fcndelten und das Stadion in einen Nebel h\u00fcllten. \u201eAber elf Minuten?\u201c, fragte Grote. Genau damit wollte der Lukawski konfrontieren, Grote geriet dann aber au\u00dfer Kontrolle. \u201eDas darf mir nicht passieren\u201c, sagte er hinterher. Nun aber wird er am Mittwoch (19 Uhr) beim Nachholer gegen die VSG Altglienicke gesperrt sein. Dann kann er auf der Trib\u00fcne neben den Gelb-Rot-S\u00fcndern Manass\u00e9 Eshele und S\u00f6ren Reddemann sitzen.<\/p>\n<p>Mehr zum Thema<\/p>\n<p>Ausgerechnet im n\u00e4chsten Topspiel werden zwei Leistungstr\u00e4ger und der Trainer fehlen. Mut d\u00fcrfte aber ausgerechnet der Auftritt von Chemnitz machen. Denn <a href=\"https:\/\/www.bild.de\/sport\/fussball\/fc-carl-zeiss-jena\/startseite-jena-57214324.bild.html\" class=\"text-link\" rel=\"nofollow noopener\" target=\"_blank\">Carl Zeiss<\/a> bewies dort das erste Mal in der Saison, dass man das Zeug zu einem Spitzenteam hat. Die Jenaer verteidigten klug gegen den Mitfavoriten, hatten die unbesiegten Sachsen kurz vor der ersten Niederlage. Auff\u00e4llig war, dass die Jenaer nach den beiden Ampelkarten nicht etwa in ihre Einzelteile zerfielen, sondern noch enger zusammenr\u00fcckten. F\u00fcr die Moral und auch f\u00fcr die kommenden Wochen war diese Partie nach dem durchwachsenen Saisonstart mit zwei Pleiten in f\u00fcnf Spielen ganz sicher Gold wert.<\/p>\n<p>Ren\u00e9 Lange als Ersatzcoach<\/p>\n<p>Gegen Altglienicke am Mittwoch wird Co-Trainer Ren\u00e9 Lange das Team betreuen\u00a0\u2013 und auf dem Rasen eine ver\u00e4nderte Zeiss-Elf coachen. Der Kader ist allerdings derart breit aufgestellt, dass die Th\u00fcringer auch gegen die VSG nicht chancenlos sein wird\u00a0\u2013 und sich mit ganz viel Wut im Bauch die verlorenen Punkte von Chemnitz zur\u00fcckholen will.<\/p>\n","protected":false},"excerpt":{"rendered":"TTS-Player \u00fcberspringen\u21b5Artikel weiterlesen Carl Zeiss Jena war ganz nah dran am Sieg beim Chemnitzer FC. Am Freitagabend reichte&hellip;\n","protected":false},"author":2,"featured_media":1270949,"comment_status":"","ping_status":"","sticky":false,"template":"","format":"standard","meta":{"footnotes":"","_share_on_mastodon":"0"},"categories":[1851],"tags":[2770,6178,3364,29,89916,548,663,3934,12438,347,30,13,14,15,23524,3458,859,12,3460,861,23520,23521,23522,23523],"class_list":["post-1270948","post","type-post","status-publish","format-standard","has-post-thumbnail","category-chemnitz","tag-chemnitz","tag-chemnitzer-fc","tag-de","tag-deutschland","tag-ernst-abbe-sportfeld","tag-eu","tag-europa","tag-europe","tag-fc-carl-zeiss-jena","tag-fussball","tag-germany","tag-headlines","tag-nachrichten","tag-news","tag-regio-sport-erfurt","tag-regionalliga-nordost","tag-sachsen","tag-schlagzeilen","tag-sport-leuchtturm-leipzig","tag-thueringen","tag-thueringen-regional","tag-thueringen-regional-leute","tag-thueringen-regional-news","tag-thueringen-regional-sport"],"share_on_mastodon":{"url":"","error":""},"_links":{"self":[{"href":"https:\/\/www.europesays.com\/de\/wp-json\/wp\/v2\/posts\/1270948","targetHints":{"allow":["GET"]}}],"collection":[{"href":"https:\/\/www.europesays.com\/de\/wp-json\/wp\/v2\/posts"}],"about":[{"href":"https:\/\/www.europesays.com\/de\/wp-json\/wp\/v2\/types\/post"}],"author":[{"embeddable":true,"href":"https:\/\/www.europesays.com\/de\/wp-json\/wp\/v2\/users\/2"}],"replies":[{"embeddable":true,"href":"https:\/\/www.europesays.com\/de\/wp-json\/wp\/v2\/comments?post=1270948"}],"version-history":[{"count":0,"href":"https:\/\/www.europesays.com\/de\/wp-json\/wp\/v2\/posts\/1270948\/revisions"}],"wp:featuredmedia":[{"embeddable":true,"href":"https:\/\/www.europesays.com\/de\/wp-json\/wp\/v2\/media\/1270949"}],"wp:attachment":[{"href":"https:\/\/www.europesays.com\/de\/wp-json\/wp\/v2\/media?parent=1270948"}],"wp:term":[{"taxonomy":"category","embeddable":true,"href":"https:\/\/www.europesays.com\/de\/wp-json\/wp\/v2\/categories?post=1270948"},{"taxonomy":"post_tag","embeddable":true,"href":"https:\/\/www.europesays.com\/de\/wp-json\/wp\/v2\/tags?post=1270948"}],"curies":[{"name":"wp","href":"https:\/\/api.w.org\/{rel}","templated":true}]}}