{"id":1270959,"date":"2026-08-31T02:40:36","date_gmt":"2026-08-31T02:40:36","guid":{"rendered":"https:\/\/www.europesays.com\/de\/1270959\/"},"modified":"2026-08-31T02:40:36","modified_gmt":"2026-08-31T02:40:36","slug":"der-waldhof-verliert-trotz-20-fuehrung-am-samstag-kommt-der-sc-verl","status":"publish","type":"post","link":"https:\/\/www.europesays.com\/de\/1270959\/","title":{"rendered":"Der Waldhof verliert trotz 2:0\u2011F\u00fchrung! \u2013 Am Samstag kommt der SC Verl"},"content":{"rendered":"<p>Von Andreas Martin<\/p>\n<p><b>Fu\u00dfball.<\/b> Nach dem mit 0:1 verlorenen DFB-Pokalspiel gegen den 1. FC Kaiserslautern, dessen unr\u00fchmliche Begleitumst\u00e4nde sich noch in der Aufarbeitung befinden, stand am Sonntag f\u00fcr den SV Waldhof Mannheim wieder der Spielbetrieb in der Dritten Liga im Vordergrund. Trotz einer 2:0-F\u00fchrung quittierte das Team von SVW-Trainer Rui Mota beim TSV Havelse eine 2:3 (2:1)-Niederlage und verpasste es, Z\u00e4hlbares mit zur\u00fcck in die Kurpfalz zu nehmen. Die Gastgeber vom TSV Havelse, die ihren Verbleib in der Dritten Liga dem Lizenzentzug f\u00fcr den TSV 1860 M\u00fcnchen verdanken, mussten ihr Heimspiel dabei in der gro\u00dfen Fu\u00dfballarena in Hannover austragen, wo ansonsten der Zweitligist Hannover 96 seine Heimspiele bestreitet. Normalerweise spielt der in Garbsen beheimatete TSV Havelse im Eilenriedstadion in Hannover, doch das ist aktuell nicht f\u00fcr die Dritte Liga zugelassen. 1018 Zuschauer hatten den Weg ins gro\u00dfe Fu\u00dfballstadion in Hannover gefunden, von denen rund die H\u00e4lfte der SV Waldhof Mannheim stellte. Nachdem Goncalo Gregorio in der 10. Minute noch das Tor von TSV-Torh\u00fcter Omer Hanin, der fr\u00fcher selbst das SVW-Trikot getragen hat, verfehlt hatte, lie\u00df er die mitgereisten Waldhof-Fans wenig sp\u00e4ter jubeln. So spielte Vincent Thill zun\u00e4chst auf Lovis Bierschenk und dessen Zuspiel nutzte Gregorio zum 1:0 (21.). Den Gegentreffer durch den Portugiesen hatten die Niedersachsen offenbar noch nicht so richtig verdaut. Die Blau-Schwarzen f\u00fchrten wenig sp\u00e4ter eine Ecke kurz aus. Thill spielte auf Kushtrim Asallari, der zur\u00fcck auf Thill spielte, und dieser schlenzte den Ball \u00fcber Hanin hinweg zum Mannheimer 2:0 (23.) ins Tor. Auf diesen Treffer zeigten die Gastgeber eine starke Reaktion, als Jesse Tugbenyo mit einem Pass die Mannheimer Hintermannschaft aushebelte und der schnelle Alexander Guiddir Thijmen Nijhuis im SVW-Tor zum 2:1 (25.) \u00fcberwand.<\/p>\n<p>Nijhuis pariert gleich zwei Elfmeter<\/p>\n<p>Guiddir blieb f\u00fcr die Waldhof-Abwehr ein Unruhefaktor, aber in der 43. Minute hatte SVW-Kapit\u00e4n Lukas Kl\u00fcnter klar den Ball gespielt, als Guiddir im Strafraum zu Fall kam. Zum \u00c4rger der Blau-Schwarzen zeigte Schiedsrichter Koji Takasaki (Japan) aber auf den Elfmeterpunkt. Johann Berger lief an und Nijhuis parierte diesen Strafsto\u00df (45.)! So nahmen die Buwe die 2:1-F\u00fchrung mit in die Halbzeitpause. In der zweiten Halbzeit war erneut Guiddir durchgebrochen, der diesmal von Nijhuis von den Beinen geholt wurde. Wieder zeigte Takasaki auf den Punkt, diesmal allerdings zurecht (56.). Kwasi Okyere Wriedt lief an, Nijhuis parierte auch diesen Foulelfmeter zun\u00e4chst, aber Wriedt kam zum Nachschuss und es hie\u00df 2:2 (57.). Dass der Waldhof am Ende mit leeren H\u00e4nden dastand, lag an einer Flanke von Berger, die den Kopf von Leon Sommer-Deiss fand, der zum 3:2 (84.) f\u00fcr Havelse eink\u00f6pfte. Die Chance, es besser zu machen, hat das Mota-Team am kommenden Samstag (14 Uhr), wenn das noch punktlose Ligaschlusslicht SC Verl im Carl-Benz-Stadion zu Gast ist. Der WDR bietet zur Partie zwischen dem Waldhof und Verl auf wdr.de unter der Kategorie \u201eSport\u201c einen kostenfreien Audiolivestream an, in dem das komplette Spiel zu h\u00f6ren ist. <b>va<\/b><\/p>\n<p>RatgeberAnzeige<\/p>\n<p>                                    <a href=\"https:\/\/www.wochenblatt-reporter.de\/mannheim\/c-ratgeber\/kieser-in-mannheim-fuer-starke-muskeln-und-ihre-gesundheit_a854308?ref=curate\" class=\"stop-click-event-propagation\" rel=\"nofollow noopener\" target=\"_blank\"><\/p>\n<p>                                                                            <img class=\"imagecontainer\" decoding=\"auto\" data-aspect-ratio=\"0.563157895\" src=\"https:\/\/www.europesays.com\/de\/wp-content\/uploads\/2026\/08\/1796161_L.webp\"\/><\/p>\n<p>                                    <\/a><\/p>\n<p>                <a href=\"https:\/\/www.wochenblatt-reporter.de\/mannheim\/c-ratgeber\/kieser-in-mannheim-fuer-starke-muskeln-und-ihre-gesundheit_a854308?ref=curate\" class=\"stop-click-event-propagation\" rel=\"nofollow noopener\" target=\"_blank\"><br \/>\n                                        Kieser in Mannheim &#8211; f\u00fcr starke Muskeln und Ihre Gesundheit<br \/>\n                <\/a><\/p>\n<p class=\"line-clamp\" style=\"--line-clamp: 4\">\n                        Kieser Mannheim bedeutet mehr als Fitness: Mit Kieser st\u00e4rken Sie gezielt Ihre Muskeln und f\u00f6rdern Ihre Gesundheit, Beweglichkeit und Leistungsf\u00e4higkeit. Sie begleiten uns jeden Tag durchs Leben und sind weit mehr als nur f\u00fcr Bewegung zust\u00e4ndig: Unsere Muskeln beeinflussen Gesundheit, Haltung, Belastbarkeit und Wohlbefinden. Wer seine Muskulatur gezielt st\u00e4rkt, schafft eine wichtige Grundlage f\u00fcr mehr Leistungsf\u00e4higkeit und einen aktiven Alltag. Unsere Muskeln bewegen uns und tragen uns durch&#8230;\n                    <\/p>\n<p>            <a href=\"https:\/\/www.wochenblatt-reporter.de\/ludwigshafen\/profile-52239\/pr-content?type=article\" onclick=\"return false;\" rel=\"nofollow noopener\" target=\"_blank\"><\/p>\n<p>                                                                            <img class=\"imagecontainer\" decoding=\"auto\" data-aspect-ratio=\"0.763684913\" src=\"https:\/\/media04.wochenblatt-reporter.de\/user\/2025\/02\/06\/0\/23210_L.jpg?1738847037\" style=\"object-position: 50% 50%;\" data-object-position=\"50% 50%\" bad-src=\"data:image\/gif;base64,R0lGODlhAQABAIAAAAAAAP\/\/\/yH5BAEAAAAALAAAAAABAAEAAAIBRAA7\"\/><\/p>\n<p>                            <\/a><\/p>\n<p>RatgeberAnzeige<\/p>\n<p>                                    <a href=\"https:\/\/www.wochenblatt-reporter.de\/mannheim\/c-ratgeber\/kieser-in-mannheim-fuer-starke-muskeln-und-ihre-gesundheit_a854308?ref=curate\" class=\"stop-click-event-propagation\" rel=\"nofollow noopener\" target=\"_blank\"><\/p>\n<p>                                                                            <img class=\"imagecontainer\" decoding=\"auto\" data-aspect-ratio=\"0.563157895\" src=\"https:\/\/www.europesays.com\/de\/wp-content\/uploads\/2026\/08\/1796161_L.webp\"\/><\/p>\n<p>                                    <\/a><\/p>\n<p>                <a href=\"https:\/\/www.wochenblatt-reporter.de\/mannheim\/c-ratgeber\/kieser-in-mannheim-fuer-starke-muskeln-und-ihre-gesundheit_a854308?ref=curate\" class=\"stop-click-event-propagation\" rel=\"nofollow noopener\" target=\"_blank\"><br \/>\n                                        Kieser in Mannheim &#8211; f\u00fcr starke Muskeln und Ihre Gesundheit<br \/>\n                <\/a><\/p>\n<p class=\"line-clamp\" style=\"--line-clamp: 4\">\n                        Kieser Mannheim bedeutet mehr als Fitness: Mit Kieser st\u00e4rken Sie gezielt Ihre Muskeln und f\u00f6rdern Ihre Gesundheit, Beweglichkeit und Leistungsf\u00e4higkeit. Sie begleiten uns jeden Tag durchs Leben und sind weit mehr als nur f\u00fcr Bewegung zust\u00e4ndig: Unsere Muskeln beeinflussen Gesundheit, Haltung, Belastbarkeit und Wohlbefinden. Wer seine Muskulatur gezielt st\u00e4rkt, schafft eine wichtige Grundlage f\u00fcr mehr Leistungsf\u00e4higkeit und einen aktiven Alltag. Unsere Muskeln bewegen uns und tragen uns durch&#8230;\n                    <\/p>\n<p>            <a href=\"https:\/\/www.wochenblatt-reporter.de\/ludwigshafen\/profile-52239\/pr-content?type=article\" onclick=\"return false;\" rel=\"nofollow noopener\" target=\"_blank\"><\/p>\n<p>                                                                            <img class=\"imagecontainer\" decoding=\"auto\" data-aspect-ratio=\"0.763684913\" src=\"https:\/\/media04.wochenblatt-reporter.de\/user\/2025\/02\/06\/0\/23210_L.jpg?1738847037\" style=\"object-position: 50% 50%;\" data-object-position=\"50% 50%\" bad-src=\"data:image\/gif;base64,R0lGODlhAQABAIAAAAAAAP\/\/\/yH5BAEAAAAALAAAAAABAAEAAAIBRAA7\"\/><\/p>\n<p>                            <\/a><\/p>\n<p>Wirtschaft &amp; HandelAnzeige<\/p>\n<p>                                    <a href=\"https:\/\/www.wochenblatt-reporter.de\/ludwigshafen\/c-wirtschaft-handel\/metzger-ludwigshafen-kundk-fleischhandel-steht-fuer-30-jahre-qualitaet-und-tradition_a770866?ref=curate\" class=\"stop-click-event-propagation\" rel=\"nofollow noopener\" target=\"_blank\"><\/p>\n<p>                                                                            <img class=\"imagecontainer\" decoding=\"auto\" data-aspect-ratio=\"0.563085938\" src=\"https:\/\/www.europesays.com\/de\/wp-content\/uploads\/2026\/07\/1656151_L.webp\"\/><\/p>\n<p>                                    <\/a><\/p>\n<p>                                2 Bilder<\/p>\n<p>                <a href=\"https:\/\/www.wochenblatt-reporter.de\/ludwigshafen\/c-wirtschaft-handel\/metzger-ludwigshafen-kundk-fleischhandel-steht-fuer-30-jahre-qualitaet-und-tradition_a770866?ref=curate\" class=\"stop-click-event-propagation\" rel=\"nofollow noopener\" target=\"_blank\"><br \/>\n                                        Metzger Ludwigshafen: K&amp;K Fleischhandel steht f\u00fcr 30 Jahre Qualit\u00e4t und Tradition<br \/>\n                <\/a><\/p>\n<p class=\"line-clamp\" style=\"--line-clamp: 4\">\n                        Metzger Ludwigshafen: Die Metzgerei K&amp;K Fleischhandel steht seit 30 Jahren f\u00fcr Qualit\u00e4t, frische Wurst, hochwertiges Fleisch und pers\u00f6nlichen Service. Die K&amp;K Fleischhandel GmbH in Ludwigshafen feiert im Jahr 2026 ihr 30-j\u00e4hriges Bestehen. Das Unternehmen steht seit drei Jahrzehnten f\u00fcr Qualit\u00e4t, Verl\u00e4sslichkeit und pers\u00f6nlichen Service im Bereich Fleischhandel, Wurstwaren und Feinkost. Gegr\u00fcndet wurde K&amp;K von Frank K\u00fchner und Heiko Klawonn. Was einst in Ludwigshafen-Friesenheim begann,&#8230;\n                    <\/p>\n<p>            <a href=\"https:\/\/www.wochenblatt-reporter.de\/ludwigshafen\/profile-52239\/pr-content?type=article\" onclick=\"return false;\" rel=\"nofollow noopener\" target=\"_blank\"><\/p>\n<p>                                                                            <img class=\"imagecontainer\" decoding=\"auto\" data-aspect-ratio=\"0.763684913\" src=\"https:\/\/media04.wochenblatt-reporter.de\/user\/2025\/02\/06\/0\/23210_L.jpg?1738847037\" style=\"object-position: 50% 50%;\" data-object-position=\"50% 50%\" bad-src=\"data:image\/gif;base64,R0lGODlhAQABAIAAAAAAAP\/\/\/yH5BAEAAAAALAAAAAABAAEAAAIBRAA7\"\/><\/p>\n<p>                            <\/a><\/p>\n<p>Wirtschaft &amp; HandelAnzeige<\/p>\n<p>                                    <a href=\"https:\/\/www.wochenblatt-reporter.de\/rockenhausen\/c-wirtschaft-handel\/pflegefachkraft-rockenhausen-zoar-bietet-perspektiven_a759694?ref=curate\" class=\"stop-click-event-propagation\" rel=\"nofollow noopener\" target=\"_blank\"><\/p>\n<p>                                                                            <img class=\"imagecontainer\" decoding=\"auto\" data-aspect-ratio=\"0.666666667\" src=\"https:\/\/www.europesays.com\/de\/wp-content\/uploads\/2026\/08\/1799050_L.webp\"\/><\/p>\n<p>                                    <\/a><\/p>\n<p>                                2 Bilder<\/p>\n<p>                <a href=\"https:\/\/www.wochenblatt-reporter.de\/rockenhausen\/c-wirtschaft-handel\/pflegefachkraft-rockenhausen-zoar-bietet-perspektiven_a759694?ref=curate\" class=\"stop-click-event-propagation\" rel=\"nofollow noopener\" target=\"_blank\"><br \/>\n                                        Pflegefachkraft Rockenhausen: Zoar bietet Perspektiven<br \/>\n                <\/a><\/p>\n<p class=\"line-clamp\" style=\"--line-clamp: 4\">\n                        Pflegefachkraft Rockenhausen. Das Evangelische Diakoniewerk Zoar \u00fcberzeugt als Arbeitgeber mit gewachsenem Profil und klarer sozialer Haltung.\u00a0 Rockenhausen. Das Evangelische Diakoniewerk Zoar ist mit 16 Standorten in der Pfalz und in Rheinhessen vertreten, in der Pfalz mit Einrichtungen zwischen Rockenhausen \u00fcber Kusel und Kaiserslautern bis nach Ludwigshafen. 1.600 Mitarbeitende sind bei dem Unternehmen besch\u00e4ftigt. In der Pflege, in der Assistenz und in der Betreuung bietet Zoar damit nicht&#8230;\n                    <\/p>\n<p>            <a href=\"https:\/\/www.wochenblatt-reporter.de\/ludwigshafen\/profile-52239\/pr-content?type=article\" onclick=\"return false;\" rel=\"nofollow noopener\" target=\"_blank\"><\/p>\n<p>                                                                            <img class=\"imagecontainer\" decoding=\"auto\" data-aspect-ratio=\"0.763684913\" src=\"https:\/\/media04.wochenblatt-reporter.de\/user\/2025\/02\/06\/0\/23210_L.jpg?1738847037\" style=\"object-position: 50% 50%;\" data-object-position=\"50% 50%\" bad-src=\"data:image\/gif;base64,R0lGODlhAQABAIAAAAAAAP\/\/\/yH5BAEAAAAALAAAAAABAAEAAAIBRAA7\"\/><\/p>\n<p>                            <\/a><\/p>\n<p>Wirtschaft &amp; HandelAnzeige<\/p>\n<p>                                    <a href=\"https:\/\/www.wochenblatt-reporter.de\/mannheim\/c-wirtschaft-handel\/bachelor-mannheim-vwa-rhein-neckar-bietet-stufenweisen-weg-zum-hochschulabschluss_a855955?ref=curate\" class=\"stop-click-event-propagation\" rel=\"nofollow noopener\" target=\"_blank\"><\/p>\n<p>                                                                            <img class=\"imagecontainer\" decoding=\"auto\" data-aspect-ratio=\"0.666666667\" src=\"https:\/\/www.europesays.com\/de\/wp-content\/uploads\/2026\/08\/1799119_L.webp\" style=\"object-position: 50% 50%;\" data-object-position=\"50% 50%\"\/><\/p>\n<p>                                    <\/a><\/p>\n<p>                                2 Bilder<\/p>\n<p>                <a href=\"https:\/\/www.wochenblatt-reporter.de\/mannheim\/c-wirtschaft-handel\/bachelor-mannheim-vwa-rhein-neckar-bietet-stufenweisen-weg-zum-hochschulabschluss_a855955?ref=curate\" class=\"stop-click-event-propagation\" rel=\"nofollow noopener\" target=\"_blank\"><br \/>\n                                        Bachelor Mannheim: VWA Rhein-Neckar bietet stufenweisen Weg zum Hochschulabschluss<br \/>\n                <\/a><\/p>\n<p class=\"line-clamp\" style=\"--line-clamp: 4\">\n                        Bachelor Mannheim: Das berufsbegleitende Studienmodell an der\u00a0 VWA Rhein-Neckar verbindet Fachwirt, Betriebswirt (VWA) und Bachelor \u2013 mit \u00fcberschaubaren Etappen, transparenten Geb\u00fchren und Abschl\u00fcssen staatlicher Hochschulen. Am besten gleich die detaillierten Infos dazu lesen. Und sich noch bis 27. August 2026 anmelden. K\u00fcnstliche Intelligenz ver\u00e4ndert den Bewerbungsprozess auf beiden Seiten: Bewerberinnen und Bewerber k\u00f6nnen in kurzer Zeit deutlich mehr Bewerbungen erstellen und versenden&#8230;.\n                    <\/p>\n<p>                <a id=\"like-anchor\"\/><\/p>\n<p>                    Dieser Inhalt gef\u00e4llt Ihnen?<\/p>\n<p>Melden Sie sich an, um diesen Inhalt mit \u00abGef\u00e4llt mir\u00bb zu markieren.<\/p>\n<p>            \u00d7<\/p>\n<p>        <a href=\"#\" data-trigger-click-on-space-or-enter=\"\" class=\"button ggm-like-button hollow\" title=\"Gef\u00e4llt mir\" data-open=\"like-conversion-6a94e99a29fe7\"><\/p>\n<p>        <\/a><\/p>\n<p>\n        Gef\u00e4llt <strong>0<\/strong> mal<br \/>\n        0\n    <\/p>\n<p>                    Sie m\u00f6chten diesem Profil folgen?<\/p>\n<p>Verpassen Sie nicht die neuesten Inhalte von diesem Profil: Melden Sie sich an, um neuen Inhalten von Profilen und Orten in Ihrem <strong>pers\u00f6nlichen Feed<\/strong> zu folgen.<\/p>\n<p>            \u00d7<\/p>\n<p>\n            <strong>Eine\/r<\/strong> folgt diesem Profil\n        <\/p>\n","protected":false},"excerpt":{"rendered":"Von Andreas Martin Fu\u00dfball. Nach dem mit 0:1 verlorenen DFB-Pokalspiel gegen den 1. FC Kaiserslautern, dessen unr\u00fchmliche Begleitumst\u00e4nde&hellip;\n","protected":false},"author":2,"featured_media":1270960,"comment_status":"","ping_status":"","sticky":false,"template":"","format":"standard","meta":{"footnotes":"","_share_on_mastodon":"0"},"categories":[1845],"tags":[1634,3364,29,548,663,3934,30,13,2096,14,15,12],"class_list":["post-1270959","post","type-post","status-publish","format-standard","has-post-thumbnail","category-mannheim","tag-baden-wuerttemberg","tag-de","tag-deutschland","tag-eu","tag-europa","tag-europe","tag-germany","tag-headlines","tag-mannheim","tag-nachrichten","tag-news","tag-schlagzeilen"],"share_on_mastodon":{"url":"","error":""},"_links":{"self":[{"href":"https:\/\/www.europesays.com\/de\/wp-json\/wp\/v2\/posts\/1270959","targetHints":{"allow":["GET"]}}],"collection":[{"href":"https:\/\/www.europesays.com\/de\/wp-json\/wp\/v2\/posts"}],"about":[{"href":"https:\/\/www.europesays.com\/de\/wp-json\/wp\/v2\/types\/post"}],"author":[{"embeddable":true,"href":"https:\/\/www.europesays.com\/de\/wp-json\/wp\/v2\/users\/2"}],"replies":[{"embeddable":true,"href":"https:\/\/www.europesays.com\/de\/wp-json\/wp\/v2\/comments?post=1270959"}],"version-history":[{"count":0,"href":"https:\/\/www.europesays.com\/de\/wp-json\/wp\/v2\/posts\/1270959\/revisions"}],"wp:featuredmedia":[{"embeddable":true,"href":"https:\/\/www.europesays.com\/de\/wp-json\/wp\/v2\/media\/1270960"}],"wp:attachment":[{"href":"https:\/\/www.europesays.com\/de\/wp-json\/wp\/v2\/media?parent=1270959"}],"wp:term":[{"taxonomy":"category","embeddable":true,"href":"https:\/\/www.europesays.com\/de\/wp-json\/wp\/v2\/categories?post=1270959"},{"taxonomy":"post_tag","embeddable":true,"href":"https:\/\/www.europesays.com\/de\/wp-json\/wp\/v2\/tags?post=1270959"}],"curies":[{"name":"wp","href":"https:\/\/api.w.org\/{rel}","templated":true}]}}