{"id":1270969,"date":"2026-08-31T02:47:06","date_gmt":"2026-08-31T02:47:06","guid":{"rendered":"https:\/\/www.europesays.com\/de\/1270969\/"},"modified":"2026-08-31T02:47:06","modified_gmt":"2026-08-31T02:47:06","slug":"hausaerzte-im-kreis-guetersloh-die-schlimmsten-jahre-liegen-noch-vor-uns","status":"publish","type":"post","link":"https:\/\/www.europesays.com\/de\/1270969\/","title":{"rendered":"Haus\u00e4rzte im Kreis G\u00fctersloh: \u201eDie schlimmsten Jahre liegen noch vor uns\u201c"},"content":{"rendered":"<p>Hausarzt gesucht? Im Kreis G\u00fctersloh k\u00f6nnte die Suche k\u00fcnftig schwieriger werden. Warum die Lage kritisch werden d\u00fcrfte \u2013 und welche L\u00f6sungen diskutiert werden.<\/p>\n<p>Kreis G\u00fctersloh (anw) &#8211; Die haus\u00e4rztliche Versorgung im Kreis G\u00fctersloh ist ungleich verteilt: W\u00e4hrend Rietberg rechnerisch gut versorgt ist, liegt der Versorgungsgrad in Rheda-Wiedenbr\u00fcck deutlich unter dem Soll. Gleichzeitig ist ein gro\u00dfer Teil der Haus\u00e4rztinnen und Haus\u00e4rzte \u00e4lter als 60 Jahre.\u2026<\/p>\n<p>            <img decoding=\"async\" src=\"https:\/\/www.die-glocke.de\/typo3conf\/ext\/bo_dieglocke_template\/Resources\/Public\/Images\/logo\/glocke_plus_icon.svg\" class=\"pwTopImage\" alt=\"Glocke Plus\"\/><\/p>\n<p>                Jetzt weiterlesen mit G+<\/p>\n<p class=\"card-text equal-height text-center\" data-equalheightgroup=\"1\">\n                0,99 \u20ac im 1. Monat \u2013 monatlich k\u00fcndbar\n            <\/p>\n<tr>\n<tr>\n<td class=\"w-25px p-1\">\n<\/td>\n<td class=\"p-1\">\n<p>                                            aktuelle Nachrichten rund um die Uhr<\/p>\n<\/td>\n<\/tr>\n<tr>\n<td class=\"w-25px p-1\">\n<\/td>\n<td class=\"p-1\">\n<p>                                            nur 79 \u20ac (ab dem 13. Monat 7,90 \u20ac monatlich)<\/p>\n<\/td>\n<\/tr>\n<tr>\n<td class=\"w-25px p-1\">\n<\/td>\n<td class=\"p-1\">\n<p>                                            nach 12 Monaten Mindestlaufzeit monatlich k\u00fcndbar<\/p>\n<\/td>\n<\/tr>\n<tr>\n<td class=\"w-25px p-1\">\n<\/td>\n<td class=\"p-1\">\n<p>                                            sparen Sie 15,80 \u20ac gegen\u00fcber dem Monatsabo<\/p>\n<\/td>\n<\/tr>\n<\/tr>\n<p>\n                        79 \u20ac f\u00fcr 12 Monate\n                    <\/p>\n<p>                    <a data-upscore-conversion=\"1\" rel=\"nofollow noopener\" class=\"btn link-primary border rounded border-2 border-primary d-block w-100 mb-4\" href=\"https:\/\/shop.die-glocke.de\/bestellen\/g-jahresabo-bc91?type=paypal&amp;upscore_object_id=dd608864-6695-483e-affd-c511db990546-Portal&amp;upscore_offer_id=&amp;upscore_click_id=&amp;upscore_object_url=https%3A%2F%2Fwww.die-glocke.de%2Fkreis-guetersloh%2Fguetersloh%2Fartikel%2Fhausaerzte-im-kreis-guetersloh-die-schlimmsten-jahre-liegen-noch-vor-uns-1787932213&amp;target=https%3A%2F%2Fwww.die-glocke.de%2Fkreis-guetersloh%2Fguetersloh%2Fartikel%2Fhausaerzte-im-kreis-guetersloh-die-schlimmsten-jahre-liegen-noch-vor-uns-1787932213\" target=\"_blank\"><br \/>\n                        <strong>Jahresabo bestellen mit <\/strong><br \/>\n                        <img loading=\"lazy\" decoding=\"async\" class=\"me-2 icon-paypal\" src=\"https:\/\/www.die-glocke.de\/fileadmin\/images\/demo\/paypal.svg\" width=\"65\" height=\"15\" alt=\"Paypal\"\/><br \/>\n                    <\/a><\/p>\n<p>                    <a data-upscore-conversion=\"1\" class=\"paywall_order_btn-668975\" href=\"https:\/\/shop.die-glocke.de\/gplus-jahresabo?upscore_object_id=dd608864-6695-483e-affd-c511db990546-Portal&amp;upscore_offer_id=&amp;upscore_click_id=&amp;upscore_object_url=https%3A%2F%2Fwww.die-glocke.de%2Fkreis-guetersloh%2Fguetersloh%2Fartikel%2Fhausaerzte-im-kreis-guetersloh-die-schlimmsten-jahre-liegen-noch-vor-uns-1787932213&amp;target=https%3A%2F%2Fwww.die-glocke.de%2Fkreis-guetersloh%2Fguetersloh%2Fartikel%2Fhausaerzte-im-kreis-guetersloh-die-schlimmsten-jahre-liegen-noch-vor-uns-1787932213\" rel=\"nofollow noopener\" target=\"_blank\"><br \/>\n                        Jahresabo bestellen<br \/>\n                    <\/a><\/p>\n<p>Texte und Fotos von die-glocke.de sind urheberrechtlich gesch\u00fctzt.<br \/>\n            Weiterverwendung nur mit Genehmigung der Chefredaktion.<\/p>\n","protected":false},"excerpt":{"rendered":"Hausarzt gesucht? Im Kreis G\u00fctersloh k\u00f6nnte die Suche k\u00fcnftig schwieriger werden. Warum die Lage kritisch werden d\u00fcrfte \u2013&hellip;\n","protected":false},"author":2,"featured_media":1270970,"comment_status":"","ping_status":"","sticky":false,"template":"","format":"standard","meta":{"footnotes":"","_share_on_mastodon":"0"},"categories":[1841],"tags":[8434,1187,1605,3364,29,22554,1707,30,141,23744,10347,1209,5028],"class_list":["post-1270969","post","type-post","status-publish","format-standard","has-post-thumbnail","category-bielefeld","tag-alter","tag-arzt","tag-bielefeld","tag-de","tag-deutschland","tag-fachkraefte","tag-fachkraeftemangel","tag-germany","tag-gesundheit","tag-guetersloh","tag-lage","tag-nordrhein-westfalen","tag-versorgung"],"share_on_mastodon":{"url":"","error":""},"_links":{"self":[{"href":"https:\/\/www.europesays.com\/de\/wp-json\/wp\/v2\/posts\/1270969","targetHints":{"allow":["GET"]}}],"collection":[{"href":"https:\/\/www.europesays.com\/de\/wp-json\/wp\/v2\/posts"}],"about":[{"href":"https:\/\/www.europesays.com\/de\/wp-json\/wp\/v2\/types\/post"}],"author":[{"embeddable":true,"href":"https:\/\/www.europesays.com\/de\/wp-json\/wp\/v2\/users\/2"}],"replies":[{"embeddable":true,"href":"https:\/\/www.europesays.com\/de\/wp-json\/wp\/v2\/comments?post=1270969"}],"version-history":[{"count":0,"href":"https:\/\/www.europesays.com\/de\/wp-json\/wp\/v2\/posts\/1270969\/revisions"}],"wp:featuredmedia":[{"embeddable":true,"href":"https:\/\/www.europesays.com\/de\/wp-json\/wp\/v2\/media\/1270970"}],"wp:attachment":[{"href":"https:\/\/www.europesays.com\/de\/wp-json\/wp\/v2\/media?parent=1270969"}],"wp:term":[{"taxonomy":"category","embeddable":true,"href":"https:\/\/www.europesays.com\/de\/wp-json\/wp\/v2\/categories?post=1270969"},{"taxonomy":"post_tag","embeddable":true,"href":"https:\/\/www.europesays.com\/de\/wp-json\/wp\/v2\/tags?post=1270969"}],"curies":[{"name":"wp","href":"https:\/\/api.w.org\/{rel}","templated":true}]}}