{"id":1270973,"date":"2026-08-31T02:49:26","date_gmt":"2026-08-31T02:49:26","guid":{"rendered":"https:\/\/www.europesays.com\/de\/1270973\/"},"modified":"2026-08-31T02:49:26","modified_gmt":"2026-08-31T02:49:26","slug":"nur-weil-ich-ueber-das-sterben-spreche-stirbt-man-nicht","status":"publish","type":"post","link":"https:\/\/www.europesays.com\/de\/1270973\/","title":{"rendered":"\u201eNur weil ich \u00fcber das Sterben spreche, stirbt man nicht\u201c"},"content":{"rendered":"<p class=\" richtext text-em-55 !leading-serif mx-6 desktop:mx-0\">Katharina\u2005Ruth: Fr\u00fcher starben Menschen im Kreise ihrer Familie. Mit dem Verlust der Bedeutung der Familie mussten neue Systeme gefunden werden, um den Rahmen f\u00fcr die letzte Zeit des Lebens w\u00fcrdig zu gestalten. So entstand die Hospiz- und Palliativbewegung. Im Sterben sollen Menschen sich nicht einsam f\u00fchlen, keine Schmerzen haben und die Symptomlast etwaiger Erkrankungen wird durch Handreichungen, die gezielt unterst\u00fctzen, gelindert. Wir sind da. Wir begleiten. Wir geben Sicherheit auf dem Weg, der von jedem das erste Mal gegangen wird.  Diese Unterst\u00fctzung bieten wir sowohl in den Einrichtungen der Altenpflege als auch bei den Familien zu Hause oder in Krankenh\u00e4usern an.  Wir haben in unserem Dienst sechs hauptamtliche Koordinatoren und Koordinatorinnen. Die Begleitung der Sterbenden ist eine Vorbehaltsaufgabe f\u00fcr die Ehrenamtlichen. Sie werden von uns Koordinatorinnen geschult und durch Weiterbildung und Supervision unterst\u00fctzt.  Sie sind wie die Samen der Pusteblume, die unsere Idee vom w\u00fcrdevollen und begleiteten Sterben verbreiten. <\/p>\n","protected":false},"excerpt":{"rendered":"Katharina\u2005Ruth: Fr\u00fcher starben Menschen im Kreise ihrer Familie. Mit dem Verlust der Bedeutung der Familie mussten neue Systeme&hellip;\n","protected":false},"author":2,"featured_media":1270974,"comment_status":"","ping_status":"","sticky":false,"template":"","format":"standard","meta":{"footnotes":"","_share_on_mastodon":"0"},"categories":[1840],"tags":[162886,51994,3364,29,24175,72713,30,262541,24081,51564,1570,262542,1209,52056,89581,21142,184210,32001,4418],"class_list":["post-1270973","post","type-post","status-publish","format-standard","has-post-thumbnail","category-wuppertal","tag-adressen","tag-begleiten","tag-de","tag-deutschland","tag-dienst","tag-ehrenamtlichen","tag-germany","tag-getragene","tag-hospiz","tag-hospizdienst","tag-katharina","tag-katharinaaeruth","tag-nordrhein-westfalen","tag-pusteblume","tag-rueth","tag-sterben","tag-sterbenden","tag-stirbt","tag-wuppertal"],"share_on_mastodon":{"url":"https:\/\/pubeurope.com\/@de\/117187848868824051","error":""},"_links":{"self":[{"href":"https:\/\/www.europesays.com\/de\/wp-json\/wp\/v2\/posts\/1270973","targetHints":{"allow":["GET"]}}],"collection":[{"href":"https:\/\/www.europesays.com\/de\/wp-json\/wp\/v2\/posts"}],"about":[{"href":"https:\/\/www.europesays.com\/de\/wp-json\/wp\/v2\/types\/post"}],"author":[{"embeddable":true,"href":"https:\/\/www.europesays.com\/de\/wp-json\/wp\/v2\/users\/2"}],"replies":[{"embeddable":true,"href":"https:\/\/www.europesays.com\/de\/wp-json\/wp\/v2\/comments?post=1270973"}],"version-history":[{"count":0,"href":"https:\/\/www.europesays.com\/de\/wp-json\/wp\/v2\/posts\/1270973\/revisions"}],"wp:featuredmedia":[{"embeddable":true,"href":"https:\/\/www.europesays.com\/de\/wp-json\/wp\/v2\/media\/1270974"}],"wp:attachment":[{"href":"https:\/\/www.europesays.com\/de\/wp-json\/wp\/v2\/media?parent=1270973"}],"wp:term":[{"taxonomy":"category","embeddable":true,"href":"https:\/\/www.europesays.com\/de\/wp-json\/wp\/v2\/categories?post=1270973"},{"taxonomy":"post_tag","embeddable":true,"href":"https:\/\/www.europesays.com\/de\/wp-json\/wp\/v2\/tags?post=1270973"}],"curies":[{"name":"wp","href":"https:\/\/api.w.org\/{rel}","templated":true}]}}