{"id":1270975,"date":"2026-08-31T02:50:32","date_gmt":"2026-08-31T02:50:32","guid":{"rendered":"https:\/\/www.europesays.com\/de\/1270975\/"},"modified":"2026-08-31T02:50:32","modified_gmt":"2026-08-31T02:50:32","slug":"podiumsdiskussion-zum-ausstellungsende-wohin-mit-dem-auto","status":"publish","type":"post","link":"https:\/\/www.europesays.com\/de\/1270975\/","title":{"rendered":"Podiumsdiskussion zum Ausstellungsende: Wohin mit dem Auto?"},"content":{"rendered":"<p class=\"text_ohne_einzug richtext text-em-55 !leading-serif mx-6 desktop:mx-0\">Die Auslastung mit parkenden Autos in Teilen der Mirke liegt mit 140 Prozent weit \u00fcber dem, was eigentlich in das Gr\u00fcnderzeit-Quartier passt. \u201eWir finden parkende Autos vor Garagen, zu nah am Kreuzungsbereich und in Feuerwehrzufahrten\u201c, erz\u00e4hlt Stella Schwietering von der Stadt Wuppertal. Sie ist f\u00fcr das Parkraumkonzept in der Nordstadt zust\u00e4ndig, das wohl noch bis Ende des Jahres durch die zust\u00e4ndigen Gremien laufen soll. \u00dcber allem steht die Frage: Aber wohin mit den Autos?<\/p>\n","protected":false},"excerpt":{"rendered":"Die Auslastung mit parkenden Autos in Teilen der Mirke liegt mit 140 Prozent weit \u00fcber dem, was eigentlich&hellip;\n","protected":false},"author":2,"featured_media":1270976,"comment_status":"","ping_status":"","sticky":false,"template":"","format":"standard","meta":{"footnotes":"","_share_on_mastodon":"0"},"categories":[1840],"tags":[513,85843,3985,18034,3364,29,30,28894,36359,40655,262543,21356,262544,1209,11737,262545,69189,33347,4418],"class_list":["post-1270975","post","type-post","status-publish","format-standard","has-post-thumbnail","category-wuppertal","tag-auto","tag-autofahrende","tag-autos","tag-berg","tag-de","tag-deutschland","tag-germany","tag-lukas","tag-mirke","tag-mirker","tag-mobilitaetshubs","tag-mobility","tag-mobilityhub","tag-nordrhein-westfalen","tag-quartier","tag-quartiersgaragen","tag-schwietering","tag-stella","tag-wuppertal"],"share_on_mastodon":{"url":"https:\/\/pubeurope.com\/@de\/117187852933847466","error":""},"_links":{"self":[{"href":"https:\/\/www.europesays.com\/de\/wp-json\/wp\/v2\/posts\/1270975","targetHints":{"allow":["GET"]}}],"collection":[{"href":"https:\/\/www.europesays.com\/de\/wp-json\/wp\/v2\/posts"}],"about":[{"href":"https:\/\/www.europesays.com\/de\/wp-json\/wp\/v2\/types\/post"}],"author":[{"embeddable":true,"href":"https:\/\/www.europesays.com\/de\/wp-json\/wp\/v2\/users\/2"}],"replies":[{"embeddable":true,"href":"https:\/\/www.europesays.com\/de\/wp-json\/wp\/v2\/comments?post=1270975"}],"version-history":[{"count":0,"href":"https:\/\/www.europesays.com\/de\/wp-json\/wp\/v2\/posts\/1270975\/revisions"}],"wp:featuredmedia":[{"embeddable":true,"href":"https:\/\/www.europesays.com\/de\/wp-json\/wp\/v2\/media\/1270976"}],"wp:attachment":[{"href":"https:\/\/www.europesays.com\/de\/wp-json\/wp\/v2\/media?parent=1270975"}],"wp:term":[{"taxonomy":"category","embeddable":true,"href":"https:\/\/www.europesays.com\/de\/wp-json\/wp\/v2\/categories?post=1270975"},{"taxonomy":"post_tag","embeddable":true,"href":"https:\/\/www.europesays.com\/de\/wp-json\/wp\/v2\/tags?post=1270975"}],"curies":[{"name":"wp","href":"https:\/\/api.w.org\/{rel}","templated":true}]}}