{"id":1270981,"date":"2026-08-31T02:56:20","date_gmt":"2026-08-31T02:56:20","guid":{"rendered":"https:\/\/www.europesays.com\/de\/1270981\/"},"modified":"2026-08-31T02:56:20","modified_gmt":"2026-08-31T02:56:20","slug":"angriffe-auf-russlands-wirtschaft-ukraine-trifft-oelraffinerie-grossbrand-in-leningrad-oblast","status":"publish","type":"post","link":"https:\/\/www.europesays.com\/de\/1270981\/","title":{"rendered":"Angriffe auf Russlands Wirtschaft: Ukraine trifft \u00d6lraffinerie \u2013 Gro\u00dfbrand in Leningrad Oblast"},"content":{"rendered":"<ol class=\"id-DonaldBreadcrumb lp_west_breadcrumb id-DonaldBreadcrumb--default\" data-k5a-pos=\"west_breadcrumb\">\n<li class=\"id-Breadcrumb-item\"><a href=\"https:\/\/www.merkur.de\/\" class=\"id-Breadcrumb-link\" data-id-ec=\"{\" shn=\"\" textlink=\"\" data-k5a-pos=\"1_startseite\" rel=\"nofollow noopener\" target=\"_blank\">Startseite<\/a><\/li>\n<li class=\"id-Breadcrumb-item\"><a href=\"https:\/\/www.merkur.de\/politik\/\" class=\"id-Breadcrumb-link\" data-id-ec=\"{\" shn=\"\" textlink=\"\" data-k5a-pos=\"2_politik\" rel=\"nofollow noopener\" target=\"_blank\">Politik<\/a><\/li>\n<\/ol>\n<p class=\"id-Story-timestamp id-Story-timestamp--default\">Stand: 31.08.2026, 04:46 Uhr<\/p>\n<p class=\"id-Story-authors id-Story-authors--default\">Von: <a class=\"id-Story-authors-link lp_west_author\" href=\"https:\/\/www.merkur.de\/autor\/bedrettin-boeluekbasi-lmcbz7ic0.html\" title=\"Zur Autorenseite von Bedrettin B&#xF6;l&#xFC;kbasi\" data-id-ec=\"{\" shn=\"\" author-link=\"\" b=\"\" data-k5a-pos=\"west_author\" rel=\"nofollow noopener\" target=\"_blank\">Bedrettin B\u00f6l\u00fckbasi<\/a><\/p>\n<p class=\"id-Story-interactionBar id-Story-interactionBar--default\">DruckenTeilen<\/p>\n<p><a href=\"https:\/\/profile.google.com\/cp\/CgsvZy8xODdjY3p3choA\" class=\"id-Story-googleFollowButton id-Story-googleFollowButton--default\" target=\"_blank\" data-id-ec=\"{\" shn=\"\" google-follow=\"\" auf=\"\" google=\"\" folgen=\"\" rel=\"nofollow noopener\">Uns auf Google folgen<\/a><\/p>\n<p class=\"id-StoryElement-leadText\">Die Ukraine setzt Russlands Wirtschaft und Milit\u00e4rlogistik weiterhin unter Druck und trifft neue Ziele tief im russischen Territorium.<\/p>\n<p class=\"id-StoryElement-paragraph\">Moskau\/Kiew \u2013 W\u00e4hrend Wladimir Putins <a href=\"https:\/\/www.fr.de\/politik\/ukraine-konflikt-sti1524391\/\" class=\"id-import-Link id-pageApi-Link--externalDomain\" title=\"Ukraine-Krieg\" data-id-ec=\"{&quot;sht&quot;:&quot;Container&quot;,&quot;shn&quot;:&quot;Story&quot;,&quot;p&quot;:{&quot;containerType&quot;:&quot;Paragraph&quot;,&quot;displayType&quot;:&quot;Paragraph InlineLink&quot;,&quot;type&quot;:&quot;INLINE_LINK&quot;,&quot;value&quot;:&quot;Ukraine-Krieg&quot;,&quot;variant&quot;:&quot;standardLink&quot;,&quot;sponsored&quot;:false,&quot;linkHref&quot;:&quot;https:\/\/www.fr.de\/politik\/ukraine-konflikt-sti1524391\/&quot;,&quot;storyElementPosition&quot;:8,&quot;storyElementCount&quot;:22}}\" rel=\"nofollow noopener\" target=\"_blank\">Ukraine-Krieg<\/a> andauert, sorgen ukrainische Drohnen f\u00fcr st\u00e4ndig neue Herausforderungen f\u00fcr die russische Wirtschaft. Im Nordwesten Russlands ist nach einem Drohnenangriff ein Feuer in einer gro\u00dfen \u00d6lraffinerie ausgebrochen. Betroffen ist die Kinef-Raffinerie im Bezirk Kirischi in der Region Leningrad. Der Gouverneur der Region, Alexander Drosdenko, best\u00e4tigte den Drohnenabsturz in der N\u00e4he der Raffinerie und teilte mit, dass daraufhin ein Feuer ausgebrochen sei. Rettungskr\u00e4fte seien im Einsatz.<\/p>\n<p><img decoding=\"async\" class=\"id-RatioPlaceholder-element wv_story_el_image\" src=\"https:\/\/www.europesays.com\/de\/wp-content\/uploads\/2026\/08\/43287085-ukraine-krieg-krasnodar-QnBG.jpg\" loading=\"lazy\"   height=\"603\" width=\"1100\" alt=\"Ukraine-Krieg - Krasnodar\"\/>Die Ukraine attackiert russische \u00d6lraffinerien. (Archivbild) \u00a9\u00a0&#8212;\/AP\/dpaUkraine-Krieg: Riesige \u00d6lraffinerie in Russland im Visier von ukrainischen Drohnen<\/p>\n<p class=\"id-StoryElement-paragraph\">Nach Angaben Drosdenkos wurden zun\u00e4chst 42 Drohnen \u00fcber der Region abgeschossen. Sp\u00e4ter erh\u00f6hte der Gouverneur die Zahl auf 62. Die russische Luftverteidigung sei weiterhin im Einsatz gewesen. Angaben zum Ausma\u00df der Sch\u00e4den oder zu m\u00f6glichen Verletzten lagen zun\u00e4chst nicht vor.<\/p>\n<p class=\"id-StoryElement-paragraph\">Die Kinef-Anlage geh\u00f6rt zu den gr\u00f6\u00dften \u00d6lraffinerien Russlands. Das Werk steht zudem unter westlichen Sanktionen, die im Zuge des russischen Angriffskrieges gegen die Ukraine verh\u00e4ngt wurden. Die Anlage ist damit ein potenziell wichtiger Bestandteil der russischen Energieinfrastruktur.<\/p>\n<p>Auch Milit\u00e4rflugplatz in S\u00fcdrussland angegriffen<\/p>\n<p class=\"id-StoryElement-paragraph\">Die Angriffe beschr\u00e4nkten sich nach vorliegenden Berichten nicht auf die Region Leningrad. In der s\u00fcdrussischen Region Krasnodar Krai wurde demnach auch ein Milit\u00e4rflugplatz in der Stadt Jeisk zum Ziel. Augenzeugen berichteten von mehreren starken Explosionen.<\/p>\n<p class=\"id-StoryElement-paragraph\">Dar\u00fcber hinaus wurden Drohnen \u00fcber der Region Smolensk gesichtet. Der dortige Gouverneur Wassili Anochin hatte zuvor wegen der Drohnengefahr den Luftalarm ausgerufen. Ob dort tats\u00e4chlich Ziele getroffen wurden, blieb zun\u00e4chst unklar. Auch aus der Region Brjansk wurden in der Nacht Explosionen gemeldet. Die \u00f6rtlichen Beh\u00f6rden \u00e4u\u00dferten sich zun\u00e4chst nicht zu m\u00f6glichen Sch\u00e4den.<\/p>\n<p>Wladimir Putin fr\u00fcher: So stark hat sich der russische Pr\u00e4sident ver\u00e4ndert<img decoding=\"async\" class=\"id-RatioPlaceholder-element wv_story_el_interstitialImage\" src=\"https:\/\/www.europesays.com\/de\/wp-content\/uploads\/2026\/08\/35354147-wladimir-putin-in-kgb-uniform-2tNH6REDgzfe.jpg\" loading=\"lazy\"   height=\"2159\" width=\"3840\" alt=\"Wladimir Putin in KGB-Uniform\"\/><a href=\"https:\/\/www.ruhr24.de\/schlagzeilen\/wladimir-putin-frueher-bilder-news-macht-kgb-aemter-ukraine-krieg-fotos-praesident-moskau-kreml-93281922.html\" class=\"id-StoryElement-intestitialLink-link\" data-id-ec=\"{\" shn=\"\" ansehen=\"\" data-k5a-pos=\"west_story_18_photoGalleryLink\" title=\"Zur Fotostrecke: Wladimir Putin fr&#xFC;her: So stark hat sich der russische Pr&#xE4;sident ver&#xE4;ndert\" rel=\"nofollow noopener\" target=\"_blank\">Fotostrecke ansehen<\/a><\/p>\n<p class=\"id-StoryElement-paragraph\"><a href=\"https:\/\/www.merkur.de\/politik\/dauerbeschuss-ukraine-trifft-oel-raffinerien-russlands-wirtschaft-unter-zr-94307778.html\" class=\"id-import-Link\" data-id-ec=\"{&quot;sht&quot;:&quot;Container&quot;,&quot;shn&quot;:&quot;Story&quot;,&quot;p&quot;:{&quot;containerType&quot;:&quot;Paragraph&quot;,&quot;displayType&quot;:&quot;Paragraph InlineLink&quot;,&quot;type&quot;:&quot;INLINE_LINK&quot;,&quot;value&quot;:&quot;Die Ukraine greift regelm&#xE4;&#xDF;ig milit&#xE4;risch und wirtschaftlich relevante Ziele weit innerhalb Russlands an&quot;,&quot;variant&quot;:&quot;standardLink&quot;,&quot;sponsored&quot;:false,&quot;linkHref&quot;:&quot;https:\/\/www.merkur.de\/politik\/dauerbeschuss-ukraine-trifft-oel-raffinerien-russlands-wirtschaft-unter-zr-94307778.html&quot;,&quot;storyElementPosition&quot;:21,&quot;storyElementCount&quot;:22}}\" rel=\"nofollow noopener\" target=\"_blank\">Die Ukraine greift regelm\u00e4\u00dfig milit\u00e4risch und wirtschaftlich relevante Ziele weit innerhalb Russlands an<\/a>. Ziel der Operationen ist es nach ukrainischer Darstellung, die F\u00e4higkeit Moskaus zur Fortf\u00fchrung des Krieges zu schw\u00e4chen. Dabei geraten zunehmend auch Anlagen der Energie- und R\u00fcstungsindustrie ins Visier.<\/p>\n<p class=\"id-StoryElement-paragraph\">Erst am Vorabend war nach ukrainischen Angaben ein Lager des russischen Online-Handelskonzerns Ozon in der Region Rostow getroffen worden. In den von Russland besetzten ukrainischen Gebieten griffen ukrainische Streitkr\u00e4fte zudem mehrere Einrichtungen an, die nach Angaben des ukrainischen Generalstabs zur Lagerung, Vorbereitung und zum Start von Kampfdrohnen genutzt werden. Betroffen gewesen sein sollen unter anderem Stellungen in der besetzten Stadt Donezk sowie nahe Simferopol auf der <a href=\"https:\/\/www.fr.de\/politik\/krim-bevoelkerung-geschichte-bedeutung-ukraine-konflikt-91908855.html\" class=\"id-import-Link id-pageApi-Link--externalDomain\" data-id-ec=\"{&quot;sht&quot;:&quot;Container&quot;,&quot;shn&quot;:&quot;Story&quot;,&quot;p&quot;:{&quot;containerType&quot;:&quot;Paragraph&quot;,&quot;displayType&quot;:&quot;Paragraph InlineLink&quot;,&quot;type&quot;:&quot;INLINE_LINK&quot;,&quot;value&quot;:&quot;Krim&quot;,&quot;variant&quot;:&quot;standardLink&quot;,&quot;sponsored&quot;:false,&quot;linkHref&quot;:&quot;https:\/\/www.fr.de\/politik\/krim-bevoelkerung-geschichte-bedeutung-ukraine-konflikt-91908855.html&quot;,&quot;storyElementPosition&quot;:22,&quot;storyElementCount&quot;:22}}\" rel=\"nofollow noopener\" target=\"_blank\">Krim<\/a>. (Quellen: dpa, Kyiv Independent) (bb)<\/p>\n","protected":false},"excerpt":{"rendered":"Startseite Politik Stand: 31.08.2026, 04:46 Uhr Von: Bedrettin B\u00f6l\u00fckbasi DruckenTeilen Uns auf Google folgen Die Ukraine setzt Russlands&hellip;\n","protected":false},"author":2,"featured_media":1270982,"comment_status":"","ping_status":"","sticky":false,"template":"","format":"standard","meta":{"footnotes":"","_share_on_mastodon":"0"},"categories":[4012],"tags":[331,332,13,14,15,12,317],"class_list":["post-1270981","post","type-post","status-publish","format-standard","has-post-thumbnail","category-ukraine","tag-aktuelle-nachrichten","tag-aktuelle-news","tag-headlines","tag-nachrichten","tag-news","tag-schlagzeilen","tag-ukraine"],"share_on_mastodon":{"url":"https:\/\/pubeurope.com\/@de\/117187879148067497","error":""},"_links":{"self":[{"href":"https:\/\/www.europesays.com\/de\/wp-json\/wp\/v2\/posts\/1270981","targetHints":{"allow":["GET"]}}],"collection":[{"href":"https:\/\/www.europesays.com\/de\/wp-json\/wp\/v2\/posts"}],"about":[{"href":"https:\/\/www.europesays.com\/de\/wp-json\/wp\/v2\/types\/post"}],"author":[{"embeddable":true,"href":"https:\/\/www.europesays.com\/de\/wp-json\/wp\/v2\/users\/2"}],"replies":[{"embeddable":true,"href":"https:\/\/www.europesays.com\/de\/wp-json\/wp\/v2\/comments?post=1270981"}],"version-history":[{"count":0,"href":"https:\/\/www.europesays.com\/de\/wp-json\/wp\/v2\/posts\/1270981\/revisions"}],"wp:featuredmedia":[{"embeddable":true,"href":"https:\/\/www.europesays.com\/de\/wp-json\/wp\/v2\/media\/1270982"}],"wp:attachment":[{"href":"https:\/\/www.europesays.com\/de\/wp-json\/wp\/v2\/media?parent=1270981"}],"wp:term":[{"taxonomy":"category","embeddable":true,"href":"https:\/\/www.europesays.com\/de\/wp-json\/wp\/v2\/categories?post=1270981"},{"taxonomy":"post_tag","embeddable":true,"href":"https:\/\/www.europesays.com\/de\/wp-json\/wp\/v2\/tags?post=1270981"}],"curies":[{"name":"wp","href":"https:\/\/api.w.org\/{rel}","templated":true}]}}