{"id":1270995,"date":"2026-08-31T03:05:23","date_gmt":"2026-08-31T03:05:23","guid":{"rendered":"https:\/\/www.europesays.com\/de\/1270995\/"},"modified":"2026-08-31T03:05:23","modified_gmt":"2026-08-31T03:05:23","slug":"verband-deutschland-kommt-beim-lkw-ladenetz-kaum-voran","status":"publish","type":"post","link":"https:\/\/www.europesays.com\/de\/1270995\/","title":{"rendered":"Verband: Deutschland kommt beim Lkw-Ladenetz kaum voran"},"content":{"rendered":"<p>Logistik <\/p>\n<p>Verband: Deutschland kommt beim Lkw-Ladenetz kaum voran<\/p>\n<p>Aktualisiert am 31.08.2026 &#8211; 05:00 UhrLesedauer: 2 Min.<\/p>\n<p><a href=\"#focus-0\" class=\"transition-colors block text-current relative\" data-sctrack=\"FocusGalleryImage.Reference\"><img fetchpriority=\"high\" data-testid=\"Opener.Image\"   loading=\"eager\" src=\"https:\/\/www.europesays.com\/de\/wp-content\/uploads\/2026\/08\/der-vda.jpg\" alt=\"Megawatt-Ladepark f\u00fcr E-Lastkraftwagen\" title=\"Megawatt-Ladepark f\u00fcr E-Lastkraftwagen\" width=\"2048\" height=\"1152\" class=\"bg-[url:var(--lqipURL)] bg-cover bg-center flex h-full w-full max-w-full\" style=\"--lqipURL:url('https:\/\/images.t-online.de\/2026\/08\/R0X9iqF8w4cJ\/0x107:2048x1152\/fit-in\/150x0\/filters:blur(25)\/der-vda.jpg')\" decoding=\"async\"\/><img loading=\"lazy\" src=\"https:\/\/www.t-online.de\/s\/paper\/_next\/static\/media\/zoom-in.f7dae02f.svg\" alt=\"Vergr\u00f6\u00dfern des Bildes\" title=\"Vergr\u00f6\u00dfern des Bildes\" class=\"block h-[calc(var(--height)_\/_16_*_1rem)] w-[calc(var(--width)_\/_16_*_1rem)] max-w-none absolute right-8 bottom-8 rounded-4 bg-snow p-8\" style=\"--width:32;--height:32\" decoding=\"async\"\/><\/a><\/p>\n<p>Der VDA (Quelle: Friso Gentsch\/dpa\/dpa-bilder)<\/p>\n<p><img loading=\"lazy\" src=\"https:\/\/www.t-online.de\/s\/paper\/_next\/static\/media\/audio-volume.6689034c.svg\" alt=\"\" title=\"\" class=\"block h-[calc(var(--height)_\/_16_*_1rem)] w-[calc(var(--width)_\/_16_*_1rem)] max-w-none group-hover:brightness-0 group-hover:invert\" style=\"--width:16;--height:16\" decoding=\"async\"\/>Vorlesen<\/p>\n<p>Aktuelle Zeit:0:00Gesamtdauer:0:00<\/p>\n<p>1x<img loading=\"lazy\" src=\"https:\/\/www.t-online.de\/s\/paper\/_next\/static\/media\/font-sizes.32942e33.svg\" alt=\"\" title=\"\" class=\"block h-[calc(var(--height)_\/_16_*_1rem)] w-[calc(var(--width)_\/_16_*_1rem)] max-w-none group-hover:hidden group-aria-expanded:hidden\" style=\"--width:16;--height:16\" decoding=\"async\"\/><img loading=\"lazy\" src=\"https:\/\/www.t-online.de\/s\/paper\/_next\/static\/media\/font-sizes-dark-mode.e382645c.svg\" alt=\"\" title=\"\" class=\"block h-[calc(var(--height)_\/_16_*_1rem)] w-[calc(var(--width)_\/_16_*_1rem)] max-w-none hidden group-hover:block group-aria-expanded:block\" style=\"--width:16;--height:16\" decoding=\"async\"\/><img loading=\"lazy\" src=\"https:\/\/www.t-online.de\/s\/paper\/_next\/static\/media\/sharing-menu-icon.1eb71368.svg\" alt=\"\" title=\"\" class=\"block h-[calc(var(--height)_\/_16_*_1rem)] w-[calc(var(--width)_\/_16_*_1rem)] max-w-none group-hover:brightness-0 group-hover:invert\" style=\"--width:16;--height:16\" decoding=\"async\"\/>Artikel teilen<\/p>\n<p class=\"font-bold text-18 leading-17 user-text-lg:text-22 user-text-xl:text-24\">Viele E-Lastwagen sind noch nicht auf den deutschen Autobahnen unterwegs. Ob sich die leisen Laster durchsetzen, h\u00e4ngt auch von der Infrastruktur ab. Der VDA sieht erheblichen Nachholbedarf.<\/p>\n<p class=\"text-18 leading-17 user-text-lg:text-22 user-text-xl:text-24\">Der Ausbau der Ladeinfrastruktur f\u00fcr E-Lastwagen kommt nach Einsch\u00e4tzung des Verbands der <a href=\"https:\/\/www.t-online.de\/themen\/automobilindustrie\/\" class=\"transition-colors cursor-pointer no-underline md:hover:text-magenta md:focus:text-magenta border-b border-solid border-current text-salemsfur md:hover:border-magenta\" data-tracking=\"{&quot;action&quot;:&quot;click&quot;,&quot;category&quot;:&quot;intextLink&quot;,&quot;label&quot;:&quot;\/themen\/automobilindustrie\/&quot;}\" data-sctrack=\"BodyAnchor\" rel=\"nofollow noopener\" target=\"_blank\">Automobilindustrie<\/a> (VDA) zu langsam voran. In Deutschland waren im Juli 88 Standorte mit 355 Ladepunkten f\u00fcr schwere Nutzfahrzeuge in Betrieb, wie der Verband mitteilte. Das sei sehr weit von der Notwendigkeit entfernt. Nach Pl\u00e4nen der Nationalen Leitstelle Ladeinfrastruktur, eines Expertengremiums, das den Ausbau im Auftrag des Bundes koordinieren soll, sind bis 2030 hierzulande 4.200 \u00f6ffentliche Ladepunkte geplant.<\/p>\n<p class=\"text-18 leading-17 user-text-lg:text-22 user-text-xl:text-24\">Die unzureichende Ladeinfrastruktur ist aus Sicht von VDA-Pr\u00e4sidentin Hildegard M\u00fcller der &#8222;zentrale Engpass f\u00fcr den Markthochlauf elektrischer Nutzfahrzeuge&#8220;. Die deutsche Nutzfahrzeugindustrie liefere bereits emissionsfreie L\u00f6sungen. F\u00fcr den fl\u00e4chendeckenden Einsatz batterieelektrischer Lkw im Fernverkehr reichten aber weder die vorhandenen Stationen noch die bestehenden Ausbaupl\u00e4ne auf nationaler und europ\u00e4ischer Ebene aus. Auch der schleppende Ausbau der Stromnetze stehe einer schnellen Transformation des Stra\u00dfeng\u00fcterverkehrs im Weg. &#8222;Der Nachholbedarf ist immens&#8220;, teilte M\u00fcller mit.<\/p>\n<p class=\"text-18 leading-17 user-text-lg:text-22 user-text-xl:text-24\">Bis 2030 sind in Deutschland demnach 350 \u00f6ffentliche Standorte an wichtigen Verkehrskorridoren geplant, vor allem an Rastanlagen. Entstehen sollen dort 1.800 besonders leistungsstarke Ladepunkte nach dem Megawatt Charging System (MCS) sowie 2.400 Ladepunkte mit weniger Leistung. <\/p>\n<p>M\u00fcller: Bundesregierung muss &#8222;Ausbauturbo&#8220; z\u00fcnden<\/p>\n<p class=\"text-18 leading-17 user-text-lg:text-22 user-text-xl:text-24\">&#8222;Aktuell ist weniger als ein Zehntel der geplanten Ladepunkte in Betrieb&#8220;, sagte M\u00fcller. Die <a href=\"https:\/\/www.t-online.de\/themen\/bundesregierung\/\" class=\"transition-colors cursor-pointer no-underline md:hover:text-magenta md:focus:text-magenta border-b border-solid border-current text-salemsfur md:hover:border-magenta\" data-tracking=\"{&quot;action&quot;:&quot;click&quot;,&quot;category&quot;:&quot;intextLink&quot;,&quot;label&quot;:&quot;\/themen\/bundesregierung\/&quot;}\" data-sctrack=\"BodyAnchor\" rel=\"nofollow noopener\" target=\"_blank\">Bundesregierung<\/a> hat der Verbandschefin zufolge grunds\u00e4tzlich die richtigen Hebel in Bewegung gesetzt. &#8222;Jetzt aber gilt es, den Ausbauturbo zu z\u00fcnden&#8220;. Deutschland d\u00fcrfe seine selbst gesteckten Ziele nicht verfehlen.<\/p>\n<p><a href=\"#focus-1\" class=\"transition-colors block text-current relative\" data-sctrack=\"FocusGalleryImage.Reference\"><img   loading=\"lazy\" src=\"https:\/\/www.europesays.com\/de\/wp-content\/uploads\/2026\/08\/vda-praesidentin-mueller-der-nachholbedarf-ist-immens-archivbild.jpg\" alt=\"VDA-Pr\u00e4sidentin Hildegard M\u00fcller\" title=\"VDA-Pr\u00e4sidentin Hildegard M\u00fcller\" width=\"2048\" height=\"1152\" class=\"h-full w-full max-w-full rounded-8\" decoding=\"async\"\/><img loading=\"lazy\" src=\"https:\/\/www.t-online.de\/s\/paper\/_next\/static\/media\/zoom-in.f7dae02f.svg\" alt=\"Vergr\u00f6\u00dfern des Bildes\" title=\"Vergr\u00f6\u00dfern des Bildes\" class=\"block h-[calc(var(--height)_\/_16_*_1rem)] w-[calc(var(--width)_\/_16_*_1rem)] max-w-none absolute right-8 bottom-8 rounded-4 bg-snow p-8\" style=\"--width:32;--height:32\" decoding=\"async\"\/>VDA-Pr\u00e4sidentin M\u00fcller: &#8222;Der Nachholbedarf ist immens&#8220;. (Archivbild) (Quelle: Christoph Schmidt\/dpa\/dpa-bilder)<\/a><\/p>\n<p class=\"text-18 leading-17 user-text-lg:text-22 user-text-xl:text-24\">Aus Sicht des VDA reicht aber selbst das mittlerweile nicht mehr aus: Denn E-Lkw-Fahrer seien im Fernverkehr nur mit superschnellen MCS-Lades\u00e4ulen in der Lage, die gesetzlich vorgegebenen Lenk- und Pausenzeiten bestm\u00f6glich einzuhalten. Daher m\u00fcsse der Ausbau der Schnellladeinfrastruktur zusammen mit den Stromnetzen ausgeweitet werden. Der VDA geht f\u00fcr 2030 von einem Bedarf von rund 4.000 Megawatt-Lades\u00e4ulen in Deutschland aus.<\/p>\n<p>Verband sieht auch Nachholbedarf in Europa<\/p>\n<p class=\"text-18 leading-17 user-text-lg:text-22 user-text-xl:text-24\">In Europa waren demzufolge im Juli 730 Ladepunkte mit einer Leistung von mehr als 350 Kilowatt ausschlie\u00dflich f\u00fcr schwere Nutzfahrzeuge verf\u00fcgbar. Bis 2030 werden nach Ensch\u00e4tzung des Branchenverbands Acea aber rund 35.000 \u00f6ffentliche Schnellladepunkte ben\u00f6tigt. Die bisherigen EU-Regularien reichten nicht aus, um das zu erreichen. Sie m\u00fcssten st\u00e4rker an den tats\u00e4chlichen Markthochlauf gekoppelt werden, so M\u00fcller. Ein Problem sei auch die ungleiche Verteilung in Europa, die die Routenplanung erschwere. Gro\u00dfe L\u00fccken gebe es zum Beispiel in Transitl\u00e4ndern wie <a href=\"https:\/\/www.t-online.de\/themen\/polen\/\" class=\"transition-colors cursor-pointer no-underline md:hover:text-magenta md:focus:text-magenta border-b border-solid border-current text-salemsfur md:hover:border-magenta\" data-tracking=\"{&quot;action&quot;:&quot;click&quot;,&quot;category&quot;:&quot;intextLink&quot;,&quot;label&quot;:&quot;\/themen\/polen\/&quot;}\" data-sctrack=\"BodyAnchor\" rel=\"nofollow noopener\" target=\"_blank\">Polen<\/a> und <a href=\"https:\/\/www.t-online.de\/themen\/tschechien\/\" class=\"transition-colors cursor-pointer no-underline md:hover:text-magenta md:focus:text-magenta border-b border-solid border-current text-salemsfur md:hover:border-magenta\" data-tracking=\"{&quot;action&quot;:&quot;click&quot;,&quot;category&quot;:&quot;intextLink&quot;,&quot;label&quot;:&quot;\/themen\/tschechien\/&quot;}\" data-sctrack=\"BodyAnchor\" rel=\"nofollow noopener\" target=\"_blank\">Tschechien<\/a>.<\/p>\n<p>Netzanschl\u00fcsse f\u00fcr Unternehmen dauern<\/p>\n<p class=\"text-18 leading-17 user-text-lg:text-22 user-text-xl:text-24\">Au\u00dferdem sieht der Verband erheblichen Bedarf beim Laden auf Betriebsh\u00f6fen. Von den bis 2030 in Deutschland ben\u00f6tigten knapp 14 Gigawatt Ladeleistung decken die \u00f6ffentlichen Ausbaupl\u00e4ne laut VDA lediglich 2,6 Gigawatt ab. Mehr als 11 Gigawatt m\u00fcssten daher privat bereitgestellt werden. &#8222;Bislang sind die f\u00fcr Unternehmen erforderlichen Netzanschl\u00fcsse jedoch mit hohen Kosten, langen Genehmigungsverfahren und erheblichen Unsicherheiten verbunden&#8220;, teilte M\u00fcller mit. Bei Industriebetrieben und gro\u00dfen Lkw-Ladehubs k\u00f6nne die Erweiterung der Netzanschl\u00fcsse teilweise bis zu zehn Jahre dauern. Das sei nicht hinnehmbar und bremse die Transformation erheblich. Das sogenannte Depotladen auf Firmengel\u00e4nden m\u00fcsse schnell und unb\u00fcrokratisch vonstattengehen, hie\u00df es.<\/p>\n","protected":false},"excerpt":{"rendered":"Logistik Verband: Deutschland kommt beim Lkw-Ladenetz kaum voran Aktualisiert am 31.08.2026 &#8211; 05:00 UhrLesedauer: 2 Min. Der VDA&hellip;\n","protected":false},"author":2,"featured_media":1270996,"comment_status":"","ping_status":"","sticky":false,"template":"","format":"standard","meta":{"footnotes":"","_share_on_mastodon":"0"},"categories":[2],"tags":[331,3924,332,3922,1173,3364,29,663,30,13,99501,23944,20343,2776,14,3923,15,3921,30506,12,99502,12197],"class_list":["post-1270995","post","type-post","status-publish","format-standard","has-post-thumbnail","category-deutschland","tag-aktuelle-nachrichten","tag-aktuelle-nachrichten-aus-deutschland","tag-aktuelle-news","tag-aktuelle-news-aus-deutschland","tag-bundesregierung","tag-de","tag-deutschland","tag-europa","tag-germany","tag-headlines","tag-hildegard-mueller","tag-ladeinfrastruktur","tag-ladepunkt","tag-logistik","tag-nachrichten","tag-nachrichten-aus-deutschland","tag-news","tag-news-aus-deutschland","tag-nutzfahrzeug","tag-schlagzeilen","tag-vda","tag-verband-der-automobilindustrie"],"share_on_mastodon":{"url":"https:\/\/pubeurope.com\/@de\/117187912508874863","error":""},"_links":{"self":[{"href":"https:\/\/www.europesays.com\/de\/wp-json\/wp\/v2\/posts\/1270995","targetHints":{"allow":["GET"]}}],"collection":[{"href":"https:\/\/www.europesays.com\/de\/wp-json\/wp\/v2\/posts"}],"about":[{"href":"https:\/\/www.europesays.com\/de\/wp-json\/wp\/v2\/types\/post"}],"author":[{"embeddable":true,"href":"https:\/\/www.europesays.com\/de\/wp-json\/wp\/v2\/users\/2"}],"replies":[{"embeddable":true,"href":"https:\/\/www.europesays.com\/de\/wp-json\/wp\/v2\/comments?post=1270995"}],"version-history":[{"count":0,"href":"https:\/\/www.europesays.com\/de\/wp-json\/wp\/v2\/posts\/1270995\/revisions"}],"wp:featuredmedia":[{"embeddable":true,"href":"https:\/\/www.europesays.com\/de\/wp-json\/wp\/v2\/media\/1270996"}],"wp:attachment":[{"href":"https:\/\/www.europesays.com\/de\/wp-json\/wp\/v2\/media?parent=1270995"}],"wp:term":[{"taxonomy":"category","embeddable":true,"href":"https:\/\/www.europesays.com\/de\/wp-json\/wp\/v2\/categories?post=1270995"},{"taxonomy":"post_tag","embeddable":true,"href":"https:\/\/www.europesays.com\/de\/wp-json\/wp\/v2\/tags?post=1270995"}],"curies":[{"name":"wp","href":"https:\/\/api.w.org\/{rel}","templated":true}]}}