{"id":1271000,"date":"2026-08-31T03:08:33","date_gmt":"2026-08-31T03:08:33","guid":{"rendered":"https:\/\/www.europesays.com\/de\/1271000\/"},"modified":"2026-08-31T03:08:33","modified_gmt":"2026-08-31T03:08:33","slug":"cosmo-festival-in-moers-musik-kinderfest-und-tombola","status":"publish","type":"post","link":"https:\/\/www.europesays.com\/de\/1271000\/","title":{"rendered":"Cosmo-Festival in Moers: Musik, Kinderfest und Tombola"},"content":{"rendered":"<p class=\"text_ohne_einzug richtext text-em-55 !leading-serif mx-6 desktop:mx-0\"> Zehn Stunden Festival f\u00fcr die ganze Familie, wo gibt\u2018s denn sowas? Antwort: Beim Cosmo-Festival in Moers-Rheinkamp, auf dem Parkplatz am Enni Sportpark. Von 13.30 bis 23.30 Uhr ging dort am Samstag, 29. August, bei zwar launenhaftem Wetter, aber dennoch gutem Besuch sowie einem abwechslungsreichen Programm und tollen Tombola-Gewinnen die f\u00fcnfj\u00e4hrige Jubil\u00e4umsausgabe dieser lobenswerten Charity-Veranstaltung \u00fcber die B\u00fchne \u2013 und das im wahrsten Sinne des Wortes.<\/p>\n","protected":false},"excerpt":{"rendered":"Zehn Stunden Festival f\u00fcr die ganze Familie, wo gibt\u2018s denn sowas? Antwort: Beim Cosmo-Festival in Moers-Rheinkamp, auf dem&hellip;\n","protected":false},"author":2,"featured_media":1271001,"comment_status":"","ping_status":"","sticky":false,"template":"","format":"standard","meta":{"footnotes":"","_share_on_mastodon":"0"},"categories":[1838],"tags":[3807,8057,96,220321,3364,29,3715,26801,5561,30,33985,1209,4847,95660,84858,24501],"class_list":["post-1271000","post","type-post","status-publish","format-standard","has-post-thumbnail","category-duisburg","tag-moers","tag-besuch","tag-buehne","tag-cosmo","tag-de","tag-deutschland","tag-duisburg","tag-enni","tag-festival","tag-germany","tag-henning","tag-nordrhein-westfalen","tag-parkplatz","tag-rheinkamp","tag-sportpark","tag-tombola"],"share_on_mastodon":{"url":"https:\/\/pubeurope.com\/@de\/117187923335447265","error":""},"_links":{"self":[{"href":"https:\/\/www.europesays.com\/de\/wp-json\/wp\/v2\/posts\/1271000","targetHints":{"allow":["GET"]}}],"collection":[{"href":"https:\/\/www.europesays.com\/de\/wp-json\/wp\/v2\/posts"}],"about":[{"href":"https:\/\/www.europesays.com\/de\/wp-json\/wp\/v2\/types\/post"}],"author":[{"embeddable":true,"href":"https:\/\/www.europesays.com\/de\/wp-json\/wp\/v2\/users\/2"}],"replies":[{"embeddable":true,"href":"https:\/\/www.europesays.com\/de\/wp-json\/wp\/v2\/comments?post=1271000"}],"version-history":[{"count":0,"href":"https:\/\/www.europesays.com\/de\/wp-json\/wp\/v2\/posts\/1271000\/revisions"}],"wp:featuredmedia":[{"embeddable":true,"href":"https:\/\/www.europesays.com\/de\/wp-json\/wp\/v2\/media\/1271001"}],"wp:attachment":[{"href":"https:\/\/www.europesays.com\/de\/wp-json\/wp\/v2\/media?parent=1271000"}],"wp:term":[{"taxonomy":"category","embeddable":true,"href":"https:\/\/www.europesays.com\/de\/wp-json\/wp\/v2\/categories?post=1271000"},{"taxonomy":"post_tag","embeddable":true,"href":"https:\/\/www.europesays.com\/de\/wp-json\/wp\/v2\/tags?post=1271000"}],"curies":[{"name":"wp","href":"https:\/\/api.w.org\/{rel}","templated":true}]}}