{"id":1271006,"date":"2026-08-31T03:13:15","date_gmt":"2026-08-31T03:13:15","guid":{"rendered":"https:\/\/www.europesays.com\/de\/1271006\/"},"modified":"2026-08-31T03:13:15","modified_gmt":"2026-08-31T03:13:15","slug":"serie-von-betriebstreffen-zu-krise-bei-vw-endet","status":"publish","type":"post","link":"https:\/\/www.europesays.com\/de\/1271006\/","title":{"rendered":"Serie von Betriebstreffen zu Krise bei VW endet"},"content":{"rendered":"<p>Vorstand und Belegschaft kommen in Hannover ein letztes Mal zusammen vor m\u00f6glichen neuen Beschl\u00fcssen. Schon bald k\u00f6nnte der VW-Aufsichtsrat konkrete Schritte zur Kostensenkung pr\u00e4sentieren. <\/p>\n<p>Bei Volkswagen endet mit der Betriebsversammlung am Montag (9.30 Uhr) im Werk in Hannover eine Serie von au\u00dferordentlichen Treffen zwischen Vorstand und Belegschaft. Es ist die neunte und letzte Zusammenkunft dieser Art vor m\u00f6glichen neuen Beschl\u00fcssen.<\/p>\n<p>Es ging und geht um nicht weniger als die Zukunft des Konzerns, zu dem auch Porsche und Audi geh\u00f6ren &#8211; VW ist einer der gr\u00f6\u00dften Arbeitgeber in Deutschland. Die F\u00fchrung will die Kosten senken und die Wettbewerbsf\u00e4higkeit verbessern, Belegschaft, Gewerkschaften und Politik bangen um Arbeitspl\u00e4tze und Standorte.\u00a0 <\/p>\n<p>Schon in dieser Woche k\u00f6nnte der Sparkurs bei einer Aufsichtsratssitzung konkreter werden. Nach Medienberichten tritt das Kontrollgremium an diesem Freitag zusammen. <\/p>\n","protected":false},"excerpt":{"rendered":"Vorstand und Belegschaft kommen in Hannover ein letztes Mal zusammen vor m\u00f6glichen neuen Beschl\u00fcssen. Schon bald k\u00f6nnte der&hellip;\n","protected":false},"author":2,"featured_media":1271007,"comment_status":"","ping_status":"","sticky":false,"template":"","format":"standard","meta":{"footnotes":"","_share_on_mastodon":"0"},"categories":[1836],"tags":[582,3364,29,30,46,1411,373,603],"class_list":["post-1271006","post","type-post","status-publish","format-standard","has-post-thumbnail","category-hannover","tag-automobilindustrie","tag-de","tag-deutschland","tag-germany","tag-hannover","tag-niedersachsen","tag-volkswagen","tag-vw"],"share_on_mastodon":{"url":"","error":""},"_links":{"self":[{"href":"https:\/\/www.europesays.com\/de\/wp-json\/wp\/v2\/posts\/1271006","targetHints":{"allow":["GET"]}}],"collection":[{"href":"https:\/\/www.europesays.com\/de\/wp-json\/wp\/v2\/posts"}],"about":[{"href":"https:\/\/www.europesays.com\/de\/wp-json\/wp\/v2\/types\/post"}],"author":[{"embeddable":true,"href":"https:\/\/www.europesays.com\/de\/wp-json\/wp\/v2\/users\/2"}],"replies":[{"embeddable":true,"href":"https:\/\/www.europesays.com\/de\/wp-json\/wp\/v2\/comments?post=1271006"}],"version-history":[{"count":0,"href":"https:\/\/www.europesays.com\/de\/wp-json\/wp\/v2\/posts\/1271006\/revisions"}],"wp:featuredmedia":[{"embeddable":true,"href":"https:\/\/www.europesays.com\/de\/wp-json\/wp\/v2\/media\/1271007"}],"wp:attachment":[{"href":"https:\/\/www.europesays.com\/de\/wp-json\/wp\/v2\/media?parent=1271006"}],"wp:term":[{"taxonomy":"category","embeddable":true,"href":"https:\/\/www.europesays.com\/de\/wp-json\/wp\/v2\/categories?post=1271006"},{"taxonomy":"post_tag","embeddable":true,"href":"https:\/\/www.europesays.com\/de\/wp-json\/wp\/v2\/tags?post=1271006"}],"curies":[{"name":"wp","href":"https:\/\/api.w.org\/{rel}","templated":true}]}}