{"id":1271012,"date":"2026-08-31T03:18:18","date_gmt":"2026-08-31T03:18:18","guid":{"rendered":"https:\/\/www.europesays.com\/de\/1271012\/"},"modified":"2026-08-31T03:18:18","modified_gmt":"2026-08-31T03:18:18","slug":"2-bundesliga-transfer-kehrtwende-bei-dynamo-dresden-sport","status":"publish","type":"post","link":"https:\/\/www.europesays.com\/de\/1271012\/","title":{"rendered":"2. Bundesliga: Transfer-Kehrtwende bei Dynamo Dresden! | Sport"},"content":{"rendered":"<p><a class=\"skip-content skip-content--link\" href=\"#in-content-skip-link-target-v-0-0\">TTS-Player \u00fcberspringen\u21b5<\/a><a id=\"in-content-skip-link-target-v-0-0\" class=\"skip-content--target-link-hidden skip-content skip-content--target-link\" href=\"#in-content-skip-link-target-v-0-0\">Artikel weiterlesen<\/a><\/p>\n<p><b>Noch bis Dienstag (1. September, 20 Uhr) ist das Transfer-Fenster ge\u00f6ffnet. Die letzten Tage und Stunden davor kommt bei vielen Klubs nochmal ordentlich Bewegung in die Kaderplanung. So auch bei Zweitligist Dynamo Dresden \u2013 mit zwei \u00fcberraschenden Kehrtwenden!<\/b><\/p>\n<p>Zum einen geht es um Jonas Oehmichen (22). Das Eigengew\u00e4chs sollte nach der R\u00fcckrunden-Leihe zu Drittligist Alemannia Aachen in dieser Saison in Dresden richtig durchstarten. Doch dazu kam es nicht. Nach den ersten vier Pflichtspielen inklusive DFB-Pokal stehen zwei Kurzeins\u00e4tze \u00fcber jeweils reichlich 20 Minuten zu Buche. <\/p>\n<p>Mehr zum Thema<\/p>\n<p>Trotzdem hie\u00df es noch vor wenigen Tagen, dass Dynamo den talentierten Mittelfeldmann auch bei Offerten anderer Vereine zumindest in diesem Sommer <a href=\"https:\/\/www.bild.de\/sport\/fussball\/2-bundesliga-der-unverkaeufliche-bankdruecker-bei-dynamo-dresden-6a8441b19fcb5798aae3a79d\" class=\"text-link\" rel=\"nofollow noopener\" target=\"_blank\">nicht ziehen lassen w\u00fcrde<\/a>. Allerdings hinterlegte Oehmichen seinen Wechselwunsch in den vergangenen Tagen nochmals deutlich. Nachvollziehbarer Grund: Er will spielen \u2013 und nicht haupts\u00e4chlich auf der Bank sitzen. Deshalb lenkte Dresden jetzt ein.<\/p>\n<p>BILD erfuhr: Oehmichen wird an Aachen verkauft, unterschreibt dort f\u00fcr drei Jahre! Die Vertr\u00e4ge sind ausverhandelt, die Abl\u00f6sesumme liegt bei rund 500.000 Euro. Auch wenn der geb\u00fcrtige Dresdner noch ein enormes Entwicklungspotenzial besitzt, ist das eine stolze Summe. Zwar soll es weder eine R\u00fcckkauf- noch eine Weiterverkaufsbeteiligung f\u00fcr Dynamo geben. Aber Nachschl\u00e4ge \u2013 etwa bei einem Aufstieg von Aachen oder einer bestimmten Anzahl von Spielen \u2013 sind nicht ausgeschlossen.<\/p>\n<p><img decoding=\"async\" width=\"992\" height=\"558\" alt=\"Dynamo-Trainer Thomas Stamm (l.) wechselte Jonas Oehmichen in Heidenheim in der 67. Minute ein\" loading=\"lazy\" src=\"https:\/\/www.europesays.com\/de\/wp-content\/uploads\/2026\/08\/017ecd399b8df4a66037c10dd68d09a3,99063de4.jpeg\"   class=\"landscape\"\/><\/p>\n<p class=\"fig__caption__text\">Dynamo-Trainer Thomas Stamm (l.) wechselte Jonas Oehmichen in Heidenheim in der 67. Minute ein<\/p>\n<p>Foto: Passion2Press\/Markus Fischer<\/p>\n<p>Die halbe Million legt die Alemannia aus zwei Gr\u00fcnden hin: Zum einen \u00fcberzeugte Oehmichen in der vergangenen R\u00fcckrunde auf der ganzen Linie. Zum anderen kann Aachen durch den sich anbahnenden Transfer von Faton Ademi (20) zu Bundesliga-Aufsteiger SV Elversberg die feste Verpflichtung des Dynamo-Profis auch finanziell stemmen.<\/p>\n<p>\u00dcberraschende Absage an Jason Ceka<\/p>\n<p>Die zweite Personal-\u00dcberraschung ist die von Jason Ceka (26). In den vergangenen Tagen war durchgesickert, dass <a href=\"https:\/\/www.bild.de\/sport\/fussball\/dynamo-dresden\/startseite-dynamo-46789412.bild.html\" class=\"text-link\" rel=\"nofollow noopener\" target=\"_blank\">Dynamo Dresden<\/a> \u00fcber eine Verpflichtung des in der letzten R\u00fcckrunde von Elversberg ausgeliehenen Rechtsau\u00dfen <a href=\"https:\/\/www.bild.de\/sport\/fussball\/bundesliga-geheime-wende-dynamo-dresden-will-bei-aufsteiger-zuschlagen-6a8d7b10c3692834ff6dc218\" class=\"text-link\" rel=\"nofollow noopener\" target=\"_blank\">nachdenkt<\/a>. Wie BILD erfuhr, waren sich beide Seiten sogar schon weitgehend einig. Auch Elversberg h\u00e4tte Ceka, der weder im DFB-Pokal in Duisburg (1:3), noch zum Bundesliga-Auftakt gegen Leverkusen (3:2) im Kader stand, ziehen lassen. <\/p>\n<p>Doch nach BILD-Informationen hat sich der Deal im letzten Moment zerschlagen. Einzige Erkl\u00e4rung: Die SGD-Bosse um Sportchef S\u00f6ren Gonther und Trainer Thomas Stamm haben f\u00fcr die Position auf den letzten Dr\u00fccker einen anderen Kandidaten an Land gezogen.<\/p>\n<p>Bedeutet: Nach dem Abgang von Oehmichen und der Absage an Ceka d\u00fcrfte die Zeit bis zum sogenannten Deadline-Day am Dienstag aus Dynamo-Sicht doppelt spannend werden&#8230;<\/p>\n","protected":false},"excerpt":{"rendered":"TTS-Player \u00fcberspringen\u21b5Artikel weiterlesen Noch bis Dienstag (1. September, 20 Uhr) ist das Transfer-Fenster ge\u00f6ffnet. Die letzten Tage und&hellip;\n","protected":false},"author":2,"featured_media":1271013,"comment_status":"","ping_status":"","sticky":false,"template":"","format":"standard","meta":{"footnotes":"","_share_on_mastodon":"0"},"categories":[1835],"tags":[621,999,3364,29,2386,3766,347,30,859,803,3460,5079,13225],"class_list":["post-1271012","post","type-post","status-publish","format-standard","has-post-thumbnail","category-dresden","tag-2-bundesliga","tag-alemannia-aachen","tag-de","tag-deutschland","tag-dresden","tag-dynamo-dresden","tag-fussball","tag-germany","tag-sachsen","tag-spielertransfer","tag-sport-leuchtturm-leipzig","tag-sv-elversberg","tag-transferperiode"],"share_on_mastodon":{"url":"https:\/\/pubeurope.com\/@de\/117187962916519178","error":""},"_links":{"self":[{"href":"https:\/\/www.europesays.com\/de\/wp-json\/wp\/v2\/posts\/1271012","targetHints":{"allow":["GET"]}}],"collection":[{"href":"https:\/\/www.europesays.com\/de\/wp-json\/wp\/v2\/posts"}],"about":[{"href":"https:\/\/www.europesays.com\/de\/wp-json\/wp\/v2\/types\/post"}],"author":[{"embeddable":true,"href":"https:\/\/www.europesays.com\/de\/wp-json\/wp\/v2\/users\/2"}],"replies":[{"embeddable":true,"href":"https:\/\/www.europesays.com\/de\/wp-json\/wp\/v2\/comments?post=1271012"}],"version-history":[{"count":0,"href":"https:\/\/www.europesays.com\/de\/wp-json\/wp\/v2\/posts\/1271012\/revisions"}],"wp:featuredmedia":[{"embeddable":true,"href":"https:\/\/www.europesays.com\/de\/wp-json\/wp\/v2\/media\/1271013"}],"wp:attachment":[{"href":"https:\/\/www.europesays.com\/de\/wp-json\/wp\/v2\/media?parent=1271012"}],"wp:term":[{"taxonomy":"category","embeddable":true,"href":"https:\/\/www.europesays.com\/de\/wp-json\/wp\/v2\/categories?post=1271012"},{"taxonomy":"post_tag","embeddable":true,"href":"https:\/\/www.europesays.com\/de\/wp-json\/wp\/v2\/tags?post=1271012"}],"curies":[{"name":"wp","href":"https:\/\/api.w.org\/{rel}","templated":true}]}}