{"id":1271042,"date":"2026-08-31T03:39:12","date_gmt":"2026-08-31T03:39:12","guid":{"rendered":"https:\/\/www.europesays.com\/de\/1271042\/"},"modified":"2026-08-31T03:39:12","modified_gmt":"2026-08-31T03:39:12","slug":"koeln-krankgeschrieben-was-darf-ich-trotzdem-machen","status":"publish","type":"post","link":"https:\/\/www.europesays.com\/de\/1271042\/","title":{"rendered":"K\u00f6ln | Krankgeschrieben: Was darf ich trotzdem machen?"},"content":{"rendered":"<p>K\u00f6ln (dpa\/tmn) &#8211; Wer krank ist, muss das Bett h\u00fcten &#8211; oder? Viele Arbeitnehmer haben ein schlechtes Gewissen, wenn sie arbeitsunf\u00e4hig einem Spa\u00dfprogramm nachgehen. Doch das muss nicht sein.\u00a0<\/p>\n<p>Ob Festival, Event- oder Restaurantbesuch &#8211; das alles ist nicht automatisch verboten, wenn man krankgeschrieben ist. Alles, was die Genesung f\u00f6rdert oder ihr zumindest nicht im Wege steht, ist erlaubt.\u00a0<\/p>\n<p>Sogar Urlaub. \u00abReisen w\u00e4hrend einer Krankschreibung sind dann erlaubt, wenn dadurch der Heilungsverlauf nicht gehindert wird\u00bb, erkl\u00e4rt Volker G\u00f6rzel, Fachanwalt f\u00fcr Arbeitsrecht.\u00a0<\/p>\n<p>Die Art der Krankheit ist entscheidend<\/p>\n<p>Ob das der Fall ist, h\u00e4ngt von der Krankheit ab. Etwa bei einem Bandscheibenvorfall k\u00f6nnte eine Reise der Genesung aktiv schaden. Bei einer Krankschreibung aufgrund psychischer Beschwerden hingegen k\u00f6nnte sie sogar f\u00f6rderlich f\u00fcr die Besserung sein.<\/p>\n<p>Zur Person: Volker G\u00f6rzel ist Fachanwalt f\u00fcr Arbeitsrecht in K\u00f6ln und Leiter des Fachausschusses Betriebsverfassungsrecht und Mitbestimmung im Verband deutscher Arbeitsrechtsanw\u00e4lte (VDAA).<\/p>\n","protected":false},"excerpt":{"rendered":"K\u00f6ln (dpa\/tmn) &#8211; Wer krank ist, muss das Bett h\u00fcten &#8211; oder? Viele Arbeitnehmer haben ein schlechtes Gewissen,&hellip;\n","protected":false},"author":2,"featured_media":1271043,"comment_status":"","ping_status":"","sticky":false,"template":"","format":"standard","meta":{"footnotes":"","_share_on_mastodon":"0"},"categories":[1828],"tags":[1140,630,4941,29,30,1420,123570,1209,624,1009,9449],"class_list":["post-1271042","post","type-post","status-publish","format-standard","has-post-thumbnail","category-koeln","tag-arbeit","tag-beruf","tag-cjab","tag-deutschland","tag-germany","tag-koeln","tag-krankschreibung","tag-nordrhein-westfalen","tag-ratgeber","tag-recht","tag-tmn9500"],"share_on_mastodon":{"url":"https:\/\/pubeurope.com\/@de\/117188045526073316","error":""},"_links":{"self":[{"href":"https:\/\/www.europesays.com\/de\/wp-json\/wp\/v2\/posts\/1271042","targetHints":{"allow":["GET"]}}],"collection":[{"href":"https:\/\/www.europesays.com\/de\/wp-json\/wp\/v2\/posts"}],"about":[{"href":"https:\/\/www.europesays.com\/de\/wp-json\/wp\/v2\/types\/post"}],"author":[{"embeddable":true,"href":"https:\/\/www.europesays.com\/de\/wp-json\/wp\/v2\/users\/2"}],"replies":[{"embeddable":true,"href":"https:\/\/www.europesays.com\/de\/wp-json\/wp\/v2\/comments?post=1271042"}],"version-history":[{"count":0,"href":"https:\/\/www.europesays.com\/de\/wp-json\/wp\/v2\/posts\/1271042\/revisions"}],"wp:featuredmedia":[{"embeddable":true,"href":"https:\/\/www.europesays.com\/de\/wp-json\/wp\/v2\/media\/1271043"}],"wp:attachment":[{"href":"https:\/\/www.europesays.com\/de\/wp-json\/wp\/v2\/media?parent=1271042"}],"wp:term":[{"taxonomy":"category","embeddable":true,"href":"https:\/\/www.europesays.com\/de\/wp-json\/wp\/v2\/categories?post=1271042"},{"taxonomy":"post_tag","embeddable":true,"href":"https:\/\/www.europesays.com\/de\/wp-json\/wp\/v2\/tags?post=1271042"}],"curies":[{"name":"wp","href":"https:\/\/api.w.org\/{rel}","templated":true}]}}