{"id":1271057,"date":"2026-08-31T03:50:16","date_gmt":"2026-08-31T03:50:16","guid":{"rendered":"https:\/\/www.europesays.com\/de\/1271057\/"},"modified":"2026-08-31T03:50:16","modified_gmt":"2026-08-31T03:50:16","slug":"umfragen-zur-landtagswahl-2026-in-berlin-aktuelle-umfrageergebnisse-3","status":"publish","type":"post","link":"https:\/\/www.europesays.com\/de\/1271057\/","title":{"rendered":"Umfragen zur Landtagswahl 2026 in Berlin: Aktuelle Umfrageergebnisse"},"content":{"rendered":"<p class=\"mb-6 text-xs-varying md:text-m lg:text-l font-serif group-[.font-sans]:font-sans \">\n    Bei der Landtagswahl in Berlin gibt es 2026 eine Premiere: <a href=\"https:\/\/www.berlin.de\/wahlen\/wahlen\/berliner-wahlen-2026\/fragen-und-antwortkatalog\/artikel.1646712.php\" rel=\"nofollow noopener\" target=\"_blank\" class=\"underline \">Erstmals d\u00fcrfen auch 16- und 17-J\u00e4hrige<\/a> \u00fcber die Zusammensetzung des Landesparlaments mitentscheiden. Offiziell handelt es sich nicht um eine Landtagswahl, sondern um die Wahl zum Abgeordnetenhaus. Der Unterschied liegt vor allem in der Bezeichnung: Berlin ist als Stadtstaat zugleich ein Bundesland, sein Parlament hei\u00dft deshalb nicht Landtag, sondern Abgeordnetenhaus. Funktional erf\u00fcllt es jedoch weitgehend dieselben Aufgaben wie ein Landtag in einem Fl\u00e4chenland. Deshalb wird die Berliner Wahl in Medien und Wahl\u00fcbersichten h\u00e4ufig den Landtagswahlen zugerechnet und teilweise auch vereinfachend so bezeichnet. In diesem Artikel verwenden wir beide Begriffe. Am 20. September 2026, parallel zur Landtagswahl in Mecklenburg-Vorpommern, bestimmen die Berlinerinnen und Berliner die Mitglieder des 20. Abgeordnetenhauses.\n  <\/p>\n<p class=\"mb-6 text-xs-varying md:text-m lg:text-l font-serif group-[.font-sans]:font-sans \">\n    Die Wahl findet gut dreieinhalb Jahre nach der Wiederholungswahl vom Februar 2023 statt. Damals war eine erneute Abstimmung notwendig geworden, nachdem der Berliner Verfassungsgerichtshof die Wahl von 2021 wegen zahlreicher Pannen <a href=\"https:\/\/www.berlin.de\/gerichte\/sonstige-gerichte\/verfassungsgerichtshof\/pressemitteilungen\/2022\/pressemitteilung.1265423.php\" rel=\"nofollow noopener\" target=\"_blank\" class=\"underline \">f\u00fcr ung\u00fcltig erkl\u00e4rt hatte<\/a>. Vor der Wiederholungswahl wurde Berlin von einer rot-gr\u00fcn-roten Koalition aus <a href=\"https:\/\/www.augsburger-allgemeine.de\/organisationen\/aa-spd\" target=\"_self\" class=\"underline \" rel=\"nofollow noopener\">SPD<\/a>, Gr\u00fcnen und Linken regiert. Seit 2023 f\u00fchrt eine Gro\u00dfe Koalition aus <a href=\"https:\/\/www.augsburger-allgemeine.de\/organisationen\/aa-cdu\" target=\"_self\" class=\"underline \" rel=\"nofollow noopener\">CDU<\/a> und SPD den Stadtstaat, mit Kai Wegner als regierendem B\u00fcrgermeister.\n  <\/p>\n<p class=\"mb-6 text-xs-varying md:text-m lg:text-l font-serif group-[.font-sans]:font-sans \">\n    Welches politische Stimmungsbild zeichnet sich f\u00fcr Berlin ab? Wie haben sich die Kr\u00e4fteverh\u00e4ltnisse seit 2023 ver\u00e4ndert und welche Parteien treten zur Wahl an? Die aktuellen Umfrage-Ergebnisse zur Abgeordnetenhauswahl 2026 in Berlin finden Sie hier.\n  <\/p>\n<p>            Landtagswahl Berlin 2026: Umfrage-Ergebnisse im \u00dcberblick<\/p>\n<p class=\"mb-6 text-xs-varying md:text-m lg:text-l font-serif group-[.font-sans]:font-sans \">\n    Vor der Berlin-Wahl 2026 f\u00fchren verschiedene Meinungsforschungsinstitute regelm\u00e4\u00dfig Befragungen zur politischen Stimmung durch. Aktuelle Sonntagsfragen stammen unter anderem von Forsa, INSA und Infratest dimap. Auftraggeber sind meist Medien \u2013 Forsa erhebt derzeit beispielsweise f\u00fcr t-online, INSA unter anderem f\u00fcr die Bild-Zeitung und Infratest dimap den BerlinTREND f\u00fcr den rbb. Es werden dabei verschiedene Erhebungsmethoden verwendet: Die Institute befragen die Teilnehmer je nach Erhebung online, telefonisch oder mit einer Kombination aus beiden Methoden.\n  <\/p>\n<p class=\"mb-6 text-xs-varying md:text-m lg:text-l font-serif group-[.font-sans]:font-sans \">\n    Umfragewerte sind allerdings keine Vorhersage des Wahlergebnisses. Das <a href=\"https:\/\/www.infratest-dimap.de\/umfragen-analysen\/bundeslaender\/berlin\/laendertrend\/2026\/juli-ii\/\" rel=\"nofollow noopener\" target=\"_blank\" class=\"underline \">zeigt auch der BerlinTrend von Infratest dimap<\/a> aus dem Juli: Nur 49 Prozent der Befragten gaben an, sich bei ihrer Wahlentscheidung bereits sicher zu sein. Bei 28 Prozent k\u00f6nnte sich die Entscheidung noch \u00e4ndern, weitere 22 Prozent waren unentschieden. Wie verl\u00e4sslich Wahlumfragen grunds\u00e4tzlich sind und welchen Einfluss ver\u00f6ffentlichte Ergebnisse auf das Wahlverhalten haben k\u00f6nnen, haben wir in unserem <a href=\"https:\/\/www.augsburger-allgemeine.de\/politik\/umfragen-zur-landtagswahl-2026-in-sachsen-anhalt-aktuelle-umfrageergebnisse-24-7-26-40-114850492\" target=\"_self\" class=\"underline \" rel=\"nofollow noopener\">Umfrage-Artikel zur Landtagswahl in Sachsen-Anhalt ausf\u00fchrlich erl\u00e4utert<\/a>.\n  <\/p>\n<p class=\"mb-6 text-xs-varying md:text-m lg:text-l font-serif group-[.font-sans]:font-sans \">\n    Die neuesten Umfragen zur Berlin-Wahl 2026 sind unter anderem bei <a href=\"https:\/\/www.wahlrecht.de\/umfragen\/landtage\/berlin.htm\" rel=\"nofollow noopener\" target=\"_blank\" class=\"underline \">wahlrecht.de<\/a> einsehbar. Die aktuellen Umfrageergebnisse im \u00dcberblick:\n  <\/p>\n<p class=\"mb-6 text-xs-varying md:text-m lg:text-l font-serif group-[.font-sans]:font-sans \">\n    Forsa \/ im Auftrag von t-online, 22. August 2026:\n  <\/p>\n<ul rel=\"\" class=\"[&amp;&gt;li]:relative list-none  [&amp;&gt;li]:pl-[1.2em] [&amp;&gt;li]:marker:text-[0] [&amp;&gt;li]:relative [&amp;&gt;li]:before:absolute [&amp;&gt;li]:before:w-3 [&amp;&gt;li]:before:h-3 [&amp;&gt;li]:before:bg-brand [&amp;&gt;li]:before:left-0 [&amp;&gt;li]:before:rounded-full [&amp;&gt;li]:before:top-[8px] md:[&amp;&gt;li]:before:top-[9px] lg:[&amp;&gt;li]:before:top-[11px]  my-5\">\n<li class=\" mb-3 text-xs-varying md:text-m lg:text-l\">CDU: 18 Prozent<\/li>\n<li class=\" mb-3 text-xs-varying md:text-m lg:text-l\">SPD: 12 Prozent<\/li>\n<li class=\" mb-3 text-xs-varying md:text-m lg:text-l\">B\u00fcndnis 90\/Die Gr\u00fcnen: 16 Prozent<\/li>\n<li class=\" mb-3 text-xs-varying md:text-m lg:text-l\">FDP: 3 Prozent<\/li>\n<li class=\" mb-3 text-xs-varying md:text-m lg:text-l\">Die Linke: 22 Prozent<\/li>\n<li class=\" mb-3 text-xs-varying md:text-m lg:text-l\">AfD: 18 Prozent<\/li>\n<li class=\" mb-3 text-xs-varying md:text-m lg:text-l\">BSW: 4 Prozent<\/li>\n<li class=\" mb-3 text-xs-varying md:text-m lg:text-l\">Sonstige: 7 Prozent<\/li>\n<\/ul>\n<p class=\"mb-6 text-xs-varying md:text-m lg:text-l font-serif group-[.font-sans]:font-sans \">\n    INSA \/ im Auftrag von BILD, 14. August 2026:\n  <\/p>\n<ul rel=\"\" class=\"[&amp;&gt;li]:relative list-none  [&amp;&gt;li]:pl-[1.2em] [&amp;&gt;li]:marker:text-[0] [&amp;&gt;li]:relative [&amp;&gt;li]:before:absolute [&amp;&gt;li]:before:w-3 [&amp;&gt;li]:before:h-3 [&amp;&gt;li]:before:bg-brand [&amp;&gt;li]:before:left-0 [&amp;&gt;li]:before:rounded-full [&amp;&gt;li]:before:top-[8px] md:[&amp;&gt;li]:before:top-[9px] lg:[&amp;&gt;li]:before:top-[11px]  my-5\">\n<li class=\" mb-3 text-xs-varying md:text-m lg:text-l\">CDU: 20 Prozent<\/li>\n<li class=\" mb-3 text-xs-varying md:text-m lg:text-l\">SPD: 15 Prozent<\/li>\n<li class=\" mb-3 text-xs-varying md:text-m lg:text-l\">B\u00fcndnis 90\/Die Gr\u00fcnen: 16 Prozent<\/li>\n<li class=\" mb-3 text-xs-varying md:text-m lg:text-l\">FDP: 3 Prozent<\/li>\n<li class=\" mb-3 text-xs-varying md:text-m lg:text-l\">Die Linke: 19 Prozent<\/li>\n<li class=\" mb-3 text-xs-varying md:text-m lg:text-l\">AfD: 17 Prozent<\/li>\n<li class=\" mb-3 text-xs-varying md:text-m lg:text-l\">BSW: 3 Prozent<\/li>\n<li class=\" mb-3 text-xs-varying md:text-m lg:text-l\">Sonstige: 7 Prozent<\/li>\n<\/ul>\n<p class=\"mb-6 text-xs-varying md:text-m lg:text-l font-serif group-[.font-sans]:font-sans \">\n    Im Vergleich zur Wiederholungswahl 2023 haben sich die Werte basierend auf den Umfrage-Ergebnissen teils deutlich verschoben. Damals wurde die CDU mit 28,2 Prozent st\u00e4rkste Kraft, SPD und Gr\u00fcne kamen jeweils auf 18,4 Prozent. Die Linke erreichte 12,2 Prozent, die AfD 9,1 Prozent. Die FDP verfehlte mit 4,6 Prozent den Einzug ins Abgeordnetenhaus.\n  <\/p>\n<p>            Landtagswahl 2026 in Berlin: Welche Parteien stehen zur Wahl?<\/p>\n<p class=\"mb-6 text-xs-varying md:text-m lg:text-l font-serif group-[.font-sans]:font-sans \">\n    Bei der Wahl zum Berliner Abgeordnetenhaus am 20. September 2026 treten insgesamt 17 Parteien mit Landes- oder Bezirkslisten an. Eine <a href=\"https:\/\/www.berlin.de\/wahlen\/pressemitteilungen\/2026\/pressemitteilung.1693624.php\" rel=\"nofollow noopener\" target=\"_blank\" class=\"underline \">Besonderheit des Berliner Wahlrechts<\/a>: Jede Partei entscheidet selbst, ob sie mit einer einheitlichen Landesliste f\u00fcr ganz Berlin antritt oder mit eigenen Listen in den einzelnen Bezirken.\n  <\/p>\n<p class=\"mb-6 text-xs-varying md:text-m lg:text-l font-serif group-[.font-sans]:font-sans \">\n    F\u00fcr die Frage, wie viele Sitze eine Partei insgesamt erh\u00e4lt, ist in beiden F\u00e4llen die Zweitstimme ma\u00dfgeblich. Bei Parteien mit Bezirkslisten wird anhand der Zweitstimmen in den einzelnen Bezirken ermittelt, wie sich die gewonnenen Sitze auf die Bezirkslisten verteilen. Zw\u00f6lf Parteien, darunter AfD, FDP und die Gr\u00fcnen, treten <a href=\"https:\/\/www.berlin.de\/wahlen\/pressemitteilungen\/2026\/pressemitteilung.1697177.php\" rel=\"nofollow noopener\" target=\"_blank\" class=\"underline \">laut Landeswahlleiter Berlin<\/a> 2026 mit einer berlinweiten Landesliste an. CDU, SPD und Die Linke setzen berlinweit auf Bezirkslisten. Die Reihenfolge der Kandidatinnen und Kandidaten kann dort also von Bezirk zu Bezirk variieren. HEIMAT und B* kandidieren ebenfalls mit Bezirkslisten, allerdings nur in einzelnen Bezirken.\n  <\/p>\n<p class=\"mb-6 text-xs-varying md:text-m lg:text-l font-serif group-[.font-sans]:font-sans \">\n    Alle 2026 in Berlin antretenden Parteien und ihre Spitzenkandidaten im \u00dcberblick:\n  <\/p>\n<ul rel=\"\" class=\"[&amp;&gt;li]:relative list-none  [&amp;&gt;li]:pl-[1.2em] [&amp;&gt;li]:marker:text-[0] [&amp;&gt;li]:relative [&amp;&gt;li]:before:absolute [&amp;&gt;li]:before:w-3 [&amp;&gt;li]:before:h-3 [&amp;&gt;li]:before:bg-brand [&amp;&gt;li]:before:left-0 [&amp;&gt;li]:before:rounded-full [&amp;&gt;li]:before:top-[8px] md:[&amp;&gt;li]:before:top-[9px] lg:[&amp;&gt;li]:before:top-[11px]  my-5\">\n<li class=\" mb-3 text-xs-varying md:text-m lg:text-l\">CDU, Spitzenkandidat: Stefan Evers<\/li>\n<li class=\" mb-3 text-xs-varying md:text-m lg:text-l\">SPD, Spitzenkandidat: Steffen Krach<\/li>\n<li class=\" mb-3 text-xs-varying md:text-m lg:text-l\">B\u00fcndnis 90\/Die Gr\u00fcnen, Spitzenkandidat: Werner Graf<\/li>\n<li class=\" mb-3 text-xs-varying md:text-m lg:text-l\">Die Linke, Spitzenkandidatin: Elif Eralp<\/li>\n<li class=\" mb-3 text-xs-varying md:text-m lg:text-l\">AfD, Spitzenkandidatin: Kristin Brinker<\/li>\n<li class=\" mb-3 text-xs-varying md:text-m lg:text-l\">FDP, Spitzenkandidat: Christoph Meyer<\/li>\n<li class=\" mb-3 text-xs-varying md:text-m lg:text-l\">BSW, Spitzenkandidaten: Alexander King und Michael L\u00fcders<\/li>\n<li class=\" mb-3 text-xs-varying md:text-m lg:text-l\">Tierschutzpartei<\/li>\n<li class=\" mb-3 text-xs-varying md:text-m lg:text-l\">Die PARTEI<\/li>\n<li class=\" mb-3 text-xs-varying md:text-m lg:text-l\">Volt<\/li>\n<li class=\" mb-3 text-xs-varying md:text-m lg:text-l\">Die Urbane<\/li>\n<li class=\" mb-3 text-xs-varying md:text-m lg:text-l\">DKP<\/li>\n<li class=\" mb-3 text-xs-varying md:text-m lg:text-l\">\u00d6DP<\/li>\n<li class=\" mb-3 text-xs-varying md:text-m lg:text-l\">HEIMAT<\/li>\n<li class=\" mb-3 text-xs-varying md:text-m lg:text-l\">B*<\/li>\n<li class=\" mb-3 text-xs-varying md:text-m lg:text-l\">SGP<\/li>\n<li class=\" mb-3 text-xs-varying md:text-m lg:text-l\">PdF<\/li>\n<\/ul>\n<p class=\"mb-6 text-xs-varying md:text-m lg:text-l font-serif group-[.font-sans]:font-sans \">\n    Wenn Sie sich auch f\u00fcr die zeitgleich stattfindende Landtagswahl in Mecklenburg-Vorpommern interessieren, haben wir auch zu dieser Wahl die <a href=\"https:\/\/www.augsburger-allgemeine.de\/politik\/umfragen-zur-landtagswahl-2026-in-mecklenburg-vorpommern-aktuelle-umfrageergebnisse-5-115077275\" target=\"_self\" class=\"underline \" rel=\"nofollow noopener\">neuesten Umfrageergebnisse<\/a> f\u00fcr Sie.\n  <\/p>\n","protected":false},"excerpt":{"rendered":"Bei der Landtagswahl in Berlin gibt es 2026 eine Premiere: Erstmals d\u00fcrfen auch 16- und 17-J\u00e4hrige \u00fcber die&hellip;\n","protected":false},"author":2,"featured_media":1262065,"comment_status":"","ping_status":"","sticky":false,"template":"","format":"standard","meta":{"footnotes":"","_share_on_mastodon":"0"},"categories":[1825],"tags":[9943,296,31,29,27533,30,70097,19399,1351,184,4649,188089],"class_list":["post-1271057","post","type-post","status-publish","format-standard","has-post-thumbnail","category-berlin","tag-abgeordnetenhauswahl","tag-berlin","tag-cdu","tag-deutschland","tag-forsa","tag-germany","tag-infratest-dimap","tag-landtagswahl","tag-mecklenburg-vorpommern","tag-spd","tag-umfrage","tag-umfrageergebnis"],"share_on_mastodon":{"url":"https:\/\/pubeurope.com\/@de\/117188088534023141","error":""},"_links":{"self":[{"href":"https:\/\/www.europesays.com\/de\/wp-json\/wp\/v2\/posts\/1271057","targetHints":{"allow":["GET"]}}],"collection":[{"href":"https:\/\/www.europesays.com\/de\/wp-json\/wp\/v2\/posts"}],"about":[{"href":"https:\/\/www.europesays.com\/de\/wp-json\/wp\/v2\/types\/post"}],"author":[{"embeddable":true,"href":"https:\/\/www.europesays.com\/de\/wp-json\/wp\/v2\/users\/2"}],"replies":[{"embeddable":true,"href":"https:\/\/www.europesays.com\/de\/wp-json\/wp\/v2\/comments?post=1271057"}],"version-history":[{"count":0,"href":"https:\/\/www.europesays.com\/de\/wp-json\/wp\/v2\/posts\/1271057\/revisions"}],"wp:featuredmedia":[{"embeddable":true,"href":"https:\/\/www.europesays.com\/de\/wp-json\/wp\/v2\/media\/1262065"}],"wp:attachment":[{"href":"https:\/\/www.europesays.com\/de\/wp-json\/wp\/v2\/media?parent=1271057"}],"wp:term":[{"taxonomy":"category","embeddable":true,"href":"https:\/\/www.europesays.com\/de\/wp-json\/wp\/v2\/categories?post=1271057"},{"taxonomy":"post_tag","embeddable":true,"href":"https:\/\/www.europesays.com\/de\/wp-json\/wp\/v2\/tags?post=1271057"}],"curies":[{"name":"wp","href":"https:\/\/api.w.org\/{rel}","templated":true}]}}