{"id":1271060,"date":"2026-08-31T03:52:16","date_gmt":"2026-08-31T03:52:16","guid":{"rendered":"https:\/\/www.europesays.com\/de\/1271060\/"},"modified":"2026-08-31T03:52:16","modified_gmt":"2026-08-31T03:52:16","slug":"berlin-kirchheim-bye-bye-sneakers-und-fette-klunker-jetzt-wirds-zarter","status":"publish","type":"post","link":"https:\/\/www.europesays.com\/de\/1271060\/","title":{"rendered":"Berlin\/Kirchheim | Bye-bye Sneakers und fette Klunker: Jetzt wird`s zarter"},"content":{"rendered":"<p>Berlin\/Kirchheim (dpa\/tmn) &#8211; In diesem Herbst und Winter tut sich modisch etwas. Das sieht man etwa beim Schmuck &#8211; und vor allem bei den Schuhen. Den Sneakers geht es jetzt beispielsweise an den Kragen. Diese Saison wird es laut Claudia Schulz vom Deutschen Schuhinstitut bei der Schuhmode deutlich femininer.\u00a0<\/p>\n<p>\u00abDie Herbst-Winter-Trends zeigen sehr viele neue Silhouetten, zum Beispiel bei Stiefeln und Stiefeletten\u00bb, sagt Schulz. Die Leisten werden schmaler, die Schnitte zierlicher. Au\u00dferdem sind ihr zufolge jetzt hohe Stiefel,\u00a0auch Overknees, statt Sneakers angesagt &#8211; und Westernstiefel, \u00abcool kombiniert zum\u00a0kurzen oder auch zum Midi-Rock\u00bb.\u00a0<\/p>\n<p>Ein Schuh liegt f\u00fcr Schulz diesen Herbst und Winter aber besonders im Trend: die schlanke Stiefelette, die gerne auch mal ein bisschen spitzer zulaufen darf.\u00a0<\/p>\n<p>Zeigt her eure S\u00f6ckchen<\/p>\n<p>Das Praktische: \u00abDie Stiefelette ist kn\u00f6chelhoch und passt dadurch eigentlich zu jedem Look\u00bb, sagt Schulz. \u00abIch kann sie sehr gut zu R\u00f6cken oder zu Kleidern anziehen, vor allem in Midi- und Maxil\u00e4nge, zu St\u00fccken mit Pailletten oder Spitze. Aber das ist kein Schuh, den ich nur schick kombinieren kann.\u00bb\u00a0<\/p>\n<p>Ganz im Gegenteil: Mit filigranen Stiefeletten lassen sich auch gut Kontraste im Outfit herstellen, etwa wenn man sie zu den aktuell angesagten gerade geschnittenen oder im Saum leicht ausgestellten Jeans tr\u00e4gt. \u00abAu\u00dferdem kann man zum Beispiel mit S\u00f6ckchen arbeiten, die ein wenig aus der Stiefelette herausgucken\u00bb, sagt Schulz.<\/p>\n<p>Eine weitere elegante und angesagte Alternative zum Sneaker ist \u00fcbrigens der Loafer. H\u00e4ufig ist er dieses Jahr etwa in Kroko-Optik zu sehen, sagt Schulz. \u00abEin alltagstauglicher Lieblingslook\u00bb der Schuhexpertin: Kroko-Loafer zum weit geschnittenen Blazer, zu Schluppenbluse und Jeans.<\/p>\n<p>Auch Ohrringe werden feiner<\/p>\n<p>Beim Accessoires geht der Trend ebenfalls zu filigranen St\u00fccken. \u00abWir sehen weniger Statementketten, weniger Statementohrringe\u00bb, sagt die Stilberaterin Dunja He\u00df. Stattdessen kommen etwa zur\u00fcckhaltendere Ohrringe wie Creolen. Au\u00dferdem jetzt h\u00e4ufig zu sehen: Broschen.<\/p>\n<p>Getragen werden die im Herbst und Winter etwa am Revers vom Blazer. F\u00fcr Dunja He\u00df k\u00f6nnen sie dort eine sch\u00f6ne Alternative zu Schmuckst\u00fccken bilden, die sonst eher nah am Gesicht sind. Doch Vorsicht: Nicht zu dick auftragen und nicht wild kombinieren. \u00abGut gehen etwa Broschen mit Perlen und Schmucksteinen\u00bb, sagt He\u00df, \u00abdie dann die Farbe des Outfits wiedergeben\u00bb.<\/p>\n","protected":false},"excerpt":{"rendered":"Berlin\/Kirchheim (dpa\/tmn) &#8211; In diesem Herbst und Winter tut sich modisch etwas. Das sieht man etwa beim Schmuck&hellip;\n","protected":false},"author":2,"featured_media":1271061,"comment_status":"","ping_status":"","sticky":false,"template":"","format":"standard","meta":{"footnotes":"","_share_on_mastodon":"0"},"categories":[1825],"tags":[296,2632,29,30,169508,5013,350,260291,260290,149917,2241],"class_list":["post-1271060","post","type-post","status-publish","format-standard","has-post-thumbnail","category-berlin","tag-berlin","tag-brcmj","tag-deutschland","tag-germany","tag-inspire-me","tag-lifestyle","tag-mode","tag-modeherbst","tag-themenpaket-modeherbst","tag-tmn1900","tag-trends"],"share_on_mastodon":{"url":"https:\/\/pubeurope.com\/@de\/117188096580142288","error":""},"_links":{"self":[{"href":"https:\/\/www.europesays.com\/de\/wp-json\/wp\/v2\/posts\/1271060","targetHints":{"allow":["GET"]}}],"collection":[{"href":"https:\/\/www.europesays.com\/de\/wp-json\/wp\/v2\/posts"}],"about":[{"href":"https:\/\/www.europesays.com\/de\/wp-json\/wp\/v2\/types\/post"}],"author":[{"embeddable":true,"href":"https:\/\/www.europesays.com\/de\/wp-json\/wp\/v2\/users\/2"}],"replies":[{"embeddable":true,"href":"https:\/\/www.europesays.com\/de\/wp-json\/wp\/v2\/comments?post=1271060"}],"version-history":[{"count":0,"href":"https:\/\/www.europesays.com\/de\/wp-json\/wp\/v2\/posts\/1271060\/revisions"}],"wp:featuredmedia":[{"embeddable":true,"href":"https:\/\/www.europesays.com\/de\/wp-json\/wp\/v2\/media\/1271061"}],"wp:attachment":[{"href":"https:\/\/www.europesays.com\/de\/wp-json\/wp\/v2\/media?parent=1271060"}],"wp:term":[{"taxonomy":"category","embeddable":true,"href":"https:\/\/www.europesays.com\/de\/wp-json\/wp\/v2\/categories?post=1271060"},{"taxonomy":"post_tag","embeddable":true,"href":"https:\/\/www.europesays.com\/de\/wp-json\/wp\/v2\/tags?post=1271060"}],"curies":[{"name":"wp","href":"https:\/\/api.w.org\/{rel}","templated":true}]}}