{"id":1271064,"date":"2026-08-31T03:54:15","date_gmt":"2026-08-31T03:54:15","guid":{"rendered":"https:\/\/www.europesays.com\/de\/1271064\/"},"modified":"2026-08-31T03:54:15","modified_gmt":"2026-08-31T03:54:15","slug":"artoll-sommerlabor-in-bedburg-hau-neue-ausstellung-zwischen-haut-und-welt","status":"publish","type":"post","link":"https:\/\/www.europesays.com\/de\/1271064\/","title":{"rendered":"ArToll-Sommerlabor in Bedburg-Hau: Neue Ausstellung \u201eZwischen Haut und Welt&#8220;"},"content":{"rendered":"<p class=\"text_ohne_einzug richtext text-em-55 !leading-serif mx-6 desktop:mx-0\">Kleidung ist mehr als was Menschen anziehen, um nicht zu frieren oder ihre Nacktheit zu verbergen. \u201eOhne Kleidung g\u00e4be es keine Riten, keine Kultur, keine Identit\u00e4t\u201c, sagt Carla Gottwein vom Vorstand des Bedburg-Hauer Vereins \u201eArToll Kunstlabor\u201c. \u201eZwischen Haut und Welt\u201c lautete die \u00dcberschrift des diesj\u00e4hrigen Sommerlabors im ehemaligen Haus 6 der LVR-Klinik. Sieben K\u00fcnstlerinnen und zwei K\u00fcnstler waren dort f\u00fcr 14 Tage zusammengekommen, um ihre individuellen Sichtweisen auf das Thema zu entwickeln und in Objekten zum Ausdruck zu bringen.<\/p>\n<p class=\"richtext text-em-55 !leading-serif mx-6 desktop:mx-0\">Dem Betrachter zeigt sich eine \u00fcberw\u00e4ltigende Vielgestaltigkeit bei der Interpretation des Themas. So hat Luzia-Maria Derks aus M\u00fcnster ein intimes Detail gew\u00e4hlt, das sich \u201ezwischen Haut und Welt\u201c befindet: aus den Klebestreifen von Slipeinlagen gestaltete sie ein Fenster mit dem Titel \u201ein between\u201c. F\u00fcr ein weiteres Objekt w\u00e4hlte sie eine goldgl\u00e4nzende Folie, die bei Notf\u00e4llen dazu dient, verletzte und traumatisierte Menschen zu umh\u00fcllen. Mit einem Ventilator hat sie die Folie zum Erzittern gebracht \u2013 eine Installation, die nachdenklich macht.<\/p>\n<p>Neun Perspektiven auf die Kleidung      <\/p>\n<p class=\"richtext text-em-55 !leading-serif mx-6 desktop:mx-0\">Hanneke van Broekhofen, die in Nimwegen lebt und arbeitet, bringt Kleidung mit Naturmaterialien zusammen, empfindet mit Stoffen Astgabelungen oder Bl\u00fctenkelche nach. Die Idee kam ihr, weil so viel Altkleider von Hilfsorganisationen nach Afrika gebracht werden und dort oftmals nicht genutzt und entsorgt werden.<\/p>\n<p class=\"richtext text-em-55 !leading-serif mx-6 desktop:mx-0\">Maike Jansen, Textildesignerin aus <a href=\"https:\/\/rp-online.de\/thema\/krefeld\/\" rel=\"nofollow noopener\" target=\"_blank\">Krefeld<\/a>, zerlegt Kleidung und erforscht die einzelnen Formen, pr\u00e4sentiert sie isoliert, ohne den K\u00f6rperteil, f\u00fcr den sie gemacht sind \u2013 ein Perspektivwechsel. Weiter faszinieren sie verschiedene Webtechniken. \u201eKleidung als \u201azweite Haut\u2018 ist eine Form der Kommunikation\u201c, sagt sie. Antonia Breme, bildende K\u00fcnstlerin aus Berlin, hat Plissee-Stoff in Skulpturen verwandelt. \u201ePlissee-R\u00f6cke bieten Beinfreiheit, in der stabilen Form ist der Moment festgehalten\u201c, sagt sie.<\/p>\n<p class=\"richtext text-em-55 !leading-serif mx-6 desktop:mx-0\">Lawin Ramelinck von der Kunstakademie in <a href=\"https:\/\/rp-online.de\/thema\/arnheim\/\" rel=\"nofollow noopener\" target=\"_blank\">Arnheim<\/a> hat eigene Zeichnungen in Ganzk\u00f6rper-Suits umgesetzt und nutzt Materialien, die sonst andere Verwendungen haben: Pappmaschee oder starre Netzstrukturen. Er zeigt auf seine Zeichnungen: \u201eEs sind Figuren aus Traum und Alptraum, aber ja, die Kleidung ist tragbar.\u201c Wie alle Teilnehmenden des Kunstlabors ist er begeistert von der M\u00f6glichkeit zum Austausch miteinander. \u201eDas ist richtig aufregend, hier zusammen zu arbeiten\u201c, betont er. \u201eDer Austausch der K\u00fcnstler und K\u00fcnstlerinnen untereinander ist ein wesentlicher Effekt unseres Sommerlabors\u201c, sagt Carla Gottwein.<\/p>\n<p>Upcycling trifft auf handwerkliche Tradition      <\/p>\n<p class=\"richtext text-em-55 !leading-serif mx-6 desktop:mx-0\">Maria Vogt aus Kleve verbindet Performance-Kunst mit Modedesign. Auch f\u00fcr sie ist Mode ein Ausdruck der Identit\u00e4t, aber sie geht noch tiefer in die Psyche. Drei Vorstellungen hat sie vorbereitet, die befreundete Performer darstellen werden: die \u201aVogelfrau\u2018, die \u201aKriegerfrau\u2018 und \u201adas verletzte H\u00e4schen\u2018. Mit einem Video schlie\u00dflich wird sie eine ganz pers\u00f6nliche Erfahrung teilen und das Publikum ber\u00fchren. \u201eF\u00fcr mich bedeutet Kunst, durch etwas hindurchzugehen und schlie\u00dflich zum Ausdruck zu bringen.\u201c<\/p>\n<p class=\"richtext text-em-55 !leading-serif mx-6 desktop:mx-0\">Auch ihre Schwester Rosa Vogt arbeitet mit Performances. Bei ihr spielt eine selbst gestaltete Decke eine symbolhafte Rolle. Die Berliner Modedesignerin Verena Michels verkn\u00fcpft in ihren Arbeiten handwerkliche und industriell hergestellte Kleidung. Upcycling sei f\u00fcr sie, wie sie erkl\u00e4rt, eine Weiterentwicklung des Bestehenden. Ihre Jeanshosen mit geh\u00e4kelten Eins\u00e4tzen im Knie-Bereich haben Trend-Potential. \u201eHandwerk trifft auf Industrie und kehrt sie um\u201c, sagt sie.<\/p>\n<p>Ausstellung noch bis zum 13. September      <\/p>\n<p class=\"richtext text-em-55 !leading-serif mx-6 desktop:mx-0\">J\u00fcrgen K\u00fcster aus <a href=\"https:\/\/rp-online.de\/thema\/wachtendonk\/\" rel=\"nofollow noopener\" target=\"_blank\">Wachtendonk<\/a> wiederum hat sich mit einem kleinen, aber wichtigen Stoffst\u00fcck besch\u00e4ftigt, dem Zwickel. In seinem \u201aZwickelb\u00fcro\u2018 zeigt er sein Form- und Farbenspiel und auch die Bedeutungs-Erweiterungen. \u201eDie Zeit hier ist gro\u00dfartig mit den anderen, hinzu kommt der morbide Charme des Raums \u2013 man muss hier hellwach sein, alles aufgreifen\u201c, sagt er.<\/p>\n<p class=\"richtext text-em-55 !leading-serif mx-6 desktop:mx-0\">Die Ausstellung \u201eZwischen Haut und Welt\u201c im ArToll-Kunstlabor, Zur Mulde 10 in <a href=\"https:\/\/rp-online.de\/thema\/bedburg-hau\/\" rel=\"nofollow noopener\" target=\"_blank\">Bedburg-Hau<\/a>, wurde am Samstag er\u00f6ffnet. F\u00fcr die Einf\u00fchrung sorgte Valentina Vlasic, die Leiterin des LWL-Museums Textilwerk in Bocholt. Die Arbeiten sind bis zur Finissage am 13. September zu sehen, samstags und sonntags von 14 Uhr bis 18 Uhr.<\/p>\n","protected":false},"excerpt":{"rendered":"Kleidung ist mehr als was Menschen anziehen, um nicht zu frieren oder ihre Nacktheit zu verbergen. \u201eOhne Kleidung&hellip;\n","protected":false},"author":2,"featured_media":1271065,"comment_status":"","ping_status":"","sticky":false,"template":"","format":"standard","meta":{"footnotes":"","_share_on_mastodon":"0"},"categories":[1775],"tags":[1793,262560,2076,26922,29,214,30,106308,1669,18074,13895,2075,1794,28974,262561,3910,4819,4815,262562,215],"class_list":["post-1271064","post","type-post","status-publish","format-standard","has-post-thumbnail","category-kunst-und-design","tag-art-and-design","tag-artoll","tag-ausstellung","tag-bedburg","tag-deutschland","tag-entertainment","tag-germany","tag-hau","tag-haut","tag-identitaet","tag-kleidung","tag-kunst","tag-kunst-und-design","tag-kunstakademie","tag-kunstlabor","tag-kuenstler","tag-kuenstlerin","tag-kuenstlerinnen","tag-sommerlabor","tag-unterhaltung"],"share_on_mastodon":{"url":"https:\/\/pubeurope.com\/@de\/117188104220147424","error":""},"_links":{"self":[{"href":"https:\/\/www.europesays.com\/de\/wp-json\/wp\/v2\/posts\/1271064","targetHints":{"allow":["GET"]}}],"collection":[{"href":"https:\/\/www.europesays.com\/de\/wp-json\/wp\/v2\/posts"}],"about":[{"href":"https:\/\/www.europesays.com\/de\/wp-json\/wp\/v2\/types\/post"}],"author":[{"embeddable":true,"href":"https:\/\/www.europesays.com\/de\/wp-json\/wp\/v2\/users\/2"}],"replies":[{"embeddable":true,"href":"https:\/\/www.europesays.com\/de\/wp-json\/wp\/v2\/comments?post=1271064"}],"version-history":[{"count":0,"href":"https:\/\/www.europesays.com\/de\/wp-json\/wp\/v2\/posts\/1271064\/revisions"}],"wp:featuredmedia":[{"embeddable":true,"href":"https:\/\/www.europesays.com\/de\/wp-json\/wp\/v2\/media\/1271065"}],"wp:attachment":[{"href":"https:\/\/www.europesays.com\/de\/wp-json\/wp\/v2\/media?parent=1271064"}],"wp:term":[{"taxonomy":"category","embeddable":true,"href":"https:\/\/www.europesays.com\/de\/wp-json\/wp\/v2\/categories?post=1271064"},{"taxonomy":"post_tag","embeddable":true,"href":"https:\/\/www.europesays.com\/de\/wp-json\/wp\/v2\/tags?post=1271064"}],"curies":[{"name":"wp","href":"https:\/\/api.w.org\/{rel}","templated":true}]}}