{"id":1271066,"date":"2026-08-31T03:56:22","date_gmt":"2026-08-31T03:56:22","guid":{"rendered":"https:\/\/www.europesays.com\/de\/1271066\/"},"modified":"2026-08-31T03:56:22","modified_gmt":"2026-08-31T03:56:22","slug":"bauer-sucht-frau-international-kandidat-2026-aleksandar-sucht-eine-sportliche-frau-fuer-sein-leben-in-kroatien","status":"publish","type":"post","link":"https:\/\/www.europesays.com\/de\/1271066\/","title":{"rendered":"\u201eBauer sucht Frau International\u201d-Kandidat 2026: Aleksandar sucht eine sportliche Frau f\u00fcr sein Leben in Kroatien"},"content":{"rendered":"<p>\u201eBauer sucht Frau International\u201d-KandidatAleksandar sucht eine sportliche Frau f\u00fcr sein Leben in Kroatien<\/p>\n<p class=\"AnnotatedMarkup_paragraph__IUT9l\"><strong>Er ist noch lange nicht fertig!<\/strong><br \/>Aleksandar hat sich in Kroatien St\u00fcck f\u00fcr St\u00fcck seinen eigenen Hof aufgebaut und spr\u00fcht noch immer vor neuen Ideen. Der 61-J\u00e4hrige produziert unter anderem Ziegen- und Eselmilch, plant sein eigenes Restaurant und Hotel \u2013 und m\u00f6chte bei \u201eBauer sucht Frau International\u201c jetzt endlich auch seinem Liebesleben mehr Platz geben.<\/p>\n<p>\u201eBauer sucht Frau International\u201c-Kandidat Aleksandar im Steckbrief<img alt=\"Aleksandar sucht eine sportliche Frau f\u00fcr sein Leben in Kroatien\" fetchpriority=\"auto\" loading=\"lazy\" width=\"940\" height=\"529\" decoding=\"async\" data-nimg=\"1\" class=\"Image_image__SdgLQ Picture_image__vGN9W\" style=\"color:transparent\"   src=\"https:\/\/www.europesays.com\/de\/wp-content\/uploads\/2026\/08\/koelnnews_343587401_47375.webp\"\/><\/p>\n<p>Aleksandar sucht eine sportliche Frau f\u00fcr sein Leben in Kroatien<\/p>\n<p>RTL<\/p>\n<ul class=\"BulletedList_ul__9tzYn\">\n<li class=\"BulletedList_li__361p2\">\n<p class=\"AnnotatedMarkup_paragraph__IUT9l\">Alter: 61<\/p>\n<\/li>\n<li class=\"BulletedList_li__361p2\">\n<p class=\"AnnotatedMarkup_paragraph__IUT9l\">Sternzeichen: Fische<\/p>\n<\/li>\n<li class=\"BulletedList_li__361p2\">\n<p class=\"AnnotatedMarkup_paragraph__IUT9l\">Region: Zagreb, Kroatien<\/p>\n<\/li>\n<li class=\"BulletedList_li__361p2\">\n<p class=\"AnnotatedMarkup_paragraph__IUT9l\">Betrieb: Milchverarbeitung, Tierhaltung und Ecotourismus<\/p>\n<\/li>\n<li class=\"BulletedList_li__361p2\">\n<p class=\"AnnotatedMarkup_paragraph__IUT9l\">Hofgr\u00f6\u00dfe: rund acht Hektar<\/p>\n<\/li>\n<li class=\"BulletedList_li__361p2\">\n<p class=\"AnnotatedMarkup_paragraph__IUT9l\">Umfeld: Aleks lebt gemeinsam mit seinem erwachsenen Sohn Gabriel auf dem Hof<\/p>\n<\/li>\n<\/ul>\n<p>Ihr wollt mehr News von RTL.de bei Google finden? So einfach geht\u2019s!Wozu dienen die bevorzugten Quellen bei Google?<\/p>\n<p>Ihr scrollt durch die Google-Suche und wollt direkt das sehen, was euch wirklich interessiert? Genau daf\u00fcr hat Google jetzt eine neue Funktion am Start. Mit den sogenannten \u201eBevorzugten Quellen\u201c k\u00f6nnt ihr selbst festlegen, welche Inhalte euch h\u00e4ufiger angezeigt werden. Und genau hier kommt rtl.de ins Spiel. Wenn ihr uns als Favorit markiert, bekommt ihr k\u00fcnftig die wichtigsten Geschichten und Nachrichten f\u00fcr euer Leben, aktuelle News, exklusive VIP-Geschichten aus der Welt eurer Lieblingspromis und RTL-Stars sowie alles rund um Shows, Realitys und Serien<b> <\/b>noch schneller angezeigt.<\/p>\n<p>So aktiviert ihr RTL.de als bevorzugte Quelle bei Google<\/p>\n<p>Der Weg dahin ist wirklich simpel \u2013 ihr braucht nur ein Google-Konto.<\/p>\n<ol>\n<p><b>Direkt \u00fcber den Link<\/b>: Klickt auf diesen <a href=\"https:\/\/www.google.com\/preferences\/source?q=rtl.de\" target=\"_blank\" rel=\"Follow nofollow noopener\">Aktivierungslink<\/a> und w\u00e4hlt rtl.de als bevorzugte Quelle aus.<\/p>\n<p>Sucht alternativ ein Thema bei Google, tippt auf das <b>Sternsymbol neben \u201eSchlagzeilen\u201c<\/b> und f\u00fcgt RTL.de dort hinzu. Danach einfach die Suche neu laden.<\/p>\n<\/ol>\n<p>Schon werden euch Inhalte eurer Lieblingsquelle h\u00e4ufiger angezeigt<\/p>\n<p><a href=\"https:\/\/www.rtl.de\/news\/rtl-de-als-bevorzugte-quelle-bei-google-was-dahinter-steckt-und-wie-ihr-es-aktiviert-id30795186.html\" target=\"_self\" rel=\"Follow nofollow noopener\">Hier erfahrt ihr mehr \u00fcber die bevorzugten Quellen bei Google<\/a><\/p>\n<p>Von Ruhestand kann bei Aleks keine Rede sein<\/p>\n<p class=\"AnnotatedMarkup_paragraph__IUT9l\">Der 61-J\u00e4hrige lebt auf einem rund acht Hektar gro\u00dfen Hof in der N\u00e4he von Zagreb und hat dort noch jede Menge vor. Gemeinsam mit seinem erwachsenen Sohn Gabriel baut er den Betrieb immer weiter aus. Doch zwischen Ziegen, neuen Gesch\u00e4ftsideen und Zukunftspl\u00e4nen fehlt Aleks noch eines: die richtige Frau an seiner Seite.<\/p>\n<p class=\"AnnotatedMarkup_paragraph__IUT9l\"><strong>Wenn Du Aleksandar kennenlernen m\u00f6chtest, dann bewirb dich online auf <a rel=\"noopener noreferrer nofollow\" href=\"https:\/\/www.rtl.de\/sendungen\/bauer-sucht-frau-international\/rtl.de\/bewerben\" target=\"_blank\">rtl.de\/bewerben<\/a>.<\/strong><\/p>\n<p>Anzeige:<\/p>\n<p>Empfehlungen unserer Partner<\/p>\n<p>Aleks kehrt f\u00fcr seinen Bauernhof zu seinen Wurzeln zur\u00fcck<\/p>\n<p class=\"AnnotatedMarkup_paragraph__IUT9l\">Aleksandar, den alle kurz Aleks nennen, wird urspr\u00fcnglich in Bosnien geboren und w\u00e4chst sp\u00e4ter auf einem Bauernhof in Kroatien auf. Als junger Mann wandert er in die Schweiz aus. Doch irgendwann zieht es ihn zur\u00fcck zur Landwirtschaft .St\u00fcck f\u00fcr St\u00fcck baut sich Aleks in Kroatien seinen eigenen Bauernhof auf. Seit 2012 lebt er dort vor allem vom Verkauf und der Verarbeitung von Ziegenmilch. Rund eine halbe Million Liter verarbeitet der Hof pro Jahr unter anderem zu K\u00e4se, Milch und Joghurt.<\/p>\n<p class=\"AnnotatedMarkup_paragraph__IUT9l\">Neben Ziegen leben auf dem Hof auch Esel, Schweine und Gefl\u00fcgel. Eine ganz besondere Rolle spielt f\u00fcr Aleks die Eselmilch, die er selbst sein \u201eElixier\u201c nennt. \u201eDie ist besonders n\u00e4hrstoffreich und h\u00e4lt jung!\u201c, sagt der ern\u00e4hrungsbewusste Landwirt.<\/p>\n<p class=\"AnnotatedMarkup_paragraph__IUT9l\">Auch gesch\u00e4ftlich denkt der \u201eBauer sucht Frau International\u201c-Kandidat Aleksandar l\u00e4ngst \u00fcber die klassische Landwirtschaft hinaus. Gemeinsam mit seinem Sohn Gabriel f\u00fchrt er den Betrieb. Seine Zwillingst\u00f6chter Clara und Laura wollen ebenfalls in das Familienunternehmen einsteigen.<\/p>\n<p>Aleks plant schon Restaurant und Hotel<\/p>\n<p class=\"AnnotatedMarkup_paragraph__IUT9l\">An Ideen mangelt es ihm jedenfalls nicht. Der Hof wird weiter ausgebaut, k\u00fcnftig sollen dort auch ein Restaurant und ein Hotel er\u00f6ffnen. Damit setzt Aleks zus\u00e4tzlich auf Ecotourismus und m\u00f6chte seinen Betrieb noch breiter aufstellen.<\/p>\n<p class=\"AnnotatedMarkup_paragraph__IUT9l\">Trotz all dieser Projekte wei\u00df der 61-J\u00e4hrige aber auch ziemlich genau, wie er sich die kommenden Jahre privat vorstellt. Er m\u00f6chte sich k\u00fcnftig bewusster Zeit f\u00fcr sein Liebesleben nehmen und seinen Lebensabend am liebsten mit einer Partnerin auf dem Hof verbringen.<\/p>\n<p><img alt=\"Bauer sucht Frau International\" fetchpriority=\"auto\" loading=\"lazy\" width=\"615\" height=\"346\" decoding=\"async\" data-nimg=\"1\" class=\"Image_image__SdgLQ RtlPlusContent_image__Gbn0N\" style=\"color:transparent\"   src=\"https:\/\/www.europesays.com\/de\/wp-content\/uploads\/2026\/08\/bauer-sucht-frau-international.webp\"\/>Seine Traumfrau soll jung geblieben und sportlich sein<\/p>\n<p class=\"AnnotatedMarkup_paragraph__IUT9l\">Aleks f\u00fchlt sich selbst noch jung und fit. Genau das w\u00fcnscht er sich auch von einer Frau an seiner Seite. Sie sollte sportlich sein, lebensfroh durchs Leben gehen und sich vorstellen k\u00f6nnen, seinen Alltag in Kroatien mit ihm zu teilen.<\/p>\n<p class=\"AnnotatedMarkup_paragraph__IUT9l\">Zwischen Landwirtschaft, Familie und immer neuen Hofprojekten soll die Liebe k\u00fcnftig jedenfalls nicht mehr zu kurz kommen. Vielleicht findet Aleks bei \u201eBauer sucht Frau International\u201c genau die Frau, mit der er all seine weiteren Pl\u00e4ne gemeinsam angehen kann.<\/p>\n","protected":false},"excerpt":{"rendered":"\u201eBauer sucht Frau International\u201d-KandidatAleksandar sucht eine sportliche Frau f\u00fcr sein Leben in Kroatien Er ist noch lange nicht&hellip;\n","protected":false},"author":2,"featured_media":1271067,"comment_status":"","ping_status":"","sticky":false,"template":"","format":"standard","meta":{"footnotes":"","_share_on_mastodon":"0"},"categories":[1773],"tags":[261016,64353,262379,97398,66048,262377,66049,262376,66047,262378,29,262375,214,30,6629,471,1780,684,215],"class_list":["post-1271066","post","type-post","status-publish","format-standard","has-post-thumbnail","category-serien","tag-ah-analytics","tag-bauer-sucht-frau-international","tag-bauer-sucht-frau-international-3403","tag-bauer-sucht-frau-international-2026","tag-bauer-sucht-frau-international-kandidaten","tag-bauer-sucht-frau-international-kandidaten-3399","tag-bauer-sucht-frau-international-news","tag-bauer-sucht-frau-international-news-3398","tag-bauer-sucht-frau-international-videos","tag-bauer-sucht-frau-international-arc-sendungen-real-life-bauer-sucht-frau-international","tag-deutschland","tag-die-internationalen-bauern-arc-sendungen-real-life-bauer-sucht-frau-international-die-internationalen-bauern","tag-entertainment","tag-germany","tag-inka-bause","tag-serien","tag-series","tag-tv","tag-unterhaltung"],"share_on_mastodon":{"url":"","error":"Validation failed: Text character limit of 500 exceeded"},"_links":{"self":[{"href":"https:\/\/www.europesays.com\/de\/wp-json\/wp\/v2\/posts\/1271066","targetHints":{"allow":["GET"]}}],"collection":[{"href":"https:\/\/www.europesays.com\/de\/wp-json\/wp\/v2\/posts"}],"about":[{"href":"https:\/\/www.europesays.com\/de\/wp-json\/wp\/v2\/types\/post"}],"author":[{"embeddable":true,"href":"https:\/\/www.europesays.com\/de\/wp-json\/wp\/v2\/users\/2"}],"replies":[{"embeddable":true,"href":"https:\/\/www.europesays.com\/de\/wp-json\/wp\/v2\/comments?post=1271066"}],"version-history":[{"count":0,"href":"https:\/\/www.europesays.com\/de\/wp-json\/wp\/v2\/posts\/1271066\/revisions"}],"wp:featuredmedia":[{"embeddable":true,"href":"https:\/\/www.europesays.com\/de\/wp-json\/wp\/v2\/media\/1271067"}],"wp:attachment":[{"href":"https:\/\/www.europesays.com\/de\/wp-json\/wp\/v2\/media?parent=1271066"}],"wp:term":[{"taxonomy":"category","embeddable":true,"href":"https:\/\/www.europesays.com\/de\/wp-json\/wp\/v2\/categories?post=1271066"},{"taxonomy":"post_tag","embeddable":true,"href":"https:\/\/www.europesays.com\/de\/wp-json\/wp\/v2\/tags?post=1271066"}],"curies":[{"name":"wp","href":"https:\/\/api.w.org\/{rel}","templated":true}]}}