{"id":1271071,"date":"2026-08-31T04:00:16","date_gmt":"2026-08-31T04:00:16","guid":{"rendered":"https:\/\/www.europesays.com\/de\/1271071\/"},"modified":"2026-08-31T04:00:16","modified_gmt":"2026-08-31T04:00:16","slug":"union-berlin-gefeuerter-ex-coach-steffen-baumgart-war-im-stadion-sport","status":"publish","type":"post","link":"https:\/\/www.europesays.com\/de\/1271071\/","title":{"rendered":"Union Berlin: Gefeuerter Ex-Coach Steffen Baumgart war im Stadion | Sport"},"content":{"rendered":"<p><a class=\"skip-content skip-content--link\" href=\"#in-content-skip-link-target-v-0-0\">TTS-Player \u00fcberspringen\u21b5<\/a><a id=\"in-content-skip-link-target-v-0-0\" class=\"skip-content--target-link-hidden skip-content skip-content--target-link\" href=\"#in-content-skip-link-target-v-0-0\">Artikel weiterlesen<\/a><\/p>\n<p>Berlin \u2013 <b>Es ist sehr ungew\u00f6hnlich, wenn ein freigestellter Trainer ein Bundesliga-Heimspiel seiner alten Mannschaft auf der Trib\u00fcne verfolgt. Aber bei der Partie zwischen Union und Frankfurt (3:3) hat es genau das gegeben.<\/b><\/p>\n<p>Gut vier Monate nach seinem letzten Match als verantwortlicher Union-Coach am 11. April in Heidenheim (1:3) sa\u00df Steffen Baumgart (54) auf der Haupttrib\u00fcne. Erstmals sah er die Eisernen wieder live.  Baumgart ist bekennender Union-Fan und schon \u00fcber 20 Jahre Vereinsmitglied. Er sa\u00df nicht im VIP-Bereich, vor ihm hatten ein paar Frankfurter Anh\u00e4nger Platz gefunden,<\/p>\n<p>Steffen Baumgart besitzt bei Union zwei Dauerkarten<\/p>\n<p>Baumgart kam als Anh\u00e4nger und Dauerkarteninhaber. Weil seine Frau Katja verhindert war, brachte er den fr\u00fcheren <a href=\"https:\/\/www.bild.de\/sport\/fussball\/union-berlin\/startseite-union-31148690.bild.html\" class=\"text-link\" rel=\"nofollow noopener\" target=\"_blank\">Union<\/a>-Manager Nico Sch\u00e4fer mit, mit dem Baumgart befreundet ist. Baumgarts Liebe zum Verein ist trotz der f\u00fcr ihn sehr unangenehmen Trennung geblieben. Er lebt weiter in K\u00f6penick und wird Union auch in Zukunft die Daumen dr\u00fccken.<\/p>\n<p>Bei Spielbeobachtungen bleibt er gew\u00f6hnlich immer sitzen. In der packenden Schlussphase hielt es aber auch ihn nicht mehr auf dem Plastikstuhl. Interessant: Den dreifachen Frankfurter Torsch\u00fctzen Younes Ebnoutalib (22) wollte <a href=\"https:\/\/www.bild.de\/sport\/fussball\/union-berlin-ex-trainer-steffen-baumgart-kehrt-zurueck-6a58b3d2f127abe2ae490057\" class=\"text-link\" rel=\"nofollow noopener\" target=\"_blank\">Baumgart<\/a> im Jahr 2025 zu Union holen.<\/p>\n","protected":false},"excerpt":{"rendered":"TTS-Player \u00fcberspringen\u21b5Artikel weiterlesen Berlin \u2013 Es ist sehr ungew\u00f6hnlich, wenn ein freigestellter Trainer ein Bundesliga-Heimspiel seiner alten Mannschaft&hellip;\n","protected":false},"author":2,"featured_media":1271072,"comment_status":"","ping_status":"","sticky":false,"template":"","format":"standard","meta":{"footnotes":"","_share_on_mastodon":"0"},"categories":[136],"tags":[297,1263,1740,299,29,30,138299,265,806,4581,21082,1576,5843,10865],"class_list":["post-1271071","post","type-post","status-publish","format-standard","has-post-thumbnail","category-sport","tag-1-fc-union-berlin","tag-aufmacher-bereich","tag-baumgart-steffen","tag-bundesliga","tag-deutschland","tag-germany","tag-koch-matthias","tag-sport","tag-sport-leuchtturm-berlin","tag-sport-tag-im-ticker","tag-stadion-an-der-alten-foersterei","tag-super-a-teaser","tag-trainer","tag-trennung"],"share_on_mastodon":{"url":"https:\/\/pubeurope.com\/@de\/117188127782341583","error":""},"_links":{"self":[{"href":"https:\/\/www.europesays.com\/de\/wp-json\/wp\/v2\/posts\/1271071","targetHints":{"allow":["GET"]}}],"collection":[{"href":"https:\/\/www.europesays.com\/de\/wp-json\/wp\/v2\/posts"}],"about":[{"href":"https:\/\/www.europesays.com\/de\/wp-json\/wp\/v2\/types\/post"}],"author":[{"embeddable":true,"href":"https:\/\/www.europesays.com\/de\/wp-json\/wp\/v2\/users\/2"}],"replies":[{"embeddable":true,"href":"https:\/\/www.europesays.com\/de\/wp-json\/wp\/v2\/comments?post=1271071"}],"version-history":[{"count":0,"href":"https:\/\/www.europesays.com\/de\/wp-json\/wp\/v2\/posts\/1271071\/revisions"}],"wp:featuredmedia":[{"embeddable":true,"href":"https:\/\/www.europesays.com\/de\/wp-json\/wp\/v2\/media\/1271072"}],"wp:attachment":[{"href":"https:\/\/www.europesays.com\/de\/wp-json\/wp\/v2\/media?parent=1271071"}],"wp:term":[{"taxonomy":"category","embeddable":true,"href":"https:\/\/www.europesays.com\/de\/wp-json\/wp\/v2\/categories?post=1271071"},{"taxonomy":"post_tag","embeddable":true,"href":"https:\/\/www.europesays.com\/de\/wp-json\/wp\/v2\/tags?post=1271071"}],"curies":[{"name":"wp","href":"https:\/\/api.w.org\/{rel}","templated":true}]}}