{"id":1271078,"date":"2026-08-31T04:04:15","date_gmt":"2026-08-31T04:04:15","guid":{"rendered":"https:\/\/www.europesays.com\/de\/1271078\/"},"modified":"2026-08-31T04:04:15","modified_gmt":"2026-08-31T04:04:15","slug":"mutter-toetete-drei-kinder-doch-viele-menschen-stehen-hinter-ihr-2","status":"publish","type":"post","link":"https:\/\/www.europesays.com\/de\/1271078\/","title":{"rendered":"Mutter t\u00f6tete drei Kinder \u2013 doch viele Menschen stehen hinter ihr"},"content":{"rendered":"<ol class=\"id-DonaldBreadcrumb lp_west_breadcrumb id-DonaldBreadcrumb--default\" data-k5a-pos=\"west_breadcrumb\">\n<li class=\"id-Breadcrumb-item\"><a href=\"https:\/\/www.fr.de\/\" class=\"id-Breadcrumb-link\" data-id-ec=\"{\" shn=\"\" textlink=\"\" data-k5a-pos=\"1_startseite\" rel=\"nofollow noopener\" target=\"_blank\">Startseite<\/a><\/li>\n<li class=\"id-Breadcrumb-item\"><a href=\"https:\/\/www.fr.de\/panorama\/\" class=\"id-Breadcrumb-link\" data-id-ec=\"{\" shn=\"\" textlink=\"\" data-k5a-pos=\"2_panorama\" rel=\"nofollow noopener\" target=\"_blank\">Panorama<\/a><\/li>\n<\/ol>\n<p class=\"id-Story-timestamp id-Story-timestamp--default\">Stand: 31.08.2026, 04:47 Uhr<\/p>\n<p class=\"id-Story-authors id-Story-authors--default\">Von: <a class=\"id-Story-authors-link lp_west_author\" href=\"https:\/\/www.fr.de\/autor\/daniel-quero-espino-5731-fid1pjuxt.html\" title=\"Zur Autorenseite von Daniel Quero Espino\" data-id-ec=\"{\" shn=\"\" author-link=\"\" quero=\"\" espino=\"\" data-k5a-pos=\"west_author\" rel=\"nofollow noopener\" target=\"_blank\">Daniel Quero Espino<\/a><\/p>\n<p class=\"id-Story-interactionBar id-Story-interactionBar--default\">DruckenTeilen<\/p>\n<p><a href=\"https:\/\/profile.google.com\/cp\/CgkvbS8wNHk5cHYaAA\" class=\"id-Story-googleFollowButton id-Story-googleFollowButton--default\" target=\"_blank\" data-id-ec=\"{\" shn=\"\" google-follow=\"\" auf=\"\" google=\"\" folgen=\"\" rel=\"nofollow noopener\">Uns auf Google folgen<\/a><\/p>\n<p class=\"id-StoryElement-leadText\">Sie t\u00f6tete ihre drei Kinder \u2013 und mehr als 300 Menschen stehen vor dem Gericht und formen Herzen f\u00fcr sie.<\/p>\n<p class=\"id-StoryElement-paragraph\">Massachusetts \u2013 Mehr als 300 Menschen versammelten sich vor dem Plymouth County Superior Court in Massachusetts, um Lindsay Clancy ihre Unterst\u00fctzung zu zeigen. Mit den H\u00e4nden formten sie Herzen \u2013 ein stilles Zeichen der <a href=\"https:\/\/www.fr.de\/panorama\/lindsay-clancy-toetete-ihre-kinder-hunderte-unterstuetzen-sie-zr-94455123.html\" class=\"id-import-Link\" data-id-ec=\"{&quot;sht&quot;:&quot;Container&quot;,&quot;shn&quot;:&quot;Story&quot;,&quot;p&quot;:{&quot;containerType&quot;:&quot;Paragraph&quot;,&quot;displayType&quot;:&quot;Paragraph InlineLink&quot;,&quot;type&quot;:&quot;INLINE_LINK&quot;,&quot;value&quot;:&quot;Solidarit&#xE4;t f&#xFC;r eine Frau&quot;,&quot;variant&quot;:&quot;standardLink&quot;,&quot;sponsored&quot;:false,&quot;linkHref&quot;:&quot;https:\/\/www.fr.de\/panorama\/lindsay-clancy-toetete-ihre-kinder-hunderte-unterstuetzen-sie-zr-94455123.html&quot;,&quot;storyElementPosition&quot;:8,&quot;storyElementCount&quot;:12}}\" rel=\"nofollow noopener\" target=\"_blank\">Solidarit\u00e4t f\u00fcr eine Frau<\/a>, die am 24. Januar 2023 ihre drei Kinder Cora (5), Dawson (3) und den acht Monate alten Callan in Duxbury, Massachusetts, erw\u00fcrgt haben soll. Die 36-j\u00e4hrige Ex-Hebamme bestreitet die Tat nicht, pl\u00e4diert jedoch auf nicht schuldig. Ihre Verteidigung argumentiert, eine schwere postpartale Psychose sowie eine bipolare St\u00f6rung h\u00e4tten sie zu dem Schritt getrieben. Verteidiger Kevin Reddington sagte im Schlusspl\u00e4doyer: \u201eSie hat um Hilfe gebettelt \u2013 und sie hat sie nicht bekommen.\u201c<\/p>\n<p>\u201eDas bin nicht ich\u201c \u2013 Clancys Mutter sagt vor Gericht aus<\/p>\n<p class=\"id-StoryElement-paragraph\">Unter den Unterst\u00fctzerinnen vor dem Gerichtsgeb\u00e4ude war auch die Chirurgin Marta Quijano, die gegen\u00fcber Reuters sagte: \u201eIch kann mich in vielerlei Hinsicht mit Lindsay identifizieren \u2013 <a href=\"https:\/\/www.fr.de\/politik\/lindsay-clancy-mord-prozess-um-schlussplaedoyers-zr-94454998.html\" class=\"id-import-Link\" data-id-ec=\"{&quot;sht&quot;:&quot;Container&quot;,&quot;shn&quot;:&quot;Story&quot;,&quot;p&quot;:{&quot;containerType&quot;:&quot;Paragraph&quot;,&quot;displayType&quot;:&quot;Paragraph InlineLink&quot;,&quot;type&quot;:&quot;INLINE_LINK&quot;,&quot;value&quot;:&quot;das ist eine Trag&#xF6;die f&#xFC;r sie&quot;,&quot;variant&quot;:&quot;standardLink&quot;,&quot;sponsored&quot;:false,&quot;linkHref&quot;:&quot;https:\/\/www.fr.de\/politik\/lindsay-clancy-mord-prozess-um-schlussplaedoyers-zr-94454998.html&quot;,&quot;storyElementPosition&quot;:11,&quot;storyElementCount&quot;:12}}\" rel=\"nofollow noopener\" target=\"_blank\">das ist eine Trag\u00f6die f\u00fcr sie<\/a>, f\u00fcr ihre Kinder, f\u00fcr die Familie, f\u00fcr die Gemeinschaft. Das h\u00e4tte nicht passieren m\u00fcssen.\u201c Clancys eigene Mutter sagte vor Gericht aus, ihre Tochter habe ihr erz\u00e4hlt: \u201eDas bin nicht ich, so war ich noch nie.\u201c Der Prozess, der am 20. Juli 2026 begann, hat eine aufgeheizte gesellschaftliche Debatte ausgel\u00f6st: Versagte das Gesundheitssystem an Lindsay Clancy \u2013 oder tr\u00e4gt sie die volle Verantwortung? Staatsanw\u00e4ltin Jennifer Sprague betonte, Clancy habe \u201emehr als ausreichend Hilfe und Versorgung\u201c erhalten. Die Jury ber\u00e4t derzeit. <a href=\"https:\/\/www.fr.de\/panorama\/prozess-in-den-usa-mutter-gesteht-toetung-ihrer-drei-kinder-zr-94464155.html\" class=\"id-import-Link\" data-id-ec=\"{&quot;sht&quot;:&quot;Container&quot;,&quot;shn&quot;:&quot;Story&quot;,&quot;p&quot;:{&quot;containerType&quot;:&quot;Paragraph&quot;,&quot;displayType&quot;:&quot;Paragraph InlineLink&quot;,&quot;type&quot;:&quot;INLINE_LINK&quot;,&quot;value&quot;:&quot;Was die Unterst&#xFC;tzerinnen vor dem Gericht sagen&quot;,&quot;variant&quot;:&quot;standardLink&quot;,&quot;sponsored&quot;:false,&quot;linkHref&quot;:&quot;https:\/\/www.fr.de\/panorama\/prozess-in-den-usa-mutter-gesteht-toetung-ihrer-drei-kinder-zr-94464155.html&quot;,&quot;storyElementPosition&quot;:11,&quot;storyElementCount&quot;:12}}\" rel=\"nofollow noopener\" target=\"_blank\">Was die Unterst\u00fctzerinnen vor dem Gericht sagen<\/a> \u2013 macht deutlich, warum dieser Fall weit \u00fcber Massachusetts hinaus bewegt.<\/p>\n","protected":false},"excerpt":{"rendered":"Startseite Panorama Stand: 31.08.2026, 04:47 Uhr Von: Daniel Quero Espino DruckenTeilen Uns auf Google folgen Sie t\u00f6tete ihre&hellip;\n","protected":false},"author":2,"featured_media":1270209,"comment_status":"","ping_status":"","sticky":false,"template":"","format":"standard","meta":{"footnotes":"","_share_on_mastodon":"0"},"categories":[3],"tags":[13,14,15,12,10,8,9,11,103,104],"class_list":["post-1271078","post","type-post","status-publish","format-standard","has-post-thumbnail","category-welt","tag-headlines","tag-nachrichten","tag-news","tag-schlagzeilen","tag-top-news","tag-top-meldungen","tag-topmeldungen","tag-topnews","tag-welt","tag-world"],"share_on_mastodon":{"url":"https:\/\/pubeurope.com\/@de\/117188143801789934","error":""},"_links":{"self":[{"href":"https:\/\/www.europesays.com\/de\/wp-json\/wp\/v2\/posts\/1271078","targetHints":{"allow":["GET"]}}],"collection":[{"href":"https:\/\/www.europesays.com\/de\/wp-json\/wp\/v2\/posts"}],"about":[{"href":"https:\/\/www.europesays.com\/de\/wp-json\/wp\/v2\/types\/post"}],"author":[{"embeddable":true,"href":"https:\/\/www.europesays.com\/de\/wp-json\/wp\/v2\/users\/2"}],"replies":[{"embeddable":true,"href":"https:\/\/www.europesays.com\/de\/wp-json\/wp\/v2\/comments?post=1271078"}],"version-history":[{"count":0,"href":"https:\/\/www.europesays.com\/de\/wp-json\/wp\/v2\/posts\/1271078\/revisions"}],"wp:featuredmedia":[{"embeddable":true,"href":"https:\/\/www.europesays.com\/de\/wp-json\/wp\/v2\/media\/1270209"}],"wp:attachment":[{"href":"https:\/\/www.europesays.com\/de\/wp-json\/wp\/v2\/media?parent=1271078"}],"wp:term":[{"taxonomy":"category","embeddable":true,"href":"https:\/\/www.europesays.com\/de\/wp-json\/wp\/v2\/categories?post=1271078"},{"taxonomy":"post_tag","embeddable":true,"href":"https:\/\/www.europesays.com\/de\/wp-json\/wp\/v2\/tags?post=1271078"}],"curies":[{"name":"wp","href":"https:\/\/api.w.org\/{rel}","templated":true}]}}