{"id":1271080,"date":"2026-08-31T04:06:20","date_gmt":"2026-08-31T04:06:20","guid":{"rendered":"https:\/\/www.europesays.com\/de\/1271080\/"},"modified":"2026-08-31T04:06:20","modified_gmt":"2026-08-31T04:06:20","slug":"medien-in-den-usa-trump-fordert-strafe-wegen-kritischer-berichterstattung","status":"publish","type":"post","link":"https:\/\/www.europesays.com\/de\/1271080\/","title":{"rendered":"Medien in den USA: Trump fordert Strafe wegen kritischer Berichterstattung"},"content":{"rendered":"<p class=\"paragraph article__item\">US-Pr\u00e4sident <a class=\"rtr-entity\" href=\"https:\/\/www.zeit.de\/thema\/donald-trump\" rel=\"nofollow noopener\" target=\"_blank\">Donald Trump<\/a> hat eine Bestrafung der bekannten NBC-Journalistin Kristen Welker durch die Medienaufsichtsbeh\u00f6rde FCC gefordert. Er werde Welker bei der FCC anzeigen, um sie r\u00fcgen oder bestrafen zu lassen, schrieb Trump auf seiner Plattform Truth Social. Welker habe in ihrer Berichterstattung eine \u00bbabsichtliche Ungenauigkeit\u00ab in die Welt getragen.\n<\/p>\n<p class=\"paragraph article__item\">Die Journalistin hatte am Sonntag im Fernsehen gesagt, die Erfolgsbilanz der von Trump unterst\u00fctzten Kandidaten bei den Vorwahlen f\u00fcr die anstehenden Kongresswahlen im November sei \u00bbgemischt\u00ab. In seinem Truth-Social-Post schrieb Trump, die von ihm \u00f6ffentlich unterst\u00fctzten Kandidaten und Kandidatinnen h\u00e4tten nahezu alle ihre Vorwahl gewonnen. Die Vorwahlen sind dazu da, die jeweiligen Kandidaten der Parteien f\u00fcr die Wahlen im November zu bestimmen.\n<\/p>\n<p class=\"paragraph article__item\">Trump betonte in seinem Post, dass Welker f\u00fcr einen Sender arbeitet, der\u00a0\u00f6ffentliche Sendefrequenzen nutze.\u00a0Er hoffe, dass der von ihm ernannte Leiter der FCC, Brendan Carr, und \u00bbdie guten Leute seiner Beh\u00f6rde\u00ab diese \u00bbBedrohung f\u00fcr unser Land sehr ernst\u00ab n\u00e4hmen, schrieb Trump. Er bezeichnete US-Medien als \u00bbSchmach f\u00fcr unser Land\u00ab.\n<\/p>\n<p>            Medienaufsicht droht Sendern immer wieder mit Lizenzentzug            <\/p>\n<p class=\"paragraph article__item\">Die FCC sei nicht befugt, einzelne Journalisten zu bestrafen, die der Regierung missfallen, <a href=\"https:\/\/x.com\/AGomezFCC\/status\/2094108363223449603\" target=\"_blank\" rel=\"nofollow\">schrieb Anna Gomez<\/a>, die einzige Angeh\u00f6rige des F\u00fchrungsgremiums der Beh\u00f6rde, die den Demokraten angeh\u00f6rt. \u00bbDiese Drohungen gegen die Pressefreiheit sind gef\u00e4hrlich\u00ab, schrieb Gomez auf X. Sie untergr\u00fcben die Grundfeste der Demokratie.\n<\/p>\n<p class=\"paragraph article__item\">Die FCC unter Carr hat in der Vergangenheit \u00f6fter versucht, die nationalen <a href=\"https:\/\/www.zeit.de\/politik\/ausland\/2026-01\/usa-donald-trump-talkshows-regen-fcc-gxe\" target=\"_blank\" rel=\"nofollow noopener\">Fernsehanstalten unter Druck zu setzen<\/a>, zum Beispiel indem ihnen gedroht wurde, Sendelizenzen zu entziehen oder nicht zu verl\u00e4ngern. Vergangenen September wurde nach einer solchen Drohung die Ausstrahlung der Show des beliebten <a href=\"https:\/\/www.zeit.de\/gesellschaft\/2026-08\/disney-fcc-klage-abc-lizenzen-brendan-carr-jimmy-kimmel\" target=\"_blank\" rel=\"nofollow noopener\">Late-Night-Moderators Jimmy Kimmel<\/a> vom Sender ABC kurzzeitig ausgesetzt. Im M\u00e4rz <a href=\"https:\/\/www.zeit.de\/politik\/ausland\/2026-03\/usa-donald-trump-brendan-carr-fcc-medien-fake-news-kritik-drohung-lizenzentzug-jimmy-kimmel-iran-krieg-gxe\" target=\"_blank\" rel=\"nofollow noopener\">drohte Carr den Sendeanstalten<\/a> wegen deren kritischer <a class=\"rtr-entity\" href=\"https:\/\/www.zeit.de\/thema\/berichterstattung\" rel=\"nofollow noopener\" target=\"_blank\">Berichterstattung<\/a> \u00fcber den Irankrieg.\n<\/p>\n<p>Mehr zum Thema<\/p>\n<p>            Zensur in den USA        <\/p>\n<p>                <a href=\"https:\/\/www.zeit.de\/politik\/ausland\/2025-09\/fcc-chef-brendan-carr-us-medienaufsicht-donald-trump-zensur-gxe\" data-ct-label=\"FCC-Chef Brendan Carr: Trumps oberster Zensor\" data-uuid=\"6a381b34-7faf-480f-ae4c-64b56c324bfa\" rel=\"nofollow noopener\" target=\"_blank\"><\/p>\n<p>        Z+ (abopflichtiger Inhalt);<\/p>\n<p>    FCC-Chef Brendan Carr:<br \/>\n                        Trumps oberster Zensor<\/p>\n<p>                <\/a><\/p>\n<p>                <a href=\"https:\/\/www.zeit.de\/feuilleton\/film\/2026-03\/inszenierung-oscarverleihung-highlights-reden-ereignisse\" data-ct-label=\"Oscar-Verleihung: Sie f\u00fcrchten seine Rache \" data-uuid=\"09a3b3be-be52-47da-b43a-55ac18ad5211\" rel=\"nofollow noopener\" target=\"_blank\"><\/p>\n<p>        Z+ (abopflichtiger Inhalt);<\/p>\n<p>    Oscar-Verleihung:<br \/>\n                        Sie f\u00fcrchten seine Rache <\/p>\n<p>                <\/a><\/p>\n<p>                <a href=\"https:\/\/www.zeit.de\/feuilleton\/2026-03\/buecherverbote-usa-schulen-zensur-bildung\" data-ct-label=\"&quot;Book bans&quot; in den USA: Auf der Spur der verschwundenen B\u00fccher\" data-uuid=\"1f44cd59-20e6-490c-a9bc-3ce4cf87ed1c\" rel=\"nofollow noopener\" target=\"_blank\"><\/p>\n<p>        Z+ (abopflichtiger Inhalt);<\/p>\n<p>    &#8222;Book bans&#8220; in den USA:<br \/>\n                        Auf der Spur der verschwundenen B\u00fccher<\/p>\n<p>                <\/a><\/p>\n","protected":false},"excerpt":{"rendered":"US-Pr\u00e4sident Donald Trump hat eine Bestrafung der bekannten NBC-Journalistin Kristen Welker durch die Medienaufsichtsbeh\u00f6rde FCC gefordert. Er werde&hellip;\n","protected":false},"author":2,"featured_media":1271081,"comment_status":"","ping_status":"","sticky":false,"template":"","format":"standard","meta":{"footnotes":"","_share_on_mastodon":"0"},"categories":[5],"tags":[5507,113164,106,28492,13,35989,146516,14,6074,15,16,12,10,8,9,11],"class_list":["post-1271080","post","type-post","status-publish","format-standard","has-post-thumbnail","category-nachrichten","tag-berichterstattung","tag-brendan-carr","tag-donald-trump","tag-fcc","tag-headlines","tag-kristen-welker","tag-medien-in-den-usa","tag-nachrichten","tag-nbc","tag-news","tag-politik","tag-schlagzeilen","tag-top-news","tag-top-meldungen","tag-topmeldungen","tag-topnews"],"share_on_mastodon":{"url":"https:\/\/pubeurope.com\/@de\/117188151877058823","error":""},"_links":{"self":[{"href":"https:\/\/www.europesays.com\/de\/wp-json\/wp\/v2\/posts\/1271080","targetHints":{"allow":["GET"]}}],"collection":[{"href":"https:\/\/www.europesays.com\/de\/wp-json\/wp\/v2\/posts"}],"about":[{"href":"https:\/\/www.europesays.com\/de\/wp-json\/wp\/v2\/types\/post"}],"author":[{"embeddable":true,"href":"https:\/\/www.europesays.com\/de\/wp-json\/wp\/v2\/users\/2"}],"replies":[{"embeddable":true,"href":"https:\/\/www.europesays.com\/de\/wp-json\/wp\/v2\/comments?post=1271080"}],"version-history":[{"count":0,"href":"https:\/\/www.europesays.com\/de\/wp-json\/wp\/v2\/posts\/1271080\/revisions"}],"wp:featuredmedia":[{"embeddable":true,"href":"https:\/\/www.europesays.com\/de\/wp-json\/wp\/v2\/media\/1271081"}],"wp:attachment":[{"href":"https:\/\/www.europesays.com\/de\/wp-json\/wp\/v2\/media?parent=1271080"}],"wp:term":[{"taxonomy":"category","embeddable":true,"href":"https:\/\/www.europesays.com\/de\/wp-json\/wp\/v2\/categories?post=1271080"},{"taxonomy":"post_tag","embeddable":true,"href":"https:\/\/www.europesays.com\/de\/wp-json\/wp\/v2\/tags?post=1271080"}],"curies":[{"name":"wp","href":"https:\/\/api.w.org\/{rel}","templated":true}]}}