{"id":1271083,"date":"2026-08-31T04:09:33","date_gmt":"2026-08-31T04:09:33","guid":{"rendered":"https:\/\/www.europesays.com\/de\/1271083\/"},"modified":"2026-08-31T04:09:33","modified_gmt":"2026-08-31T04:09:33","slug":"wetter-aachen-nrw-starkregenfront-zieht-auf-sturmschaeden-drohen","status":"publish","type":"post","link":"https:\/\/www.europesays.com\/de\/1271083\/","title":{"rendered":"Wetter Aachen\/NRW: Starkregenfront zieht auf \u2013 Sturmsch\u00e4den drohen"},"content":{"rendered":"<p>Fast 30 Liter in wenigen Stunden <\/p>\n<p>Unwetter erreichen Aachen und NRW \u2013 Hagel und Sturm<\/p>\n<p>31.08.2026 &#8211; 04:41 UhrLesedauer: 2 Min.<\/p>\n<p><a href=\"#focus-0\" class=\"transition-colors block text-current relative\" data-sctrack=\"FocusGalleryImage.Reference\"><img fetchpriority=\"high\" data-testid=\"Opener.Image\"   loading=\"eager\" src=\"https:\/\/www.europesays.com\/de\/wp-content\/uploads\/2026\/08\/blitze-zucken-waehrend-eines-unwetters-am-himmel-symbolbild-in-aachen-und-nrw-werden-neue-gewitter-m.jpeg\" alt=\"Blitze zucken w\u00e4hrend eines Unwetters am Himmel (Symbolbild): In Aachen und NRW werden neue Gewitter mit Starkregen und Hagel erwartet.\" title=\"Blitze zucken w\u00e4hrend eines Unwetters am Himmel (Symbolbild): In Aachen und NRW werden neue Gewitter mit Starkregen und Hagel erwartet.\" width=\"2985\" height=\"1679\" class=\"bg-[url:var(--lqipURL)] bg-cover bg-center flex h-full w-full max-w-full\" style=\"--lqipURL:url('https:\/\/images.t-online.de\/2026\/08\/CJ3CNPIApvBn\/937x180:2985x1679\/fit-in\/150x0\/filters:blur(25)\/blitze-zucken-waehrend-eines-unwetters-am-himmel-symbolbild-in-aachen-und-nrw-werden-neue-gewitter-mit-starkregen-und-hagel-erwartet.jpg')\" decoding=\"async\"\/><img loading=\"lazy\" src=\"https:\/\/aachen.t-online.de\/s\/paper\/_next\/static\/media\/zoom-in.f7dae02f.svg\" alt=\"Vergr\u00f6\u00dfern des Bildes\" title=\"Vergr\u00f6\u00dfern des Bildes\" class=\"block h-[calc(var(--height)_\/_16_*_1rem)] w-[calc(var(--width)_\/_16_*_1rem)] max-w-none absolute right-8 bottom-8 rounded-4 bg-snow p-8\" style=\"--width:32;--height:32\" decoding=\"async\"\/><\/a><\/p>\n<p>Blitze zucken w\u00e4hrend eines Unwetters am Himmel (Symbolbild): In Aachen und NRW werden neue Gewitter mit Starkregen und Hagel erwartet. (Quelle: IMAGO\/Alexander Wolf\/imago)<\/p>\n<p><img loading=\"lazy\" src=\"https:\/\/aachen.t-online.de\/s\/paper\/_next\/static\/media\/audio-volume.6689034c.svg\" alt=\"\" title=\"\" class=\"block h-[calc(var(--height)_\/_16_*_1rem)] w-[calc(var(--width)_\/_16_*_1rem)] max-w-none group-hover:brightness-0 group-hover:invert\" style=\"--width:16;--height:16\" decoding=\"async\"\/>Vorlesen<\/p>\n<p>Aktuelle Zeit:0:00Gesamtdauer:0:00<\/p>\n<p>1x<img loading=\"lazy\" src=\"https:\/\/aachen.t-online.de\/s\/paper\/_next\/static\/media\/font-sizes.32942e33.svg\" alt=\"\" title=\"\" class=\"block h-[calc(var(--height)_\/_16_*_1rem)] w-[calc(var(--width)_\/_16_*_1rem)] max-w-none group-hover:hidden group-aria-expanded:hidden\" style=\"--width:16;--height:16\" decoding=\"async\"\/><img loading=\"lazy\" src=\"https:\/\/aachen.t-online.de\/s\/paper\/_next\/static\/media\/font-sizes-dark-mode.e382645c.svg\" alt=\"\" title=\"\" class=\"block h-[calc(var(--height)_\/_16_*_1rem)] w-[calc(var(--width)_\/_16_*_1rem)] max-w-none hidden group-hover:block group-aria-expanded:block\" style=\"--width:16;--height:16\" decoding=\"async\"\/><img loading=\"lazy\" src=\"https:\/\/aachen.t-online.de\/s\/paper\/_next\/static\/media\/sharing-menu-icon.1eb71368.svg\" alt=\"\" title=\"\" class=\"block h-[calc(var(--height)_\/_16_*_1rem)] w-[calc(var(--width)_\/_16_*_1rem)] max-w-none group-hover:brightness-0 group-hover:invert\" style=\"--width:16;--height:16\" decoding=\"async\"\/>Artikel teilen<\/p>\n<p class=\"font-bold text-18 leading-17 user-text-lg:text-22 user-text-xl:text-24\">Neue Unwetter erreichen zum Wochenstart Aachen und Nordrhein-Westfalen. In wenigen Stunden droht \u00f6rtlich erheblicher Starkregen.<\/p>\n<p class=\"text-18 leading-17 user-text-lg:text-22 user-text-xl:text-24\">Eine <a href=\"https:\/\/aachen.t-online.de\/region\/aachen\/id_101411350\/wetter-aachen-und-nrw-sturm-mit-hagel-unwettern-droht-70-liter-regen.html\" class=\"transition-colors cursor-pointer no-underline md:hover:text-magenta md:focus:text-magenta border-b border-solid border-current text-salemsfur md:hover:border-magenta\" data-tracking=\"{&quot;action&quot;:&quot;click&quot;,&quot;category&quot;:&quot;intextLink&quot;,&quot;label&quot;:&quot;\/region\/aachen\/id_101411350\/wetter-aachen-und-nrw-sturm-mit-hagel-unwettern-droht-70-liter-regen.html&quot;}\" data-sctrack=\"BodyAnchor\" rel=\"nofollow noopener\" target=\"_blank\">neue Unwetterfront mit Starkregen, Hagel und Sturmb\u00f6en<\/a> erreicht in der kommenden Woche Aachen und Nordrhein-Westfalen. Vor allem am Montag (31. August) erwartet der Deutsche Wetterdienst (DWD) Unwetter in weiten Teilen des Landes. Einige Wettermodelle rechnen mit 25 bis 30 Litern Regen pro Quadratmeter in nicht einmal 24 Stunden.<\/p>\n<p class=\"text-18 leading-17 user-text-lg:text-22 user-text-xl:text-24\">Der DWD erwartet bereits am Vormittag erste Gewitter und Schauer, die von Nordwesten in Richtung Nordrhein-Westfalen ziehen. <a href=\"https:\/\/duesseldorf.t-online.de\/region\/duesseldorf\/id_101411346\/wetter-duesseldorf-und-nrw-sturm-mit-hagel-unwettern-droht-70-liter-regen.html\" class=\"transition-colors cursor-pointer no-underline md:hover:text-magenta md:focus:text-magenta border-b border-solid border-current text-salemsfur md:hover:border-magenta\" data-tracking=\"{&quot;action&quot;:&quot;click&quot;,&quot;category&quot;:&quot;intextLink&quot;,&quot;label&quot;:&quot;https:\/\/duesseldorf.t-online.de\/region\/duesseldorf\/id_101411346\/wetter-duesseldorf-und-nrw-sturm-mit-hagel-unwettern-droht-70-liter-regen.html&quot;}\" data-sctrack=\"BodyAnchor\" rel=\"nofollow noopener\" target=\"_blank\">Hinzu kommen \u00f6rtlich kleink\u00f6rniger Hagel, Sturmb\u00f6en mit Windgeschwindigkeiten von mehr als 80 km\/h und stellenweise Starkregen<\/a>. Im Anschluss wird es stellenweise kalt, die Temperaturen erreichen zum Wochenbeginn Tiefstwerte von bis zu 7 Grad am Dienstag.<\/p>\n<p>Wetter Aachen und NRW: Bis zu 60 Liter Regen \u2013 schwere Unwetter erwartet<\/p>\n<p class=\"text-18 leading-17 user-text-lg:text-22 user-text-xl:text-24\">Das <a href=\"https:\/\/www.t-online.de\/nachrichten\/panorama\/wetter\/id_101404404\/rekord-el-nino-waechst-in-deutschland-beginnt-das-grosse-winter-raetseln.html\" class=\"transition-colors cursor-pointer no-underline md:hover:text-magenta md:focus:text-magenta border-b border-solid border-current text-salemsfur md:hover:border-magenta\" data-tracking=\"{&quot;action&quot;:&quot;click&quot;,&quot;category&quot;:&quot;intextLink&quot;,&quot;label&quot;:&quot;https:\/\/www.t-online.de\/nachrichten\/panorama\/wetter\/id_101404404\/rekord-el-nino-waechst-in-deutschland-beginnt-das-grosse-winter-raetseln.html&quot;}\" data-sctrack=\"BodyAnchor\" rel=\"nofollow noopener\" target=\"_blank\">Wettermodell des Europ\u00e4ischen Zentrums f\u00fcr mittelfristige Wettervorhersagen (ECMWF)<\/a> rechnet mit 25 bis 30 Litern Regen pro Quadratmeter in rund 24 Stunden, in Aachen k\u00f6nnten dagegen sieben bis zehn Liter Regen fallen. Bis zur darauffolgenden Woche erwartet das Modell allerdings schon weitere Regenschauer: <a href=\"https:\/\/koeln.t-online.de\/region\/koeln\/id_101411214\/wetter-koeln-und-nrw-sturm-mit-hagel-unwettern-droht-70-liter-regen.html\" class=\"transition-colors cursor-pointer no-underline md:hover:text-magenta md:focus:text-magenta border-b border-solid border-current text-salemsfur md:hover:border-magenta\" data-tracking=\"{&quot;action&quot;:&quot;click&quot;,&quot;category&quot;:&quot;intextLink&quot;,&quot;label&quot;:&quot;https:\/\/koeln.t-online.de\/region\/koeln\/id_101411214\/wetter-koeln-und-nrw-sturm-mit-hagel-unwettern-droht-70-liter-regen.html&quot;}\" data-sctrack=\"BodyAnchor\" rel=\"nofollow noopener\" target=\"_blank\">Dann sind insgesamt fast 60 Liter Regen pro Quadratmeter m\u00f6glich<\/a>.<\/p>\n<p>Im Video | So wird das Wetter in Ihrer Region<\/p>\n<p><img loading=\"lazy\" src=\"https:\/\/aachen.t-online.de\/s\/paper\/_next\/static\/media\/loading-indicator.1490436c.svg\" alt=\"Video l\u00e4dt\" title=\"Video l\u00e4dt\" class=\"block h-[calc(var(--height)_\/_16_*_1rem)] w-[calc(var(--width)_\/_16_*_1rem)] max-w-none undefined\" style=\"--width:66;--height:64\" decoding=\"async\"\/><img   loading=\"lazy\" src=\"https:\/\/www.europesays.com\/de\/wp-content\/uploads\/2026\/08\/1787786243_917_image.jpg\" alt=\"imago images 0707452411\" title=\"imago images 0707452411\" width=\"3200\" height=\"1800\" class=\"w-full [grid-area:stack]\" decoding=\"async\"\/>Quelle: Glomex<\/p>\n<p class=\"text-18 leading-17 user-text-lg:text-22 user-text-xl:text-24\">Etwas geringer fallen die Prognosen des deutschen Wettermodells ICON aus. <a href=\"https:\/\/koeln.t-online.de\/region\/koeln\/id_101405488\/wetter-koeln-und-nrw-sturm-und-heftiger-starkregen-drohen-50-liter-regen.html\" class=\"transition-colors cursor-pointer no-underline md:hover:text-magenta md:focus:text-magenta border-b border-solid border-current text-salemsfur md:hover:border-magenta\" data-tracking=\"{&quot;action&quot;:&quot;click&quot;,&quot;category&quot;:&quot;intextLink&quot;,&quot;label&quot;:&quot;https:\/\/koeln.t-online.de\/region\/koeln\/id_101405488\/wetter-koeln-und-nrw-sturm-und-heftiger-starkregen-drohen-50-liter-regen.html&quot;}\" data-sctrack=\"BodyAnchor\" rel=\"nofollow noopener\" target=\"_blank\">Es rechnet mit bis zu 20 Litern Regen pro Quadratmeter in NRW<\/a>, in Aachen sind zwischen f\u00fcnf und zehn Litern pro Quadratmeter nicht ausgeschlossen. \u00c4hnliche Werte erwartet auch das Schweizer Wettermodell Super-HD. Der Wetterdienst &#8222;Kachelmannwetter&#8220; rechnet regional mit einzelnen Sturmsch\u00e4den bei besonders schweren Sturmb\u00f6en.<\/p>\n<p class=\"text-18 leading-17 user-text-lg:text-22 user-text-xl:text-24\">Wettermodelle sind allerdings noch keine genaue Wetterprognose, sondern geben nur einen ungef\u00e4hren Ausblick auf die Wetterlage der kommenden Tage und Wochen. Die Meteorologen rechnen allerdings schon jetzt damit, dass die Sommertage erst einmal vorbei sein d\u00fcrften.<\/p>\n<p>Nur noch f\u00fcnf Grad: Kaltfront bringt Unwetter und Wetterwende<\/p>\n<p class=\"text-18 leading-17 user-text-lg:text-22 user-text-xl:text-24\"><a href=\"https:\/\/www.t-online.de\/nachrichten\/panorama\/wetter\/id_101404404\/rekord-el-nino-waechst-in-deutschland-beginnt-das-grosse-winter-raetseln.html\" class=\"transition-colors cursor-pointer no-underline md:hover:text-magenta md:focus:text-magenta border-b border-solid border-current text-salemsfur md:hover:border-magenta\" data-tracking=\"{&quot;action&quot;:&quot;click&quot;,&quot;category&quot;:&quot;intextLink&quot;,&quot;label&quot;:&quot;https:\/\/www.t-online.de\/nachrichten\/panorama\/wetter\/id_101404404\/rekord-el-nino-waechst-in-deutschland-beginnt-das-grosse-winter-raetseln.html&quot;}\" data-sctrack=\"BodyAnchor\" rel=\"nofollow noopener\" target=\"_blank\">In Aachen sollen die Temperaturen bis in die zweite Septemberwoche hinein nicht mehr auf mehr als 25 Grad steigen.<\/a> Einige Wettermodelle erwarten nachts sogar Tiefstwerte, die bis an den einstelligen Bereich heranreichen. So k\u00f6nnten bereits in der Nacht von Dienstag auf Mittwoch die Temperaturen auf zehn bis sieben Grad abfallen.<\/p>\n<p class=\"text-18 leading-17 user-text-lg:text-22 user-text-xl:text-24\">In h\u00f6heren Lagen wie in der Eifel oder im Sauerland sind dagegen Tiefstwerte im einstelligen Bereich durchaus wahrscheinlich. <a href=\"https:\/\/koeln.t-online.de\/region\/koeln\/id_101353438\/wetter-koeln-und-nrw-nur-noch-7-grad-dann-drohen-neue-unwetter.html\" class=\"transition-colors cursor-pointer no-underline md:hover:text-magenta md:focus:text-magenta border-b border-solid border-current text-salemsfur md:hover:border-magenta\" data-tracking=\"{&quot;action&quot;:&quot;click&quot;,&quot;category&quot;:&quot;intextLink&quot;,&quot;label&quot;:&quot;https:\/\/koeln.t-online.de\/region\/koeln\/id_101353438\/wetter-koeln-und-nrw-nur-noch-7-grad-dann-drohen-neue-unwetter.html&quot;}\" data-sctrack=\"BodyAnchor\" rel=\"nofollow noopener\" target=\"_blank\">So erwarten einige Wettermodelle in der Eifel regelm\u00e4\u00dfig zwischen sieben und acht Grad.<\/a> Im Sauerland k\u00f6nnen die Temperaturen stellenweise sogar auf bis zu f\u00fcnf Grad abfallen.<\/p>\n","protected":false},"excerpt":{"rendered":"Fast 30 Liter in wenigen Stunden Unwetter erreichen Aachen und NRW \u2013 Hagel und Sturm 31.08.2026 &#8211; 04:41&hellip;\n","protected":false},"author":2,"featured_media":1271084,"comment_status":"","ping_status":"","sticky":false,"template":"","format":"standard","meta":{"footnotes":"","_share_on_mastodon":"0"},"categories":[1853],"tags":[1424,3364,950,29,9056,3405,4906,1418,548,663,3934,2214,30,13,1420,14,15,1209,33548,27551,13619,33547,12,32438,4028,33545,2256,51242,5415,2255],"class_list":["post-1271083","post","type-post","status-publish","format-standard","has-post-thumbnail","category-aachen","tag-aachen","tag-de","tag-deutscher-wetterdienst","tag-deutschland","tag-dueren","tag-duesseldorf","tag-dwd","tag-eifel","tag-eu","tag-europa","tag-europe","tag-euskirchen","tag-germany","tag-headlines","tag-koeln","tag-nachrichten","tag-news","tag-nordrhein-westfalen","tag-oberbergischer-kreis","tag-rhein-erft-kreis","tag-rhein-sieg-kreis","tag-rheinisch-bergischer-kreis","tag-schlagzeilen","tag-sturmboee","tag-unwetter","tag-unwetterfront","tag-wetterausblick","tag-wettermodell","tag-wetterprognose","tag-wettervorhersage"],"share_on_mastodon":{"url":"","error":""},"_links":{"self":[{"href":"https:\/\/www.europesays.com\/de\/wp-json\/wp\/v2\/posts\/1271083","targetHints":{"allow":["GET"]}}],"collection":[{"href":"https:\/\/www.europesays.com\/de\/wp-json\/wp\/v2\/posts"}],"about":[{"href":"https:\/\/www.europesays.com\/de\/wp-json\/wp\/v2\/types\/post"}],"author":[{"embeddable":true,"href":"https:\/\/www.europesays.com\/de\/wp-json\/wp\/v2\/users\/2"}],"replies":[{"embeddable":true,"href":"https:\/\/www.europesays.com\/de\/wp-json\/wp\/v2\/comments?post=1271083"}],"version-history":[{"count":0,"href":"https:\/\/www.europesays.com\/de\/wp-json\/wp\/v2\/posts\/1271083\/revisions"}],"wp:featuredmedia":[{"embeddable":true,"href":"https:\/\/www.europesays.com\/de\/wp-json\/wp\/v2\/media\/1271084"}],"wp:attachment":[{"href":"https:\/\/www.europesays.com\/de\/wp-json\/wp\/v2\/media?parent=1271083"}],"wp:term":[{"taxonomy":"category","embeddable":true,"href":"https:\/\/www.europesays.com\/de\/wp-json\/wp\/v2\/categories?post=1271083"},{"taxonomy":"post_tag","embeddable":true,"href":"https:\/\/www.europesays.com\/de\/wp-json\/wp\/v2\/tags?post=1271083"}],"curies":[{"name":"wp","href":"https:\/\/api.w.org\/{rel}","templated":true}]}}