{"id":1271085,"date":"2026-08-31T04:10:35","date_gmt":"2026-08-31T04:10:35","guid":{"rendered":"https:\/\/www.europesays.com\/de\/1271085\/"},"modified":"2026-08-31T04:10:35","modified_gmt":"2026-08-31T04:10:35","slug":"ausflugstipp-ab-kiel-verborgene-ostsee-insel-schleimuende-oeffnet-nur-selten","status":"publish","type":"post","link":"https:\/\/www.europesays.com\/de\/1271085\/","title":{"rendered":"Ausflugstipp ab Kiel: Verborgene Ostsee-Insel Schleim\u00fcnde \u00f6ffnet nur selten"},"content":{"rendered":"<p>Nur selten f\u00fcr Besucher ge\u00f6ffnet <\/p>\n<p>Ausflug f\u00fchrt auf eine nahezu unzug\u00e4ngliche Ostsee-Insel<\/p>\n<p>Aktualisiert am 31.08.2026 &#8211; 04:05 UhrLesedauer: 2 Min.<\/p>\n<p><a href=\"#focus-0\" class=\"transition-colors block text-current relative\" data-sctrack=\"FocusGalleryImage.Reference\"><img fetchpriority=\"high\" data-testid=\"Opener.Image\"   loading=\"eager\" src=\"https:\/\/www.europesays.com\/de\/wp-content\/uploads\/2026\/08\/kappeln-grauhoeft-25-082017-erster-tag-der-segelregatta-startet-im-yachthafen-grauhoeft-ein-blick-au.jpeg\" alt=\"imago 83163237\" title=\"imago 83163237\" width=\"3986\" height=\"2242\" class=\"bg-[url:var(--lqipURL)] bg-cover bg-center flex h-full w-full max-w-full\" style=\"--lqipURL:url('https:\/\/images.t-online.de\/2026\/08\/hX1JCcc-WFLQ\/3x0:3986x2242\/fit-in\/150x0\/filters:blur(25)\/kappeln-grauhoeft-25-082017-erster-tag-der-segelregatta-startet-im-yachthafen-grauhoeft-ein-blick-aus-der-vogelspektive-zu-sehen-ist-die-schleimuende-und-die-ostsee-35-peter-gast-schifffahrtsregatta-2017-kappeln-schleswig-holstein-deutschland-grauhoeft-kappeln-grauhoeft-25-08-2017-first-day-of-the-sailing-regatta-starts-in-the-yachtyard-grauhoeft-a-view-from-the-birds-eye-view-the-schleimuende-and-the-baltic-sea-can-be-seen-35-peter-gast-maritime-regatta-2017-kappeln-schleswig-holstein-germany-grauhoeft.jpg')\" decoding=\"async\"\/><img loading=\"lazy\" src=\"https:\/\/www.t-online.de\/s\/paper\/_next\/static\/media\/zoom-in.f7dae02f.svg\" alt=\"Vergr\u00f6\u00dfern des Bildes\" title=\"Vergr\u00f6\u00dfern des Bildes\" class=\"block h-[calc(var(--height)_\/_16_*_1rem)] w-[calc(var(--width)_\/_16_*_1rem)] max-w-none absolute right-8 bottom-8 rounded-4 bg-snow p-8\" style=\"--width:32;--height:32\" decoding=\"async\"\/><\/a><\/p>\n<p>Die Lotseninsel (Archivbild): Sie liegt an der M\u00fcndung der Schlei und kann nur mit dem Schiff erreicht werden. (Quelle: Luca Harry Jacob Field\/imago)<\/p>\n<p><img loading=\"lazy\" src=\"https:\/\/www.t-online.de\/s\/paper\/_next\/static\/media\/audio-volume.6689034c.svg\" alt=\"\" title=\"\" class=\"block h-[calc(var(--height)_\/_16_*_1rem)] w-[calc(var(--width)_\/_16_*_1rem)] max-w-none group-hover:brightness-0 group-hover:invert\" style=\"--width:16;--height:16\" decoding=\"async\"\/>Vorlesen<\/p>\n<p>Aktuelle Zeit:0:00Gesamtdauer:0:00<\/p>\n<p>1x<img loading=\"lazy\" src=\"https:\/\/www.t-online.de\/s\/paper\/_next\/static\/media\/font-sizes.32942e33.svg\" alt=\"\" title=\"\" class=\"block h-[calc(var(--height)_\/_16_*_1rem)] w-[calc(var(--width)_\/_16_*_1rem)] max-w-none group-hover:hidden group-aria-expanded:hidden\" style=\"--width:16;--height:16\" decoding=\"async\"\/><img loading=\"lazy\" src=\"https:\/\/www.t-online.de\/s\/paper\/_next\/static\/media\/font-sizes-dark-mode.e382645c.svg\" alt=\"\" title=\"\" class=\"block h-[calc(var(--height)_\/_16_*_1rem)] w-[calc(var(--width)_\/_16_*_1rem)] max-w-none hidden group-hover:block group-aria-expanded:block\" style=\"--width:16;--height:16\" decoding=\"async\"\/><img loading=\"lazy\" src=\"https:\/\/www.t-online.de\/s\/paper\/_next\/static\/media\/sharing-menu-icon.1eb71368.svg\" alt=\"\" title=\"\" class=\"block h-[calc(var(--height)_\/_16_*_1rem)] w-[calc(var(--width)_\/_16_*_1rem)] max-w-none group-hover:brightness-0 group-hover:invert\" style=\"--width:16;--height:16\" decoding=\"async\"\/>Artikel teilen<\/p>\n<p class=\"font-bold text-18 leading-17 user-text-lg:text-22 user-text-xl:text-24\">Rund 50 Autominuten von Kiel entfernt startet eine besondere Schiffstour zur Lotseninsel. Eine F\u00fchrung erschlie\u00dft Teile der gesch\u00fctzten Landschaft, die sonst kaum zug\u00e4nglich sind.<\/p>\n<p class=\"text-18 leading-17 user-text-lg:text-22 user-text-xl:text-24\">Zwischen Ostsee und Schlei liegt ein Ausflugsziel, das auf dem Landweg nicht zu erreichen ist: die Lotseninsel bei Schleim\u00fcnde. Von Kiel aus dauert die Fahrt zum Ausgangspunkt am Kappelner Nordhafen rund 50 Minuten. Von dort geht es mit dem Ausflugsschiff &#8222;Stadt Kappeln&#8220; weiter.<\/p>\n<p class=\"text-18 leading-17 user-text-lg:text-22 user-text-xl:text-24\">Bei der Sonderfahrt &#8222;Lotseninsel Ahoi&#8220; steht nicht nur die \u00dcberfahrt im Mittelpunkt. Fachleute der Stiftung Naturschutz Schleswig-Holstein und des Vereins Jordsand begleiten die Gruppe durch die gesch\u00fctzte Insellandschaft.<\/p>\n<p>D\u00fcnen, Salzwiesen und seltene V\u00f6gel<\/p>\n<p class=\"text-18 leading-17 user-text-lg:text-22 user-text-xl:text-24\">Die etwa zwei bis drei Kilometer lange Wanderung f\u00fchrt \u00fcber unebene Wege durch D\u00fcnen und Salzwiesen. Auch alte, vom Wind geformte Kiefern und seltene Pflanzen lassen sich auf der Tour entdecken. Die Landspitze gilt zudem als wichtiger Rast- und Brutplatz f\u00fcr zahlreiche Vogelarten.<\/p>\n<p class=\"text-18 leading-17 user-text-lg:text-22 user-text-xl:text-24\">F\u00fcr den Ausflug sind feste Schuhe und wetterfeste Kleidung erforderlich. An sonnigen Tagen geh\u00f6ren au\u00dferdem Sonnenschutz und ausreichend Getr\u00e4nke ins Gep\u00e4ck.<\/p>\n<p><a href=\"#focus-1\" class=\"transition-colors block text-current relative\" data-sctrack=\"FocusGalleryImage.Reference\"><img   loading=\"lazy\" src=\"https:\/\/www.europesays.com\/de\/wp-content\/uploads\/2026\/08\/touristen-laufen-zum-kiosk-giftbude-auf-der-ehemaligen-lotseninsel-schleimuende-ostsee-schleswig-hol.jpeg\" alt=\"imago images 0862577187\" title=\"imago images 0862577187\" width=\"8188\" height=\"4606\" class=\"h-full w-full max-w-full rounded-8\" decoding=\"async\"\/><img loading=\"lazy\" src=\"https:\/\/www.t-online.de\/s\/paper\/_next\/static\/media\/zoom-in.f7dae02f.svg\" alt=\"Vergr\u00f6\u00dfern des Bildes\" title=\"Vergr\u00f6\u00dfern des Bildes\" class=\"block h-[calc(var(--height)_\/_16_*_1rem)] w-[calc(var(--width)_\/_16_*_1rem)] max-w-none absolute right-8 bottom-8 rounded-4 bg-snow p-8\" style=\"--width:32;--height:32\" decoding=\"async\"\/>Touristen laufen zum Kiosk Giftbude auf der Lotseninsel Schleim\u00fcnde (Archivbild). (Quelle: IMAGO\/imageBROKER\/Wolfgang Diederich\/imago)<\/a><\/p>\n<p class=\"text-18 leading-17 user-text-lg:text-22 user-text-xl:text-24\">Im Preis von 38 Euro sind die Schifffahrt und ein Bio-Picknick enthalten. Neben einem M\u00fcsliriegel geh\u00f6rt dazu ein belegtes Brot, das auf Wunsch vegetarisch erh\u00e4ltlich ist. Die Naturf\u00fchrung selbst ist kostenlos, die Veranstalter bitten jedoch um eine Spende.<\/p>\n<p>Weitere Tour im September geplant<\/p>\n<p class=\"text-18 leading-17 user-text-lg:text-22 user-text-xl:text-24\">Die Fahrt am 29. August ist nach Angaben des Veranstalters bereits ausverkauft. F\u00fcr den 19. September ist eine weitere Sondertour angek\u00fcndigt. Als Anmeldeschluss wird der 13. September genannt. Ob noch Pl\u00e4tze verf\u00fcgbar sind, zeigt das jeweilige Buchungsportal.<\/p>\n<ul class=\"text-18 leading-17 block pl-24 *:pb-16 *:before:inline-block *:before:size-8 *:before:bg-magenta *:before:mt-0 *:before:mr-12 *:before:mb-2 *:before:-ml-[20px]\">\n<li><a href=\"https:\/\/www.t-online.de\/region\/kiel\/id_101394970\/-symbol-fuer-fehlplanungen-wie-es-mit-solar-schleifaehre-weitergehen-soll.html\" class=\"transition-colors cursor-pointer no-underline md:hover:text-magenta md:focus:text-magenta border-b border-solid border-current text-salemsfur md:hover:border-magenta\" data-tracking=\"{&quot;action&quot;:&quot;click&quot;,&quot;category&quot;:&quot;intextLink&quot;,&quot;label&quot;:&quot;\/region\/kiel\/id_101394970\/-symbol-fuer-fehlplanungen-wie-es-mit-solar-schleifaehre-weitergehen-soll.html&quot;}\" data-sctrack=\"BodyAnchor\" rel=\"nofollow noopener\" target=\"_blank\">Das Hin und Her bei der Schleif\u00e4hre &#8222;Missunde III&#8220;<\/a><\/li>\n<\/ul>\n<p class=\"text-18 leading-17 user-text-lg:text-22 user-text-xl:text-24\">Falls die gef\u00fchrte Sonderfahrt ausgebucht ist, bleibt eine k\u00fcrzere Alternative: Die &#8222;Stadt Kappeln&#8220; f\u00e4hrt laut Sommerfahrplan regelm\u00e4\u00dfig von Kappeln in Richtung Schleim\u00fcnde. Dabei ist ein rund halbst\u00fcndiger Landgang vorgesehen. Die ausf\u00fchrliche Wanderung durch die gesch\u00fctzte Landschaft geh\u00f6rt allerdings nur zum Sonderprogramm.<\/p>\n<p class=\"text-18 leading-17 user-text-lg:text-22 user-text-xl:text-24\">Die Anreise von Kiel nach Kappeln f\u00fchrt \u00fcber die B76 und die B203. F\u00fcr die etwa 59 Kilometer lange Strecke sollten bei normaler Verkehrslage knapp 50 Minuten eingeplant werden.<\/p>\n","protected":false},"excerpt":{"rendered":"Nur selten f\u00fcr Besucher ge\u00f6ffnet Ausflug f\u00fchrt auf eine nahezu unzug\u00e4ngliche Ostsee-Insel Aktualisiert am 31.08.2026 &#8211; 04:05 UhrLesedauer:&hellip;\n","protected":false},"author":2,"featured_media":1271086,"comment_status":"","ping_status":"","sticky":false,"template":"","format":"standard","meta":{"footnotes":"","_share_on_mastodon":"0"},"categories":[1852],"tags":[722,3903,262566,3364,29,548,663,3934,30,13,262567,41018,4949,262564,14,15,2852,30658,6402,202703,12,262565,1971],"class_list":["post-1271085","post","type-post","status-publish","format-standard","has-post-thumbnail","category-kiel","tag-722","tag-ausflug","tag-autominute","tag-de","tag-deutschland","tag-eu","tag-europa","tag-europe","tag-germany","tag-headlines","tag-jordsand","tag-kappeln","tag-kiel","tag-lotseninsel","tag-nachrichten","tag-news","tag-ostsee","tag-ostsee-insel","tag-schiff","tag-schiffstour","tag-schlagzeilen","tag-schleimuende","tag-schleswig-holstein"],"share_on_mastodon":{"url":"https:\/\/pubeurope.com\/@de\/117188170346694270","error":""},"_links":{"self":[{"href":"https:\/\/www.europesays.com\/de\/wp-json\/wp\/v2\/posts\/1271085","targetHints":{"allow":["GET"]}}],"collection":[{"href":"https:\/\/www.europesays.com\/de\/wp-json\/wp\/v2\/posts"}],"about":[{"href":"https:\/\/www.europesays.com\/de\/wp-json\/wp\/v2\/types\/post"}],"author":[{"embeddable":true,"href":"https:\/\/www.europesays.com\/de\/wp-json\/wp\/v2\/users\/2"}],"replies":[{"embeddable":true,"href":"https:\/\/www.europesays.com\/de\/wp-json\/wp\/v2\/comments?post=1271085"}],"version-history":[{"count":0,"href":"https:\/\/www.europesays.com\/de\/wp-json\/wp\/v2\/posts\/1271085\/revisions"}],"wp:featuredmedia":[{"embeddable":true,"href":"https:\/\/www.europesays.com\/de\/wp-json\/wp\/v2\/media\/1271086"}],"wp:attachment":[{"href":"https:\/\/www.europesays.com\/de\/wp-json\/wp\/v2\/media?parent=1271085"}],"wp:term":[{"taxonomy":"category","embeddable":true,"href":"https:\/\/www.europesays.com\/de\/wp-json\/wp\/v2\/categories?post=1271085"},{"taxonomy":"post_tag","embeddable":true,"href":"https:\/\/www.europesays.com\/de\/wp-json\/wp\/v2\/tags?post=1271085"}],"curies":[{"name":"wp","href":"https:\/\/api.w.org\/{rel}","templated":true}]}}