{"id":1271087,"date":"2026-08-31T04:12:18","date_gmt":"2026-08-31T04:12:18","guid":{"rendered":"https:\/\/www.europesays.com\/de\/1271087\/"},"modified":"2026-08-31T04:12:18","modified_gmt":"2026-08-31T04:12:18","slug":"neue-woche-beginnt-mit-neuen-baustellen-in-chemnitz","status":"publish","type":"post","link":"https:\/\/www.europesays.com\/de\/1271087\/","title":{"rendered":"Neue Woche beginnt mit neuen Baustellen in Chemnitz"},"content":{"rendered":"<p class=\"text text--s\">\n\t\t\t\tFreie Presse bei Google bevorzugen\n\t\t\t<\/p>\n<p class=\"bold\">\n\t\t\t\t\t\t\t\t\t\tNeu Einschr\u00e4nkungen auf den Stra\u00dfen in Chemnitz gibt es ab Montag auf der Chemnitzer Stra\u00dfe in Gr\u00fcna, der Konradstra\u00dfe, der Paul-J\u00e4kel-Stra\u00dfe und der Reichsstra\u00dfe. Die \u00dcbersicht zeigt, wo es eng wird.\t\t\t\t<\/p>\n<p>\t\t\t\t 1. Altchemnitzer Stra\u00dfe zwischen Hausnummer 40 und 60 und Wilhelm-Raabe-Stra\u00dfe zwischen Treffurthstra\u00dfe und Altchemnitzer Stra\u00dfe Verkehrsraumeinschr\u00e4nkung wg. Stromnetzoptimierung bis 4. September. August. Einbahnstra\u00dfenregelung Wilhelm-Raabe-Stra\u00dfe in Richtung Altchemnitzer Stra\u00dfe.<\/p>\n<p>\t\t<img decoding=\"async\" loading=\"lazy\" class=\"fp-plus-logo\" src=\"https:\/\/www.freiepresse.de\/img\/fpplus.svg\" alt=\"Freie Presse plus Logo\"\/><\/p>\n<p>6 Wochen gratis lesen.<\/p>\n<p> Alle Artikel im Web und in der App frei<\/p>\n<p> Zugriff auf die digitale Zeitung<\/p>\n<p> T\u00e4glicher Newsletter f\u00fcr Ihre Region<\/p>\n<p>Sie haben bereits ein Digitalabo?<\/p>\n","protected":false},"excerpt":{"rendered":"Freie Presse bei Google bevorzugen Neu Einschr\u00e4nkungen auf den Stra\u00dfen in Chemnitz gibt es ab Montag auf der&hellip;\n","protected":false},"author":2,"featured_media":1271088,"comment_status":"","ping_status":"","sticky":false,"template":"","format":"standard","meta":{"footnotes":"","_share_on_mastodon":"0"},"categories":[1851],"tags":[2770,3364,29,548,663,3934,30,13,14,15,859,12,5582],"class_list":["post-1271087","post","type-post","status-publish","format-standard","has-post-thumbnail","category-chemnitz","tag-chemnitz","tag-de","tag-deutschland","tag-eu","tag-europa","tag-europe","tag-germany","tag-headlines","tag-nachrichten","tag-news","tag-sachsen","tag-schlagzeilen","tag-verkehr-infrastruktur-bauen"],"share_on_mastodon":{"url":"","error":""},"_links":{"self":[{"href":"https:\/\/www.europesays.com\/de\/wp-json\/wp\/v2\/posts\/1271087","targetHints":{"allow":["GET"]}}],"collection":[{"href":"https:\/\/www.europesays.com\/de\/wp-json\/wp\/v2\/posts"}],"about":[{"href":"https:\/\/www.europesays.com\/de\/wp-json\/wp\/v2\/types\/post"}],"author":[{"embeddable":true,"href":"https:\/\/www.europesays.com\/de\/wp-json\/wp\/v2\/users\/2"}],"replies":[{"embeddable":true,"href":"https:\/\/www.europesays.com\/de\/wp-json\/wp\/v2\/comments?post=1271087"}],"version-history":[{"count":0,"href":"https:\/\/www.europesays.com\/de\/wp-json\/wp\/v2\/posts\/1271087\/revisions"}],"wp:featuredmedia":[{"embeddable":true,"href":"https:\/\/www.europesays.com\/de\/wp-json\/wp\/v2\/media\/1271088"}],"wp:attachment":[{"href":"https:\/\/www.europesays.com\/de\/wp-json\/wp\/v2\/media?parent=1271087"}],"wp:term":[{"taxonomy":"category","embeddable":true,"href":"https:\/\/www.europesays.com\/de\/wp-json\/wp\/v2\/categories?post=1271087"},{"taxonomy":"post_tag","embeddable":true,"href":"https:\/\/www.europesays.com\/de\/wp-json\/wp\/v2\/tags?post=1271087"}],"curies":[{"name":"wp","href":"https:\/\/api.w.org\/{rel}","templated":true}]}}