{"id":1271097,"date":"2026-08-31T04:17:17","date_gmt":"2026-08-31T04:17:17","guid":{"rendered":"https:\/\/www.europesays.com\/de\/1271097\/"},"modified":"2026-08-31T04:17:17","modified_gmt":"2026-08-31T04:17:17","slug":"wie-kommt-man-an-einen-handwerker-so-ist-die-lage-in-augsburg-und-der-region","status":"publish","type":"post","link":"https:\/\/www.europesays.com\/de\/1271097\/","title":{"rendered":"Wie kommt man an einen Handwerker? So ist die Lage in Augsburg und der Region"},"content":{"rendered":"<p class=\"mb-6 text-xs-varying md:text-m lg:text-l font-serif group-[.font-sans]:font-sans \">\n    Optimismus ist es, den man aktuell zu h\u00f6ren bekommt, wenn man mit Handwerkern spricht. Das Bild vom \u201eGoldenen Boden\u201c bem\u00fcht etwa Robert H\u00f6ck, als <a href=\"https:\/\/www.augsburger-allgemeine.de\/augsburg\/\" target=\"_self\" class=\"underline \" rel=\"nofollow noopener\">Augsburg<\/a>er Kreishandwerksmeister und Chef der Metallbau-Innung zust\u00e4ndig f\u00fcr Augsburg und die beiden angrenzenden Landkreise, im Gespr\u00e4ch mit unserer Redaktion. \u201eWir sind verl\u00e4sslich\u201c, sagt er. \u201eIn der Industrie sp\u00fcrt man die Unsicherheit.\u201c In vielen Gewerken sei die Auftragslage weiter gut, auch wenn die Konjunktur schw\u00e4chele. F\u00fcr Kundinnen und Kunden hat das jedoch auch einen Nachteil: Auf Termine kann man teils lange warten. \u201eUnd nat\u00fcrlich gibt es den Fachkr\u00e4ftemangel\u201c, sagt H\u00f6ck.\n  <\/p>\n<p class=\"mb-6 text-xs-varying md:text-m lg:text-l font-serif group-[.font-sans]:font-sans \">\n    Seine Branche \u2013<a href=\"https:\/\/www.augsburger-allgemeine.de\/aichach\/abschlussfeier-an-der-berufsschule-aichach-friedberg-22-absolventen-schaffen-die-note-1-5-oder-besser-114961485\" target=\"_self\" class=\"underline \" rel=\"nofollow noopener\"> er betreibt einen Metallbau-Betrieb in Friedberg<\/a> \u2013 gibt vielen Menschen Arbeit und z\u00e4hlt 255 Betriebe in der Region. Grunds\u00e4tzlich sind Stadt und Landkreis Augsburg sowie der Landkreis Aichach-Friedberg \u00fcberdurchschnittlich gut mit Handwerksbetrieben versorgt, in der Region kommen \u00fcber 14 Firmen auf 1000 Einwohner, bundesweit sind es hingegen nur rund zw\u00f6lf. Etwa 13 Prozent der Erwerbst\u00e4tigen arbeiten zudem im Handwerk, das entspricht etwa dem Bundesschnitt. <a href=\"https:\/\/www.augsburger-allgemeine.de\/augsburg\/metzgerei-hyna-auf-dem-augsburger-stadtmarkt-schliesst-2-114973741\" target=\"_self\" class=\"underline \" rel=\"nofollow noopener\">Manche Branchen und Gebiete sind in der Region besonders gut versorgt<\/a>.\n  <\/p>\n<p>            Stadt Augsburg bietet wenig Platz f\u00fcr Handwerker \u2013 viele Betriebe im Umland<\/p>\n<p class=\"mb-6 text-xs-varying md:text-m lg:text-l font-serif group-[.font-sans]:font-sans \">\n    Wir haben aktuelle Zahlen der Handwerkskammer Schwaben und der Agentur f\u00fcr Arbeit ausgewertet, um die Lage in der Region zu untersuchen. Daraus geht etwa hervor, dass im Gro\u00dfraum Augsburg die meisten Betriebe im Augsburger Land angesiedelt sind. In manchen Branchen ist der Unterschied sogar ganz eklatant. Nur jeder achte Schreiner- oder jeder zehnte Zimmererbetrieb in der Region findet sich auf dem besonders stark besiedelten Augsburger Stadtgebiet; <a href=\"https:\/\/www.augsburger-allgemeine.de\/landsberg\/mit-17-auf-der-baustelle-man-sieht-am-ende-was-man-geschaffen-hat-114378664\" target=\"_self\" class=\"underline \" rel=\"nofollow noopener\">und fast jeder zweite Maurerbetrieb der Region<\/a> ist im Landkreis Augsburg oder fast jeder dritte Installateur und Heizungsbauer im Wittelsbacher Land zu finden.\n  <\/p>\n<p class=\"mb-6 text-xs-varying md:text-m lg:text-l font-serif group-[.font-sans]:font-sans \">\n    \u201eWer eine Werkstatt hat, der braucht Platz\u201c, erkl\u00e4rt Handwerksmeister H\u00f6ck einen daf\u00fcr entscheidenden Faktor. So sei es auch in seiner Branche bei den Metallbauern, und fehlende Parkpl\u00e4tze, h\u00f6here Gewerbesteuer oder der zus\u00e4tzliche Feiertag am 8. August k\u00f6nnten ebenso ein Standortnachteil f\u00fcr die Stadt sein. Ob man deshalb auf dem Land eher einen Handwerker finde als in der Stadt, sei jedoch nicht ganz einfach zu beantworten. Teils h\u00e4nge es von der Branche ab. Elektrotechnik-Innungsmeister Thomas Klopfer indes r\u00e4t von einer weitr\u00e4umigen Suche ab.\n  <\/p>\n<p class=\"mb-6 text-xs-varying md:text-m lg:text-l font-serif group-[.font-sans]:font-sans \">\n    Sein Gewerk ist unter den st\u00e4rksten der Region,<a href=\"https:\/\/www.augsburger-allgemeine.de\/bayern\/kommentar-zu-bayerns-ladenschlussgesetz-das-problem-ist-20-uhr-werktags-8-114937269\" target=\"_self\" class=\"underline \" rel=\"nofollow noopener\"> nur im Bereich Kosmetik gibt es noch mehr Betriebe<\/a>, und lediglich Geb\u00e4udereinigungen und Kfz-Betriebe sind personell noch st\u00e4rker vertreten. Auch Klopfers Branchenkolleginnen und -kollegen arbeiten vor allem in Betrieben im l\u00e4ndlichen Bereich. Der Elektrotechniker empfiehlt Kundinnen und Kunden, erst einmal \u201eim n\u00e4heren Umfeld zu schauen\u201c. Die Anzahl der Betriebe gebe nicht immer einen R\u00fcckschluss auf die Zahl der verf\u00fcgbaren Arbeitskr\u00e4fte. \u201eAuf dem Land gibt es kleinere Firmen\u201c, erkl\u00e4rt er. Allerdings: Sein Betrieb in Augsburg sei schon gut ausgelastet, heuer nehme man schon keine gro\u00dfen Auftr\u00e4ge mehr an.\n  <\/p>\n<p>            Kfz-Mechatroniker bleibt in Schwaben gefragter Ausbildungsberuf<\/p>\n<p class=\"mb-6 text-xs-varying md:text-m lg:text-l font-serif group-[.font-sans]:font-sans \">\n    <a href=\"https:\/\/www.augsburger-allgemeine.de\/augsburg-land\/wir-gersthofen-hat-stadtratsliste-und-buergermeisterkandidatin-nominiert-112791050\" target=\"_self\" class=\"underline \" rel=\"nofollow noopener\">Alois Huber hat in seiner Autowerkstatt im Landkreis Augsburg<\/a> tats\u00e4chlich rund 70 Prozent an Kunden aus der Stadt, teils sogar aus M\u00fcnchen, wie er berichtet. Auf dem Land biete man vielleicht nicht immer Hochglanz, sagt der schw\u00e4bische Kfz-Innungsmeister, \u201eaber wir k\u00f6nnen hier auch was\u201c. In seinem Betrieb im Gersthofer Stadtteil Batzenhofen warte man gute drei Wochen auf einen regul\u00e4ren Termin, sagt Huber. Um den Nachwuchs macht er sich keine Sorgen: Nach Angaben der Handwerkskammer ist Kfz-Mechatroniker in Schwaben klar das beliebteste Handwerk unter m\u00e4nnlichen Auszubildenden.\n  <\/p>\n<p>    <img decoding=\"async\" src=\"https:\/\/www.europesays.com\/de\/wp-content\/uploads\/2026\/08\/copy20of2050271615tif.jpg\" alt=\"Die meisten Handwerksfirmen im Gro\u00dfraum Augsburg sind im Bereich Kosmetik t\u00e4tig.\" title=\"Die meisten Handwerksfirmen im Gro\u00dfraum Augsburg sind im Bereich Kosmetik t\u00e4tig.\" loading=\"lazy\" class=\"h-full w-full object-cover\"\/><\/p>\n<p>      Icon vergr\u00f6\u00dfern<\/p>\n<p>    Die meisten Handwerksfirmen im Gro\u00dfraum Augsburg sind im Bereich Kosmetik t\u00e4tig.<br \/>\n    Foto: Andreas Gebert, dpa (Symbolbild)<\/p>\n<p>        Schlie\u00dfen <\/p>\n<p>      Icon Schlie\u00dfen<\/p>\n<p>        Icon vergr\u00f6\u00dfern<\/p>\n<p>        Icon verkleinern<\/p>\n<p>      Icon Pfeil bewegen<\/p>\n<p>    Die meisten Handwerksfirmen im Gro\u00dfraum Augsburg sind im Bereich Kosmetik t\u00e4tig.<br \/>\n    Foto: Andreas Gebert, dpa (Symbolbild)<\/p>\n<p class=\"mb-6 text-xs-varying md:text-m lg:text-l font-serif group-[.font-sans]:font-sans \">\n    Bei weiblichen Auszubildenden liegen das Lebensmittel- und das Friseurhandwerk ganz vorn. Das sind zudem Gewerke, die man oft in der Stadt findet: Kosmetikbetriebe knapp vor Geb\u00e4udereinigungen und Friseursalons sind in Augsburg die am h\u00e4ufigsten Handwerksfirmen. \u201eUnd der Bereich Nahrungsmittel ist auch gut aufgestellt\u201c, sagt der Augsburger Kreishandwerksmeister H\u00f6ck. Man sei zudem grunds\u00e4tzlich weniger krisenanf\u00e4llig, wenn man einen Beitrag zum t\u00e4glichen Bedarf leiste. Das merkt H\u00f6ck auch in seiner Metallbranche. Schwierigkeiten gebe es aktuell rund ums Baugewerbe.\n  <\/p>\n<p class=\"mb-6 text-xs-varying md:text-m lg:text-l font-serif group-[.font-sans]:font-sans \">\n    Dass es nicht \u00fcberall rund l\u00e4uft, macht sich teils auch auf dem Arbeitsmarkt bemerkbar: So ging die Zahl der bei der Arbeitsagentur gemeldeten Stellen im Handwerk in der Region zuletzt insgesamt zur\u00fcck, im Umkehrschluss nahm die Zahl der Arbeitslosen zu. Besonders in der Stadt ist das erkennbar, im l\u00e4ndlichen Bereich gibt es hingegen schon wieder einen Aufschwung. Immerhin f\u00fcr Kundinnen und Kunden kann es einen Vorteil haben, wenn die Auftragsb\u00fccher etwas weniger stark gef\u00fcllt sind: Die Wartezeit auf einen Termin wird dann k\u00fcrzer.\n  <\/p>\n","protected":false},"excerpt":{"rendered":"Optimismus ist es, den man aktuell zu h\u00f6ren bekommt, wenn man mit Handwerkern spricht. Das Bild vom \u201eGoldenen&hellip;\n","protected":false},"author":2,"featured_media":1271098,"comment_status":"","ping_status":"","sticky":false,"template":"","format":"standard","meta":{"footnotes":"","_share_on_mastodon":"0"},"categories":[1846],"tags":[680,136723,772,3364,29,548,663,3934,1707,68633,30,30099,16782,13,69407,137026,14,15,262576,12,262577],"class_list":["post-1271097","post","type-post","status-publish","format-standard","has-post-thumbnail","category-augsburg","tag-augsburg","tag-bayerisch-schwaben","tag-bayern","tag-de","tag-deutschland","tag-eu","tag-europa","tag-europe","tag-fachkraeftemangel","tag-friedberg","tag-germany","tag-grossraum","tag-handwerkskammer","tag-headlines","tag-landkreis-aichach-friedberg","tag-landkreis-augsburg","tag-nachrichten","tag-news","tag-robert-hoeck","tag-schlagzeilen","tag-thomas-klopfer"],"share_on_mastodon":{"url":"https:\/\/pubeurope.com\/@de\/117188196388356608","error":""},"_links":{"self":[{"href":"https:\/\/www.europesays.com\/de\/wp-json\/wp\/v2\/posts\/1271097","targetHints":{"allow":["GET"]}}],"collection":[{"href":"https:\/\/www.europesays.com\/de\/wp-json\/wp\/v2\/posts"}],"about":[{"href":"https:\/\/www.europesays.com\/de\/wp-json\/wp\/v2\/types\/post"}],"author":[{"embeddable":true,"href":"https:\/\/www.europesays.com\/de\/wp-json\/wp\/v2\/users\/2"}],"replies":[{"embeddable":true,"href":"https:\/\/www.europesays.com\/de\/wp-json\/wp\/v2\/comments?post=1271097"}],"version-history":[{"count":0,"href":"https:\/\/www.europesays.com\/de\/wp-json\/wp\/v2\/posts\/1271097\/revisions"}],"wp:featuredmedia":[{"embeddable":true,"href":"https:\/\/www.europesays.com\/de\/wp-json\/wp\/v2\/media\/1271098"}],"wp:attachment":[{"href":"https:\/\/www.europesays.com\/de\/wp-json\/wp\/v2\/media?parent=1271097"}],"wp:term":[{"taxonomy":"category","embeddable":true,"href":"https:\/\/www.europesays.com\/de\/wp-json\/wp\/v2\/categories?post=1271097"},{"taxonomy":"post_tag","embeddable":true,"href":"https:\/\/www.europesays.com\/de\/wp-json\/wp\/v2\/tags?post=1271097"}],"curies":[{"name":"wp","href":"https:\/\/api.w.org\/{rel}","templated":true}]}}