{"id":1271099,"date":"2026-08-31T04:18:15","date_gmt":"2026-08-31T04:18:15","guid":{"rendered":"https:\/\/www.europesays.com\/de\/1271099\/"},"modified":"2026-08-31T04:18:15","modified_gmt":"2026-08-31T04:18:15","slug":"neues-handyverbot-wie-schulleitungen-und-schueler-in-frankenthal-auf-die-vorgabe-blicken-frankenthal","status":"publish","type":"post","link":"https:\/\/www.europesays.com\/de\/1271099\/","title":{"rendered":"Neues Handyverbot: Wie Schulleitungen und Sch\u00fcler in Frankenthal auf die Vorgabe blicken &#8211; Frankenthal"},"content":{"rendered":"<p class=\"rhp-dpa-teaser\"><b>Kommendes Jahr sollen Handys an rheinland-pf\u00e4lzischen Schulen f\u00fcr manche Klassen tabu sein. Was an Frankenthaler Schulen bereits gilt und wie Sch\u00fcler die neue Regel finden.<\/b><\/p>\n<p>Ab Februar 2027 soll an rheinland-pf\u00e4lzischen Schulen eine landesweit einheitliche Regelung f\u00fcr Smartphones gelten: Bis Klasse zehn soll die private Nutzung w\u00e4hrend der gesamten Unterrichtszeit untersagt werden.<\/p>\n<p>An der Integrierten Gesamtschule (IGS) <a class=\"rtr-entity\" data-rtr-entity=\"Robert Schuman\" data-rtr-id=\"9dacaf3176abca54b3c7a0164fdde446f9f3b89c\" data-rtr-score=\"14.379672339748687\" data-rtr-etype=\"person\" data-rtr-index=\"3\" href=\"https:\/\/www.rheinpfalz.de\/themen\/robert-schuman\" rel=\"nofollow noopener\" target=\"_blank\">Robert Schuman<\/a> und am Karolinen-Gymnasium (KG) in <\/p>\n<p class=\"rhp-teaser\"><b>Kommendes Jahr sollen Handys an rheinland-pf\u00e4lzischen Schulen f\u00fcr manche Klassen tabu sein. Was an Frankenthaler Schulen bereits gilt und wie Sch\u00fcler die neue Regel finden.<\/b><\/p>\n","protected":false},"excerpt":{"rendered":"Kommendes Jahr sollen Handys an rheinland-pf\u00e4lzischen Schulen f\u00fcr manche Klassen tabu sein. Was an Frankenthaler Schulen bereits gilt&hellip;\n","protected":false},"author":2,"featured_media":1271100,"comment_status":"","ping_status":"","sticky":false,"template":"","format":"standard","meta":{"footnotes":"","_share_on_mastodon":"0"},"categories":[1845],"tags":[124153,1634,3364,29,548,663,3934,35185,30,13,4060,2096,14,15,262578,35145,12],"class_list":["post-1271099","post","type-post","status-publish","format-standard","has-post-thumbnail","category-mannheim","tag-alexander-dejon","tag-baden-wuerttemberg","tag-de","tag-deutschland","tag-eu","tag-europa","tag-europe","tag-frankenthal","tag-germany","tag-headlines","tag-lokal","tag-mannheim","tag-nachrichten","tag-news","tag-peter-graff","tag-robert-schuman","tag-schlagzeilen"],"share_on_mastodon":{"url":"https:\/\/pubeurope.com\/@de\/117188198967809618","error":""},"_links":{"self":[{"href":"https:\/\/www.europesays.com\/de\/wp-json\/wp\/v2\/posts\/1271099","targetHints":{"allow":["GET"]}}],"collection":[{"href":"https:\/\/www.europesays.com\/de\/wp-json\/wp\/v2\/posts"}],"about":[{"href":"https:\/\/www.europesays.com\/de\/wp-json\/wp\/v2\/types\/post"}],"author":[{"embeddable":true,"href":"https:\/\/www.europesays.com\/de\/wp-json\/wp\/v2\/users\/2"}],"replies":[{"embeddable":true,"href":"https:\/\/www.europesays.com\/de\/wp-json\/wp\/v2\/comments?post=1271099"}],"version-history":[{"count":0,"href":"https:\/\/www.europesays.com\/de\/wp-json\/wp\/v2\/posts\/1271099\/revisions"}],"wp:featuredmedia":[{"embeddable":true,"href":"https:\/\/www.europesays.com\/de\/wp-json\/wp\/v2\/media\/1271100"}],"wp:attachment":[{"href":"https:\/\/www.europesays.com\/de\/wp-json\/wp\/v2\/media?parent=1271099"}],"wp:term":[{"taxonomy":"category","embeddable":true,"href":"https:\/\/www.europesays.com\/de\/wp-json\/wp\/v2\/categories?post=1271099"},{"taxonomy":"post_tag","embeddable":true,"href":"https:\/\/www.europesays.com\/de\/wp-json\/wp\/v2\/tags?post=1271099"}],"curies":[{"name":"wp","href":"https:\/\/api.w.org\/{rel}","templated":true}]}}