{"id":1271111,"date":"2026-08-31T04:25:16","date_gmt":"2026-08-31T04:25:16","guid":{"rendered":"https:\/\/www.europesays.com\/de\/1271111\/"},"modified":"2026-08-31T04:25:16","modified_gmt":"2026-08-31T04:25:16","slug":"wuelfrath-evangelische-kirche-duessel-feiert-150-geburstag","status":"publish","type":"post","link":"https:\/\/www.europesays.com\/de\/1271111\/","title":{"rendered":"W\u00fclfrath: Evangelische Kirche D\u00fcssel feiert 150. Geburstag"},"content":{"rendered":"<p class=\"text_ohne_einzug richtext text-em-55 !leading-serif mx-6 desktop:mx-0\">  Einen guten Grund zum Feiern hat die evangelische Gemeinde in D\u00fcssel: Den Kirchenbau gibt es in diesem Jahr bereits 150 Jahre. \u201eIm Jahr 1876 war die evangelische Kirche D\u00fcssel fertig. Nach nur drei Jahren Bauzeit. Grundsteinlegung war 1873\u201c, berichtet die Gemeinde.<\/p>\n<p class=\"richtext text-em-55 !leading-serif mx-6 desktop:mx-0\">Und der runde Geburtstag soll geb\u00fchrend gefeiert werden. Deshalb hat sich die Kirchengemeinde eine Geburtstagsfeier mit Festprogramm \u00fcberlegt, das \u00fcber ein ganzes Wochenende dauert. Es geht los am Freitag, 4. September, um 18 Uhr mit einer Vesper, also einem gesungenen Abendgebet zum Runterkommen und Krafttanken.<\/p>\n<p class=\"richtext text-em-55 !leading-serif mx-6 desktop:mx-0\">Am zweiten Tag, 5. September, gibt es ein gro\u00dfes Festprogramm. Zun\u00e4chst werden noch zwei Hochzeiten gefeiert. <br \/>\u201eDanach gegen 16.30 Uhr beginnt rund um die Kirche ein buntes Programm\u201c, verspricht die Gemeinde. An dem Tag gibt es auch direkt zwei Programmhighlights: Zum einen kann man den Turm der Kirche besteigen, der sicher auch einen tollen Blick \u00fcber D\u00fcssel bietet. Zum anderen gibt es Orgelf\u00fchrungen.<\/p>\n<p class=\"richtext text-em-55 !leading-serif mx-6 desktop:mx-0\">Auch an die kleinen Besucher hat das Team gedacht: Es gibt ein Kinderprogramm und Mitmachaktionen. Au\u00dferdem k\u00f6nnen die Besucher die Frage beantworten, wie sie sich die Zukunft der Gemeinde vorstellen. \u201eDass die Gemeinde Neuerungen gegen\u00fcber aufgeschlossen ist, zeigt sich an den beiden neuen Bildschirmen in der Kirche, die nicht nur die alte Liedtafel ersetzen, sondern auch Videovortr\u00e4ge m\u00f6glich machen\u201c, so die Gemeinde.<\/p>\n<p class=\"richtext text-em-55 !leading-serif mx-6 desktop:mx-0\">Ein weiteres Highlight: Zur Geschichte des Geb\u00e4udes wurde ein eigenes H\u00f6rspiel aufgenommen, das an dem Tag Premiere feiert. Am Abend soll es ab 19 Uhr unter dem Stichwort \u201eGet together\u201c gem\u00fctlich werden. Die Gemeinde verspricht einen lockeren Abend in und um die Kirche mit Essen und Getr\u00e4nken. Dazu gibt es Musik von Anna und Aleksandra sowie ab 20 Uhr von \u201eMe &amp; the Headlights\u201c.<\/p>\n<p class=\"richtext text-em-55 !leading-serif mx-6 desktop:mx-0\">Am Sonntag, 6. September, findet um 11 Uhr der Festgottesdienst mit besonderer Liturgie statt. Dazu spielen Niklas Hebbel an der Orgel und der Posaunenchor T\u00f6nisheide. Anschlie\u00dfend gibt es einen Empfang an der Kirche.<\/p>\n","protected":false},"excerpt":{"rendered":"Einen guten Grund zum Feiern hat die evangelische Gemeinde in D\u00fcssel: Den Kirchenbau gibt es in diesem Jahr&hellip;\n","protected":false},"author":2,"featured_media":1271112,"comment_status":"","ping_status":"","sticky":false,"template":"","format":"standard","meta":{"footnotes":"","_share_on_mastodon":"0"},"categories":[1840],"tags":[3274,51544,3364,29,26379,13957,27331,2701,26256,17418,11867,30,167199,22265,1209,1781,9717,27167,4418],"class_list":["post-1271111","post","type-post","status-publish","format-standard","has-post-thumbnail","category-wuppertal","tag-kirche","tag-51544","tag-de","tag-deutschland","tag-duessel","tag-evangelische","tag-feiert","tag-geburtstag","tag-geburtstagsfeier","tag-gefeiert","tag-gemeinde","tag-germany","tag-kirchenbau","tag-kirchengemeinde","tag-nordrhein-westfalen","tag-tag","tag-uhr","tag-wuelfrath","tag-wuppertal"],"share_on_mastodon":{"url":"https:\/\/pubeurope.com\/@de\/117188226322143120","error":""},"_links":{"self":[{"href":"https:\/\/www.europesays.com\/de\/wp-json\/wp\/v2\/posts\/1271111","targetHints":{"allow":["GET"]}}],"collection":[{"href":"https:\/\/www.europesays.com\/de\/wp-json\/wp\/v2\/posts"}],"about":[{"href":"https:\/\/www.europesays.com\/de\/wp-json\/wp\/v2\/types\/post"}],"author":[{"embeddable":true,"href":"https:\/\/www.europesays.com\/de\/wp-json\/wp\/v2\/users\/2"}],"replies":[{"embeddable":true,"href":"https:\/\/www.europesays.com\/de\/wp-json\/wp\/v2\/comments?post=1271111"}],"version-history":[{"count":0,"href":"https:\/\/www.europesays.com\/de\/wp-json\/wp\/v2\/posts\/1271111\/revisions"}],"wp:featuredmedia":[{"embeddable":true,"href":"https:\/\/www.europesays.com\/de\/wp-json\/wp\/v2\/media\/1271112"}],"wp:attachment":[{"href":"https:\/\/www.europesays.com\/de\/wp-json\/wp\/v2\/media?parent=1271111"}],"wp:term":[{"taxonomy":"category","embeddable":true,"href":"https:\/\/www.europesays.com\/de\/wp-json\/wp\/v2\/categories?post=1271111"},{"taxonomy":"post_tag","embeddable":true,"href":"https:\/\/www.europesays.com\/de\/wp-json\/wp\/v2\/tags?post=1271111"}],"curies":[{"name":"wp","href":"https:\/\/api.w.org\/{rel}","templated":true}]}}