{"id":1271121,"date":"2026-08-31T04:32:17","date_gmt":"2026-08-31T04:32:17","guid":{"rendered":"https:\/\/www.europesays.com\/de\/1271121\/"},"modified":"2026-08-31T04:32:17","modified_gmt":"2026-08-31T04:32:17","slug":"der-boersen-tag-usa-fuellen-reserven-mit-venezuela-oel-auf","status":"publish","type":"post","link":"https:\/\/www.europesays.com\/de\/1271121\/","title":{"rendered":"Der B\u00f6rsen-Tag: USA f\u00fcllen Reserven mit Venezuela-\u00d6l auf"},"content":{"rendered":"<p>Der B\u00f6rsen-TagUSA f\u00fcllen Reserven mit Venezuela-\u00d6l auf<\/p>\n<p class=\"Typography_text-default__P3otY Typography_weight-normal__pqUbH storyline_paragraph_p__qSR5N\">Die USA wollen ihren in den vergangenen Jahren wiederholt <b class=\"bold\">angezapften Notvorrat an \u00d6l<\/b> nach Angaben von Pr\u00e4sident Donald Trump mit \u00d6l aus Venezuela wieder aufstocken. Trump k\u00fcndigte an, dass in K\u00fcrze damit begonnen werde, die sogenannte strategische \u00d6lreserve aufzuf\u00fcllen. M\u00f6glich werden soll das durch ein am Freitag von Trump vorgestelltes Abkommen mit Venezuela. Der Pakt soll die angeschlagene \u00d6lindustrie Venezuelas wiederbeleben. Es ist allerdings unklar, wie schnell das Abkommen tats\u00e4chlich \u00d6l f\u00fcr die Reserve liefern oder US-Autofahrern kurzfristig zugutekommen kann, bei denen gestiegene Benzinpreise f\u00fcr Unmut sorgen. F\u00fcr eine deutliche Steigerung der Produktion sind zun\u00e4chst erhebliche Investitionen und Arbeiten an der Infrastruktur in Venezuela erforderlich.<\/p>\n<p class=\"Typography_text-default__P3otY Typography_weight-normal__pqUbH storyline_paragraph_p__qSR5N\">Trump bezeichnet das \u00d6l als ein Geschenk Venezuelas an das Volk der Vereinigten Staaten. Die USA hatten das \u00f6lreiche s\u00fcdamerikanische Land Anfang des Jahres angegriffen und den damaligen Staatschef Nicolas Maduro festgenommen. Seitdem wird Venezuela von \u00dcbergangspr\u00e4sidentin Delcy Rodriguez gef\u00fchrt, die von Trump unterst\u00fctzt wird. Rodriguez war Teil der Regierung Maduros, dem Menschenrechtsorganisationen Unterdr\u00fcckung der Opposition, Korruption, Missachtung demokratischer Prinzipien und Misswirtschaft vorwarfen. Die eigentliche Oppositionsf\u00fchrerin Maria Corina Machado wurde seit Maduros Absetzung wiederholt \u00f6ffentlich von der US-Regierung ins Abseits gedr\u00e4ngt.<\/p>\n<p class=\"Typography_text-s__wu_cm Typography_weight-normal__pqUbH Typography_color-darkgrey__sZEnP article-detail-footer_source__KslPc\">Quelle: ntv.de<\/p>\n","protected":false},"excerpt":{"rendered":"Der B\u00f6rsen-TagUSA f\u00fcllen Reserven mit Venezuela-\u00d6l auf Die USA wollen ihren in den vergangenen Jahren wiederholt angezapften Notvorrat&hellip;\n","protected":false},"author":2,"featured_media":1271122,"comment_status":"","ping_status":"","sticky":false,"template":"","format":"standard","meta":{"footnotes":"","_share_on_mastodon":"0"},"categories":[3977],"tags":[331,332,13,14,15,12,4017,4018,4016,64,4019,4020],"class_list":["post-1271121","post","type-post","status-publish","format-standard","has-post-thumbnail","category-usa","tag-aktuelle-nachrichten","tag-aktuelle-news","tag-headlines","tag-nachrichten","tag-news","tag-schlagzeilen","tag-united-states","tag-united-states-of-america","tag-us","tag-usa","tag-vereinigte-staaten","tag-vereinigte-staaten-von-amerika"],"share_on_mastodon":{"url":"https:\/\/pubeurope.com\/@de\/117188253791792180","error":""},"_links":{"self":[{"href":"https:\/\/www.europesays.com\/de\/wp-json\/wp\/v2\/posts\/1271121","targetHints":{"allow":["GET"]}}],"collection":[{"href":"https:\/\/www.europesays.com\/de\/wp-json\/wp\/v2\/posts"}],"about":[{"href":"https:\/\/www.europesays.com\/de\/wp-json\/wp\/v2\/types\/post"}],"author":[{"embeddable":true,"href":"https:\/\/www.europesays.com\/de\/wp-json\/wp\/v2\/users\/2"}],"replies":[{"embeddable":true,"href":"https:\/\/www.europesays.com\/de\/wp-json\/wp\/v2\/comments?post=1271121"}],"version-history":[{"count":0,"href":"https:\/\/www.europesays.com\/de\/wp-json\/wp\/v2\/posts\/1271121\/revisions"}],"wp:featuredmedia":[{"embeddable":true,"href":"https:\/\/www.europesays.com\/de\/wp-json\/wp\/v2\/media\/1271122"}],"wp:attachment":[{"href":"https:\/\/www.europesays.com\/de\/wp-json\/wp\/v2\/media?parent=1271121"}],"wp:term":[{"taxonomy":"category","embeddable":true,"href":"https:\/\/www.europesays.com\/de\/wp-json\/wp\/v2\/categories?post=1271121"},{"taxonomy":"post_tag","embeddable":true,"href":"https:\/\/www.europesays.com\/de\/wp-json\/wp\/v2\/tags?post=1271121"}],"curies":[{"name":"wp","href":"https:\/\/api.w.org\/{rel}","templated":true}]}}