{"id":1271126,"date":"2026-08-31T04:37:59","date_gmt":"2026-08-31T04:37:59","guid":{"rendered":"https:\/\/www.europesays.com\/de\/1271126\/"},"modified":"2026-08-31T04:37:59","modified_gmt":"2026-08-31T04:37:59","slug":"bundesregierung-verteidigt-transparenz-bei-team-europe-initiativen","status":"publish","type":"post","link":"https:\/\/www.europesays.com\/de\/1271126\/","title":{"rendered":"Bundesregierung verteidigt Transparenz bei Team-Europe-Initiativen"},"content":{"rendered":"\n<p>Bundesregierung verteidigt Transparenz bei Team-Europe-Initiativen<\/p>\n<dl class=\"article-info muted\">\n<dd class=\"readtime\">  Lesezeit: 3 Minuten <\/dd>\n<dd class=\"create\">   Erstellt: 31. August 2026  <\/dd>\n<\/dl>\n<p>  <img decoding=\"async\" class=\"caption\" title=\"Foto: \u00a9 Christin Hume&#9;Bildbeschreibung: Eine Frau die an einem Laptop arbeitet.\" src=\"https:\/\/www.europesays.com\/de\/wp-content\/uploads\/2026\/08\/Web-Laptop.jpg\" alt=\"Bildbeschreibung: Eine Frau die an einem Laptop arbeitet.\"\/>  <\/p>\n<p>F\u00fcr entwicklungspolitische Ma\u00dfnahmen der Bundesregierung, die im Rahmen von Team-Europe-Initiativen durchgef\u00fchrt werden, gelten ihr zufolge die \u00fcblichen Vorgaben hinsichtlich Transparenz, Neutralit\u00e4t, Vergabeverfahren sowie fachlicher Standards bei der Auswahl von Projekttr\u00e4gern und Umsetzungspartnern. Auch der Deutsche Bundestag verf\u00fcge \u00fcber umfassende parlamentarische Kontrollrechte, hebt die Bundesregierung in einer Antwort (<a class=\"a-link --inline --reverse-decoration --icon --icon-doc\" href=\"https:\/\/dserver.bundestag.de\/btd\/21\/075\/2107577.pdf\" target=\"_blank\" rel=\"noopener noreferrer nofollow\">21\/7577<\/a>) auf eine Kleine Anfrage (<a class=\"a-link --inline --reverse-decoration --icon --icon-doc\" href=\"https:\/\/dserver.bundestag.de\/btd\/21\/072\/2107274.pdf\" target=\"_blank\" rel=\"noopener noreferrer nofollow\">21\/7274<\/a>) der AfD-Fraktion hervor. <\/p>\n<p>Bei Team-Europe-Initiativen handelt es sich demzufolge um einen Ansatz der inhaltlichen, politischen und operativen Koordinierung innerhalb der Europ\u00e4ischen Union (EU). Ziel sei die St\u00e4rkung deutscher und EU-gemeinsamer entwicklungspolitischer Wirkungen. Bei gemeinsamen Finanzierungen w\u00fcrden geeignete Tr\u00e4ger und Umsetzungspartner im Rahmen der Vorhabenpr\u00fcfung identifiziert.<\/p>\n<p>Dar\u00fcber hinaus verweist die Bundesregierung auf den \u00f6ffentlich zug\u00e4nglichen Leitfaden der EU-Kommission f\u00fcr Team-Europe-Initiativen sowie auf die ebenfalls \u00f6ffentlich zug\u00e4ngliche Webseite der Kommission, die Informationen zu den einzelnen Initiativen, darunter auch zu den jeweiligen Beteiligungen der Mitgliedstaaten und den thematischen Schwerpunkten, bereitstellt.<\/p>\n<p>Weiter hei\u00dft es in der Antwort, ver\u00e4nderte Rahmenbedingungen wie geopolitische Entwicklungen und Budgetk\u00fcrzungen von Geberstaaten erh\u00f6hten die Bedeutung des Team-Europe-Ansatzes. Ziel sei es, bilaterale und europ\u00e4ische Ma\u00dfnahmen gezielt zu verzahnen, Synergien zu hebeln, Doppelstrukturen zu vermeiden sowie zus\u00e4tzliche Mittel zu mobilisieren. \u201eDer Team-Europe-Ansatz b\u00fcndelt die Ressourcen der EU und ihrer Mitgliedstaaten und leistet so einen ma\u00dfgeblichen Beitrag, Europa als handlungsf\u00e4higen entwicklungspolitischen Akteur zu positionieren\u201c, schreibt die Bundesregierung. Damit gewinne auch Deutschland als entwicklungspolitischer Akteur an Profil, Sichtbarkeit und Wirkung.<\/p>\n<p>Autor: Bundestag\/hib | \u00a9 EU-Schwerbehinderung\/Deutscher Bundestag<\/p>\n<p>      EU-Schwerbehinderung Tag: Bundesregierung, verteidigt, Transparenz, Team, Europe, Initiativen, EUS, EUS-Nachrichten, Nachrichten, News, Behindertenpolitik, Inklusion, Teilhabe, Barrierefreiheit, Pflege, Schwerbehinderung, Behinderung, Gesundheit, Berichte, Informationen, Liveticker, Newsticker, Nachrichten-App, News-App, Medien, Politik, Wirtschaft, Finanzen, Kultur, Literatur   <\/p>\n<p class=\"cookieconsent-optout-marketing-header\">\n<p> EU-Schwerbehinderung Nachrichtenmagazin<\/p>\n<p style=\"line-height: 50%\">EU-Schwerbehinderung ist ein Nachrichtenmagazin und finanziert sich mit Werbung.<\/p>\n<p style=\"line-height: 50%\">Werbung unterst\u00fctzt uns unsere journalistischen Inhalte anzubieten, zu finanzieren und zu verbessern.<\/p>\n<p style=\"line-height: 50%\">Um diesen Artikel lesen zu k\u00f6nnen, m\u00fcssen Sie der Werbung zustimmen.<\/p>\n<p>Details zu Werbe- und Analyse-Trackern sowie zum jederzeit m\u00f6glichen Widerruf finden Sie in unserer <a href=\"http:\/\/datenschutz.eu-schwerbehinderung.eu\" target=\"_blank\" rel=\"noopener noreferrer nofollow\">Datenschutzerkl\u00e4rung<\/a> oder im <a href=\"https:\/\/www.eu-schwerbehinderung.eu\/index.php\/34-master\/5760-cookie-declaration\" target=\"_blank\" rel=\"noopener noreferrer nofollow\">Privacy Center<\/a> am Ende jeder Seite.<\/p>\n<p><a style=\"color: #000000;\" href=\"https:\/\/www.eu-schwerbehinderung.eu\/index.php\/richtlinien\/1318-impressum\" target=\"_blank\" rel=\"nofollow noopener noreferrer\">Impressum &#8211; <\/a> <a style=\"color: #000000;\" href=\"http:\/\/datenschutz.eu-schwerbehinderung.eu\" target=\"_blank\" rel=\"nofollow noopener noreferrer\">Datenschutz &#8211; <\/a> <a style=\"color: #000000;\" href=\"http:\/\/agb.eu-schwerbehinderung.eu\" target=\"_blank\" rel=\"nofollow noopener noreferrer\">Nutzungsbedingungen<\/a><\/p>\n<p>Werbeblocker aktiv !<\/p>\n<p>EU-Schwerbehinderung ist ein Nachrichtenmagazin und finanziert sich mit Werbung.<\/p>\n<p>Um diesen Inhalt lesen zu k\u00f6nnen, schalten sie<\/p>\n<p>bitte den Werbeblocker ab!<\/p>\n<p><strong>HINWEIS: Wird die Seite &#8218;inPrivat&#8216; oder im &#8218;Inkonito&#8216; Modus aufgerufen, kann die Seite bei einigen Browsern nicht angezeigt werden.<\/strong><\/p>\n<p>Wenn sie die Werbung zulassen, unterst\u00fctzen sie uns, auch in Zukunft unser Angebot kostenlos anbieten zu k\u00f6nnen.<\/p>\n<p><a style=\"color: #000000;\" href=\"https:\/\/www.eu-schwerbehinderung.eu\/index.php\/richtlinien\/1318-impressum\" target=\"_blank\" rel=\"nofollow noopener noreferrer\">Impressum<\/a> <a style=\"color: #000000;\" href=\"http:\/\/datenschutz.eu-schwerbehinderung.eu\" target=\"_blank\" rel=\"nofollow noopener noreferrer\">Datenschutz<\/a> <a style=\"color: #000000;\" href=\"http:\/\/agb.eu-schwerbehinderung.eu\" target=\"_blank\" rel=\"nofollow noopener noreferrer\">Nutzungsbedingungen<\/a> <a style=\"color: #000000;\" href=\"https:\/\/www.eu-schwerbehinderung.eu\/index.php\/34-master\/5760-cookie-declaration\" rel=\"nofollow noopener\" target=\"_blank\">Datenschutzeinstellung<\/a><\/p>\n","protected":false},"excerpt":{"rendered":"Bundesregierung verteidigt Transparenz bei Team-Europe-Initiativen Lesezeit: 3 Minuten Erstellt: 31. August 2026 F\u00fcr entwicklungspolitische Ma\u00dfnahmen der Bundesregierung, die&hellip;\n","protected":false},"author":2,"featured_media":1271127,"comment_status":"","ping_status":"","sticky":false,"template":"","format":"standard","meta":{"footnotes":"","_share_on_mastodon":"0"},"categories":[3933],"tags":[331,332,2144,22247,2062,573,1173,548,663,158,3934,3935,22245,22246,1721,141,13,259,77046,1648,80,93,188,62,14,22249,15,22250,1552,9221,16,12,22248,4051,7556,1748,107990,55],"class_list":["post-1271126","post","type-post","status-publish","format-standard","has-post-thumbnail","category-eu","tag-aktuelle-nachrichten","tag-aktuelle-news","tag-barrierefreiheit","tag-behindertenpolitik","tag-behinderung","tag-berichte","tag-bundesregierung","tag-eu","tag-europa","tag-europaeische-union","tag-europe","tag-european-union","tag-eus","tag-eus-nachrichten","tag-finanzen","tag-gesundheit","tag-headlines","tag-informationen","tag-initiativen","tag-inklusion","tag-kultur","tag-literatur","tag-liveticker","tag-medien","tag-nachrichten","tag-nachrichten-app","tag-news","tag-news-app","tag-newsticker","tag-pflege","tag-politik","tag-schlagzeilen","tag-schwerbehinderung","tag-team","tag-teilhabe","tag-transparenz","tag-verteidigt","tag-wirtschaft"],"share_on_mastodon":{"url":"","error":"Validation failed: Text character limit of 500 exceeded"},"_links":{"self":[{"href":"https:\/\/www.europesays.com\/de\/wp-json\/wp\/v2\/posts\/1271126","targetHints":{"allow":["GET"]}}],"collection":[{"href":"https:\/\/www.europesays.com\/de\/wp-json\/wp\/v2\/posts"}],"about":[{"href":"https:\/\/www.europesays.com\/de\/wp-json\/wp\/v2\/types\/post"}],"author":[{"embeddable":true,"href":"https:\/\/www.europesays.com\/de\/wp-json\/wp\/v2\/users\/2"}],"replies":[{"embeddable":true,"href":"https:\/\/www.europesays.com\/de\/wp-json\/wp\/v2\/comments?post=1271126"}],"version-history":[{"count":0,"href":"https:\/\/www.europesays.com\/de\/wp-json\/wp\/v2\/posts\/1271126\/revisions"}],"wp:featuredmedia":[{"embeddable":true,"href":"https:\/\/www.europesays.com\/de\/wp-json\/wp\/v2\/media\/1271127"}],"wp:attachment":[{"href":"https:\/\/www.europesays.com\/de\/wp-json\/wp\/v2\/media?parent=1271126"}],"wp:term":[{"taxonomy":"category","embeddable":true,"href":"https:\/\/www.europesays.com\/de\/wp-json\/wp\/v2\/categories?post=1271126"},{"taxonomy":"post_tag","embeddable":true,"href":"https:\/\/www.europesays.com\/de\/wp-json\/wp\/v2\/tags?post=1271126"}],"curies":[{"name":"wp","href":"https:\/\/api.w.org\/{rel}","templated":true}]}}