{"id":1271147,"date":"2026-08-31T04:53:21","date_gmt":"2026-08-31T04:53:21","guid":{"rendered":"https:\/\/www.europesays.com\/de\/1271147\/"},"modified":"2026-08-31T04:53:21","modified_gmt":"2026-08-31T04:53:21","slug":"unwetter-in-hannover-dwd-warnt-vor-windboeen-und-sturmboeen","status":"publish","type":"post","link":"https:\/\/www.europesays.com\/de\/1271147\/","title":{"rendered":"Unwetter in Hannover: DWD warnt vor Windb\u00f6en und Sturmb\u00f6en"},"content":{"rendered":"<p>Beh\u00f6rde warnt <\/p>\n<p>Sturmb\u00f6en erreichen Region Hannover<\/p>\n<p>31.08.2026 &#8211; 06:49 UhrLesedauer: 2 Min.<\/p>\n<p><a href=\"#focus-0\" class=\"transition-colors block text-current relative\" data-sctrack=\"FocusGalleryImage.Reference\"><img fetchpriority=\"high\" data-testid=\"Opener.Image\"   loading=\"eager\" src=\"https:\/\/www.europesays.com\/de\/wp-content\/uploads\/2026\/08\/niedersachsen-hannover-13-012021-sturmtief-naehert-sich-der-landeshauptstadt-junge-4j-beim-moewen-fu.jpeg\" alt=\"imago images 109856482\" title=\"imago images 109856482\" width=\"4000\" height=\"2250\" class=\"bg-[url:var(--lqipURL)] bg-cover bg-center flex h-full w-full max-w-full\" style=\"--lqipURL:url('https:\/\/images.t-online.de\/2026\/03\/fA6tEjAi9jes\/0x209:4000x2250\/fit-in\/150x0\/filters:blur(25)\/niedersachsen-hannover-13-012021-sturmtief-naehert-sich-der-landeshauptstadt-junge-4j-beim-moewen-fuettern-am-maschsee-wetter-sturm-lower-saxony-hannover-13-01-2021-storm-low-approaches-state-capital-boy-4j-feeding-seagulls-at-maschsee-weather-storm.jpg')\" decoding=\"async\"\/><img loading=\"lazy\" src=\"https:\/\/hannover.t-online.de\/s\/paper\/_next\/static\/media\/zoom-in.f7dae02f.svg\" alt=\"Vergr\u00f6\u00dfern des Bildes\" title=\"Vergr\u00f6\u00dfern des Bildes\" class=\"block h-[calc(var(--height)_\/_16_*_1rem)] w-[calc(var(--width)_\/_16_*_1rem)] max-w-none absolute right-8 bottom-8 rounded-4 bg-snow p-8\" style=\"--width:32;--height:32\" decoding=\"async\"\/><\/a><\/p>\n<p>M\u00f6wen am Ostufer des Maschsee (Archivbild): Der Deutsche Wetterdienst hat f\u00fcr die Region Hannover eine Warnung herausgegeben. (Quelle: Rainer Droese via www.imago-images.de\/imago)<\/p>\n<p><img loading=\"lazy\" src=\"https:\/\/hannover.t-online.de\/s\/paper\/_next\/static\/media\/audio-volume.6689034c.svg\" alt=\"\" title=\"\" class=\"block h-[calc(var(--height)_\/_16_*_1rem)] w-[calc(var(--width)_\/_16_*_1rem)] max-w-none group-hover:brightness-0 group-hover:invert\" style=\"--width:16;--height:16\" decoding=\"async\"\/>Vorlesen<\/p>\n<p>Aktuelle Zeit:0:00Gesamtdauer:0:00<\/p>\n<p>1x<img loading=\"lazy\" src=\"https:\/\/hannover.t-online.de\/s\/paper\/_next\/static\/media\/font-sizes.32942e33.svg\" alt=\"\" title=\"\" class=\"block h-[calc(var(--height)_\/_16_*_1rem)] w-[calc(var(--width)_\/_16_*_1rem)] max-w-none group-hover:hidden group-aria-expanded:hidden\" style=\"--width:16;--height:16\" decoding=\"async\"\/><img loading=\"lazy\" src=\"https:\/\/hannover.t-online.de\/s\/paper\/_next\/static\/media\/font-sizes-dark-mode.e382645c.svg\" alt=\"\" title=\"\" class=\"block h-[calc(var(--height)_\/_16_*_1rem)] w-[calc(var(--width)_\/_16_*_1rem)] max-w-none hidden group-hover:block group-aria-expanded:block\" style=\"--width:16;--height:16\" decoding=\"async\"\/><img loading=\"lazy\" src=\"https:\/\/hannover.t-online.de\/s\/paper\/_next\/static\/media\/sharing-menu-icon.1eb71368.svg\" alt=\"\" title=\"\" class=\"block h-[calc(var(--height)_\/_16_*_1rem)] w-[calc(var(--width)_\/_16_*_1rem)] max-w-none group-hover:brightness-0 group-hover:invert\" style=\"--width:16;--height:16\" decoding=\"async\"\/>Artikel teilen<\/p>\n<p class=\"font-bold text-18 leading-17 user-text-lg:text-22 user-text-xl:text-24\">Der DWD warnt vor Windb\u00f6en in Hannover. Wie stark der Wind wirklich wird und wann sich die Lage bessert.<\/p>\n<p class=\"text-18 leading-17 user-text-lg:text-22 user-text-xl:text-24\">F\u00fcr Hannover hat der Deutsche Wetterdienst (DWD) am Montag eine amtliche Warnung vor Windb\u00f6en ausgesprochen. Sie gilt von 11 bis 20 Uhr.<\/p>\n<p class=\"text-18 leading-17 user-text-lg:text-22 user-text-xl:text-24\">Demnach treten Windb\u00f6en mit Geschwindigkeiten um 55 km\/h (15 m\/s, 30 kn, Bft 7) aus s\u00fcdwestlicher Richtung auf. In Schauern\u00e4he sowie in exponierten Lagen muss laut DWD mit Sturmb\u00f6en bis 70 km\/h (20 m\/s, 38 kn, Bft 8) gerechnet werden. Als m\u00f6gliche Gefahr nennt der Wetterdienst umherfliegende leichte Gegenst\u00e4nde und r\u00e4t, lose Gegenst\u00e4nde zu sichern, etwa Zelte und Abdeckungen zu befestigen.<\/p>\n<p>Dienstag beruhigt sich das Wetter in Hannover wieder<\/p>\n<p class=\"text-18 leading-17 user-text-lg:text-22 user-text-xl:text-24\">Grund f\u00fcr die Warnung ist eine unbest\u00e4ndige Wetterlage, die der DWD-Bericht f\u00fcr Niedersachsen und Bremen n\u00e4her beschreibt: Am Montag ziehen bei zunehmend starker Bew\u00f6lkung wiederholt teils kr\u00e4ftige Schauer und Gewitter durch, die H\u00f6chstwerte liegen um 22 Grad. Der Wind dreht von S\u00fcd auf S\u00fcdwest und frischt in B\u00f6en stark bis st\u00fcrmisch auf.<\/p>\n<ul class=\"text-18 leading-17 block pl-24 *:pb-16 *:before:inline-block *:before:size-8 *:before:bg-magenta *:before:mt-0 *:before:mr-12 *:before:mb-2 *:before:-ml-[20px]\">\n<li><strong class=\"font-bold\">Letztes Krisentreffen:<\/strong> <a href=\"https:\/\/hannover.t-online.de\/region\/hannover\/id_101412194\/vw-werk-hannover-krisentreffen-zur-zukunft-des-standorts-am-montag.html\" class=\"transition-colors cursor-pointer no-underline md:hover:text-magenta md:focus:text-magenta border-b border-solid border-current text-salemsfur md:hover:border-magenta\" data-tracking=\"{&quot;action&quot;:&quot;click&quot;,&quot;category&quot;:&quot;intextLink&quot;,&quot;label&quot;:&quot;\/region\/hannover\/id_101412194\/vw-werk-hannover-krisentreffen-zur-zukunft-des-standorts-am-montag.html&quot;}\" data-sctrack=\"BodyAnchor\" rel=\"nofollow noopener\" target=\"_blank\">VW-Werk Hannover wartet auf Antworten<\/a><\/li>\n<\/ul>\n<p class=\"text-18 leading-17 user-text-lg:text-22 user-text-xl:text-24\">Bereits am Dienstag beruhigt sich die Lage: Bei einer Mischung aus Sonne und Wolken sind nur noch vereinzelt Schauer und Gewitter zu erwarten, die Temperaturen bewegen sich zwischen 18 und 22 Grad.<\/p>\n<p class=\"text-18 leading-17 user-text-lg:text-22 user-text-xl:text-24\">Im weiteren Wochenverlauf bleibt es unbest\u00e4ndig, doch die Temperaturen ziehen an: F\u00fcr den Raum Hannover nennt der DWD am Mittwoch H\u00f6chstwerte von bis zu 23 Grad bei mehr Wolkenl\u00fccken und weitgehend niederschlagsfreiem Wetter, am Donnerstag bis zu 24 Grad bei wechselnder Bew\u00f6lkung und zeitweisen Schauern. Der Wind dreht dabei von S\u00fcdwest auf West und lebt vermehrt b\u00f6ig auf.<\/p>\n","protected":false},"excerpt":{"rendered":"Beh\u00f6rde warnt Sturmb\u00f6en erreichen Region Hannover 31.08.2026 &#8211; 06:49 UhrLesedauer: 2 Min. M\u00f6wen am Ostufer des Maschsee (Archivbild):&hellip;\n","protected":false},"author":2,"featured_media":1271148,"comment_status":"","ping_status":"","sticky":false,"template":"","format":"standard","meta":{"footnotes":"","_share_on_mastodon":"0"},"categories":[1836],"tags":[722,3176,2420,3364,950,29,4906,30,46,45806,1411,262579,32438,32440],"class_list":["post-1271147","post","type-post","status-publish","format-standard","has-post-thumbnail","category-hannover","tag-722","tag-3176","tag-bremen","tag-de","tag-deutscher-wetterdienst","tag-deutschland","tag-dwd","tag-germany","tag-hannover","tag-moewe","tag-niedersachsen","tag-ostufer","tag-sturmboee","tag-windboee"],"share_on_mastodon":{"url":"https:\/\/pubeurope.com\/@de\/117188337143890397","error":""},"_links":{"self":[{"href":"https:\/\/www.europesays.com\/de\/wp-json\/wp\/v2\/posts\/1271147","targetHints":{"allow":["GET"]}}],"collection":[{"href":"https:\/\/www.europesays.com\/de\/wp-json\/wp\/v2\/posts"}],"about":[{"href":"https:\/\/www.europesays.com\/de\/wp-json\/wp\/v2\/types\/post"}],"author":[{"embeddable":true,"href":"https:\/\/www.europesays.com\/de\/wp-json\/wp\/v2\/users\/2"}],"replies":[{"embeddable":true,"href":"https:\/\/www.europesays.com\/de\/wp-json\/wp\/v2\/comments?post=1271147"}],"version-history":[{"count":0,"href":"https:\/\/www.europesays.com\/de\/wp-json\/wp\/v2\/posts\/1271147\/revisions"}],"wp:featuredmedia":[{"embeddable":true,"href":"https:\/\/www.europesays.com\/de\/wp-json\/wp\/v2\/media\/1271148"}],"wp:attachment":[{"href":"https:\/\/www.europesays.com\/de\/wp-json\/wp\/v2\/media?parent=1271147"}],"wp:term":[{"taxonomy":"category","embeddable":true,"href":"https:\/\/www.europesays.com\/de\/wp-json\/wp\/v2\/categories?post=1271147"},{"taxonomy":"post_tag","embeddable":true,"href":"https:\/\/www.europesays.com\/de\/wp-json\/wp\/v2\/tags?post=1271147"}],"curies":[{"name":"wp","href":"https:\/\/api.w.org\/{rel}","templated":true}]}}