{"id":1271161,"date":"2026-08-31T05:03:20","date_gmt":"2026-08-31T05:03:20","guid":{"rendered":"https:\/\/www.europesays.com\/de\/1271161\/"},"modified":"2026-08-31T05:03:20","modified_gmt":"2026-08-31T05:03:20","slug":"bvb-news-dortmund-boss-spricht-ueber-sancho-als-moeglichen-konstantelias-ersatz","status":"publish","type":"post","link":"https:\/\/www.europesays.com\/de\/1271161\/","title":{"rendered":"BVB, News: Dortmund-Boss spricht \u00fcber Sancho als m\u00f6glichen Konstantelias-Ersatz"},"content":{"rendered":"<p>Die Dortmunder wollen nach dem Ausfall des Neuzugangs wohl reagieren &#8211; und sprechen \u00fcber einige Namen. News und Ger\u00fcchte zum BVB.<\/p>\n<p><b><strong>Mehr News und Ger\u00fcchte zum BVB:<\/strong><\/b>BVB, News &#8211; &#8222;Gibt kaum einen Namen, der mehr elektrisiert&#8220;: BVB-Boss spricht \u00fcber Jadon Sancho als m\u00f6glichen Konstantelias-Ersatz<\/p>\n<p>Nach dem bei Neuzugang Giannis Konstantelias diagnostizierten Kreuzbandriss suchen die Verantwortlichen von Borussia Dortmund nach einem kurzfristigen Ersatz. Dabei ist BVB-Boss Carsten Cramer auch auf die M\u00f6glichkeit eingegangen, Jadon Sancho <a href=\"https:\/\/www.spox.com\/fussball\/news\/ungewoehnliche-massnahme-bvb-wundert-sich-offenbar-ueber-jadon-sancho-sorgt-beim-bvb-offenbar-fuer-verwunderung\/bltbc9de87a1b59dc51\" rel=\"nofollow noopener\" data-affiliate-type=\"NONE\" target=\"_blank\">ein drittes Mal zu den Westfalen zu holen<\/a>. &#8222;Es gibt kaum einen Namen, der die Menschen in Dortmund mehr elektrisiert als Jadon. Das ist einfach so&#8220;, sagte er bei <a href=\"https:\/\/sport.sky.de\/fussball\/artikel\/kommt-sancho-fuer-konstantelias-cramer-wollen-immer-bei-der-wahrheit-bleiben\/13579154\/34828\" rel=\"nofollow noopener\" target=\"_blank\" data-affiliate-type=\"NONE\">Sky90<\/a>. &#8222;Das ist in der ganzen Sommerpause der Fall gewesen&#8220;, erg\u00e4nzte er. <\/p>\n<p>Sanchos Vertrag bei Manchester United war Ende Juni ausgelaufen, seitdem ist der Fl\u00fcgelspieler ohne Verein. Vor f\u00fcnf Jahren hatten die Dortmunder ihren Publikumsliebling f\u00fcr 85 Millionen Euro Abl\u00f6se an die Red Devils verkauft. In der Saison 2023\/24 verbrachte Sancho die R\u00fcckrunde auf Leihbasis erneut beim BVB und marschierte mit dem Team bis ins Champions-League-Finale. <\/p>\n<p><img class=\"fco-image__image\" alt=\"Jadon Sancho BVB\"   loading=\"lazy\" decoding=\"async\" fetchpriority=\"auto\" width=\"600\" height=\"347\" src=\"https:\/\/www.europesays.com\/de\/wp-content\/uploads\/2026\/08\/sancho-1200_600x347.jpg\" style=\"aspect-ratio:600 \/ 347;width:100%;height:100%\"\/>Getty Images <\/p>\n<p>Dass es nun zu einer R\u00fcckkehr des Engl\u00e4nders kommt, wollte Cramer jedoch nicht andeuten: &#8222;Wir kommentieren \u00fcberhaupt keine Namen&#8220;, sagte er. Allerdings best\u00e4tigte er, dass sich die Dortmunder bis zur Schlie\u00dfung des Transferfensters am Dienstag noch mit Verpflichtungen besch\u00e4ftigen &#8211; auch, um die Konstantelias-L\u00fccke wieder zu schlie\u00dfen. &#8222;Ole Book und Lars Ricken machen sich gerade Gedanken, v\u00f6llig unabh\u00e4ngig von der Verletzung&#8220;, sagte Cramer \u00fcber zwei andere BVB-Bosse, die einem Sky-Bericht zufolge deshalb auch nicht mit zum am Dienstag anstehenden Pokalspiel nach Hamburg reisen werden. <\/p>\n<p>&#8222;Es kann auch sein, dass auf der Abgabe-Seite noch etwas passiert. Das ist im Moment komplett offen&#8220;, berichtete Cramer von den BVB-Bem\u00fchungen kurz vor dem Ende der Transferperiode. <\/p>\n<p>BVB, News &#8211; Nicht nur Konstantelias: Weiterer BVB-Neuzugang f\u00e4llt l\u00e4nger aus <\/p>\n<p>Borussia Dortmund muss nicht nur in den kommenden Wochen auf Giannis Konstantelias verzichten, der sich am Samstag gegen den Hamburger SV zum Bundesliga-Auftakt <a href=\"https:\/\/www.spox.com\/fussball\/news\/bittere-gewissheit-bvb-gibt-diagnose-bei-giannis-konstantelias-bekannt\/blt82023535004e5d0b\" rel=\"nofollow noopener\" data-affiliate-type=\"NONE\" target=\"_blank\">einen Kreuzbandriss zuzog<\/a>: Mit Justin Lerma f\u00e4llt auch ein weiterer Neuzugang erst einmal aus. Das gab BVB-Sportchef Lars Ricken bekannt: &#8222;Er hat eine muskul\u00e4re Verletzung und wird bis auf Weiteres nicht zur Verf\u00fcgung stehen&#8220;, sagte er der WAZ. <\/p>\n<p><img class=\"fco-image__image\" alt=\"imago-sport-1081230587.jpg\"   loading=\"lazy\" decoding=\"async\" fetchpriority=\"auto\" width=\"4000\" height=\"2666\" src=\"https:\/\/www.europesays.com\/de\/wp-content\/uploads\/2026\/08\/1788152599_8_imago-image.jpeg\" style=\"aspect-ratio:4000 \/ 2666;width:100%;height:100%\"\/>IMAGO<\/p>\n<p>Lerma hatte am Mittwoch noch ein Tor zum 4:1-Sieg des BVB beim Premier League International Cup gegen Fulham beigesteuert. Der 18 Jahre alte Ecuadorianer war im Sommer f\u00fcr vier Millionen Euro Abl\u00f6se von Independiente aus seiner Heimat zu den Schwarz-Gelben gewechselt. <\/p>\n<p>BVB, News &#8211; &#8222;Wei\u00df nicht, ob es besser gewesen w\u00e4re, zu bleiben&#8220;: Niclas F\u00fcllkrug \u00fcber Dortmund-Abgang<\/p>\n<p>Niclas F\u00fcllkrug hat nach seiner R\u00fcckkehr in die Bundesliga \u00fcber seinen Abgang von Borussia Dortmund im Sommer 2024 gesprochen. Der St\u00fcrmer, der nun wieder f\u00fcr Werder Bremen aufl\u00e4uft, war damals vom BVB f\u00fcr 27 Millionen Euro zu West Ham gewechselt. In der Premier League lief es f\u00fcr ihn nicht wie gew\u00fcnscht &#8211; und auch eine Leihe zur AC Milan brachte keinen nachhaltigen Erfolg. <\/p>\n<p>&#8222;Im Nachhinein muss man festhalten, dass es in England keine Erfolgsgeschichte war und der Plan nicht aufgegangen ist. Dennoch wei\u00df ich nicht, ob es besser gewesen w\u00e4re, in der Konstellation damals beim BVB zu bleiben&#8220;, sagte F\u00fcllkrug der <a href=\"https:\/\/www.bild.de\/sport\/fussball\/werder-bremen-fuellkrug-im-interview-etwas-besseres-haette-mir-nicht-passieren-koennen-6a8d58dde998204a5d80b32f\" rel=\"nofollow noopener\" target=\"_blank\" data-affiliate-type=\"NONE\">Bild<\/a>-Zeitung. Er erkl\u00e4rte diese Ansicht mit der Verpflichtung von Stuttgarts Serhou Guirassy durch die Dortmunder, die damit einen starken Konkurrenten f\u00fcr F\u00fcllkrug holten. <\/p>\n<p><img class=\"fco-image__image\" alt=\"Niclas F\u00fcllkrug, BVB, 2023, HIC\"   loading=\"lazy\" decoding=\"async\" fetchpriority=\"auto\" width=\"2000\" height=\"1000\" src=\"https:\/\/www.europesays.com\/de\/wp-content\/uploads\/2026\/08\/1788152600_930_06.gif\" style=\"aspect-ratio:2000 \/ 1000;width:100%;height:100%\"\/><\/p>\n<p>Nach 22 Toren und elf Assists in der Saison 23\/24 &#8222;stellt man sich die Frage: Gelingt einem ein solches Jahr erneut, wenn Dortmund zu dem Zeitpunkt Serhou Guirassy verpflichtet? Oder nutzt man die neue Situation, wenn ein lukratives Angebot vorliegt?&#8220;, so F\u00fcllkrug. <\/p>\n<p>Er erg\u00e4nzte: &#8222;Die Konstellation hat viel mehr f\u00fcr einen Transfer als f\u00fcr ein Dableiben gesprochen \u2013 auch wenn ich in Dortmund ein tolles Jahr hatte. Mit dem Wissen von jetzt h\u00e4tte ich vielleicht nicht nach England gehen sollen.&#8220; <\/p>\n<p>F\u00fcllkrug steht noch bis 2028 bei West Ham unter Vertrag und ist f\u00fcr die gerade begonnene Bundesliga-Saison von Werder ausgeliehen worden. <\/p>\n<p>BVB, Spielplan: Die n\u00e4chsten Spiele von Borussia Dortmund<\/p>\n<tr>\n<td>\n<p><b><strong>Datum<\/strong><\/b><\/p>\n<\/td>\n<td>\n<p><b><strong>Wettbewerb<\/strong><\/b><\/p>\n<\/td>\n<td>\n<p><b><strong>Spiel<\/strong><\/b><\/p>\n<\/td>\n<\/tr>\n<tr>\n<td>\n<p>Dienstag, 1. September (20.45 Uhr)<\/p>\n<\/td>\n<td>\n<p>DFB-Pokal<\/p>\n<\/td>\n<td>\n<p>HEBC Hamburg vs. Borussia Dortmund<\/p>\n<\/td>\n<\/tr>\n<tr>\n<td>\n<p>Samstag, 5. September (15.30 Uhr)<\/p>\n<\/td>\n<td>\n<p>Bundesliga<\/p>\n<\/td>\n<td>\n<p>TSG Hoffenheim vs. Borussia Dortmund<\/p>\n<\/td>\n<\/tr>\n<tr>\n<td>\n<p>Dienstag, 8. September (21 Uhr)<\/p>\n<\/td>\n<td>\n<p>Champions League, 1. Spieltag<\/p>\n<\/td>\n<td>\n<p>Borussia Dortmund vs. Villarreal <\/p>\n<\/td>\n<\/tr>\n<tr>\n<td>\n<p>Samstag, 12. September (15.30 Uhr)<\/p>\n<\/td>\n<td>\n<p>Bundesliga<\/p>\n<\/td>\n<td>\n<p>Borussia Dortmund vs. SC Paderborn<\/p>\n<\/td>\n<\/tr>\n","protected":false},"excerpt":{"rendered":"Die Dortmunder wollen nach dem Ausfall des Neuzugangs wohl reagieren &#8211; und sprechen \u00fcber einige Namen. News und&hellip;\n","protected":false},"author":2,"featured_media":1271162,"comment_status":"","ping_status":"","sticky":false,"template":"","format":"standard","meta":{"footnotes":"","_share_on_mastodon":"0"},"categories":[1833],"tags":[888,299,3364,29,217,347,30,132122,1209,4604],"class_list":["post-1271161","post","type-post","status-publish","format-standard","has-post-thumbnail","category-dortmund","tag-borussia-dortmund","tag-bundesliga","tag-de","tag-deutschland","tag-dortmund","tag-fussball","tag-germany","tag-j-sancho","tag-nordrhein-westfalen","tag-soccer"],"share_on_mastodon":{"url":"https:\/\/pubeurope.com\/@de\/117188376191744392","error":""},"_links":{"self":[{"href":"https:\/\/www.europesays.com\/de\/wp-json\/wp\/v2\/posts\/1271161","targetHints":{"allow":["GET"]}}],"collection":[{"href":"https:\/\/www.europesays.com\/de\/wp-json\/wp\/v2\/posts"}],"about":[{"href":"https:\/\/www.europesays.com\/de\/wp-json\/wp\/v2\/types\/post"}],"author":[{"embeddable":true,"href":"https:\/\/www.europesays.com\/de\/wp-json\/wp\/v2\/users\/2"}],"replies":[{"embeddable":true,"href":"https:\/\/www.europesays.com\/de\/wp-json\/wp\/v2\/comments?post=1271161"}],"version-history":[{"count":0,"href":"https:\/\/www.europesays.com\/de\/wp-json\/wp\/v2\/posts\/1271161\/revisions"}],"wp:featuredmedia":[{"embeddable":true,"href":"https:\/\/www.europesays.com\/de\/wp-json\/wp\/v2\/media\/1271162"}],"wp:attachment":[{"href":"https:\/\/www.europesays.com\/de\/wp-json\/wp\/v2\/media?parent=1271161"}],"wp:term":[{"taxonomy":"category","embeddable":true,"href":"https:\/\/www.europesays.com\/de\/wp-json\/wp\/v2\/categories?post=1271161"},{"taxonomy":"post_tag","embeddable":true,"href":"https:\/\/www.europesays.com\/de\/wp-json\/wp\/v2\/tags?post=1271161"}],"curies":[{"name":"wp","href":"https:\/\/api.w.org\/{rel}","templated":true}]}}