{"id":1271167,"date":"2026-08-31T05:07:24","date_gmt":"2026-08-31T05:07:24","guid":{"rendered":"https:\/\/www.europesays.com\/de\/1271167\/"},"modified":"2026-08-31T05:07:24","modified_gmt":"2026-08-31T05:07:24","slug":"vom-schulbrand-zum-schuldorf-neustart-in-erkrath","status":"publish","type":"post","link":"https:\/\/www.europesays.com\/de\/1271167\/","title":{"rendered":"Vom Schulbrand zum Schuldorf &#8211; Neustart in Erkrath"},"content":{"rendered":"<p>Auf den Umzugskartons im neuen Schuldorf liegen einige der erhaltengebliebenen \u201eSch\u00e4tze\u201c. Hausmeister Sascha Sommer entrollt eines der Schulwandbilder am Holzstab aus dem alten Geb\u00e4udekomplex, der von einem Feuer zerst\u00f6rt wurde. Das Rollbanner zeigt keine Orchideen oder andere exotischen Pflanzen &#8211; so sch\u00f6n sehen also die Bl\u00fcten von Erbsen aus. \u201eTeilweise sind die Karten 70, 80 Jahre alt\u201c, erkl\u00e4rt der Hausmeister.\u00a0 <\/p>\n<p>              &#13;<br \/>\n                <img decoding=\"async\"   src=\"https:\/\/www.europesays.com\/de\/wp-content\/uploads\/2026\/08\/Hausmeister-Sascha-Sommer-zeigt-alte-WandkartenFabian-1168864.jpg\" title=\"Vom Schulbrand zum Schuldorf - Neustart in Erkrath \" alt=\"Hausmeister Sascha Sommer zeigt alte Wandkarten.Fabian Strauch\/dpa\" class=\"img-responsive\"\/>&#13;<br \/>\n                &#13;<\/p>\n<p class=\"image-caption\">Hausmeister Sascha Sommer zeigt alte Wandkarten.Fabian Strauch\/dpa <\/p>\n<p>&#13;<\/p>\n<p class=\"image-credit\">&#13;<br \/>\n\t\t\t\t\t\t\t\u00a9 Fabian Strauch\/dpa<\/p>\n<p>&#13;<br \/>\n                &#13;<\/p>\n<p>          &#13;<br \/>\n              Besonderer Schulstart <\/p>\n<p>F\u00fcr insgesamt 1.200 Sch\u00fcler zweier Schulen in Erkrath bei D\u00fcsseldorf beginnt nach den Sommerferien nicht einfach ein neues Schuljahr. F\u00fcr sie startet der Unterricht in einem extra errichteten zweigeschossigen Containerbauwerk. Es wird Schuldorf genannt. Kleine Farbstreifen an den Glast\u00fcren sollen den Sch\u00fclern eine Orientierungshilfe sein: Gr\u00fcne Streifen stehen f\u00fcr die Realschule und blaue Streifen f\u00fcr das Gymnasium im Erkrather Stadtteil Hochdahl.\u00a0 <\/p>\n<p>              &#13;<br \/>\n                <img decoding=\"async\"   src=\"https:\/\/www.europesays.com\/de\/wp-content\/uploads\/2026\/08\/Blick-in-die-neue-Mensa-der-Realschule-Fabian-Strauchdpa-1168869.jpg\" title=\"Vom Schulbrand zum Schuldorf - Neustart in Erkrath \" alt=\"Blick in die neue Mensa der Realschule. Fabian Strauch\/dpa\" class=\"img-responsive\"\/>&#13;<br \/>\n                &#13;<\/p>\n<p class=\"image-caption\">Blick in die neue Mensa der Realschule. Fabian Strauch\/dpa <\/p>\n<p>&#13;<\/p>\n<p class=\"image-credit\">&#13;<br \/>\n\t\t\t\t\t\t\t\u00a9 Fabian Strauch\/dpa<\/p>\n<p>&#13;<br \/>\n                &#13;<\/p>\n<p>          &#13;<br \/>\n              Verheerendes Feuer\u00a0 <\/p>\n<p>Mitte Mai vergangenen Jahres zerst\u00f6rte ein verheerendes Feuer den alten Schulkomplex mit den beiden Schulen. Die schwarze Rauchs\u00e4ule stand weithin sichtbar \u00fcber dem Standort. Sch\u00fcler waren gl\u00fccklicherweise zu der Zeit nicht mehr vor Ort. Ein Kurzschluss in der Photovoltaik-Anlage auf dem Dach l\u00f6ste den Brand aus, wie die Polizei ermittelte. Demnach breitete sich das Feuer dann von dort aus innerhalb weniger Minuten aus und entfachte zum Vollbrand. <\/p>\n<p>              &#13;<br \/>\n                <img decoding=\"async\"   src=\"https:\/\/www.europesays.com\/de\/wp-content\/uploads\/2026\/08\/Durch-das-grosse-Feuer-in-Erkrath-bei-Duesseldorf-wurden-1168862.jpg\" title=\"Vom Schulbrand zum Schuldorf - Neustart in Erkrath \" alt=\"Durch das gro\u00dfe Feuer in Erkrath bei D\u00fcsseldorf wurden zwei Schulgeb\u00e4ude zerst\u00f6rt. (Archivbild)Gianni Gattus\/dpa\" class=\"img-responsive\"\/>&#13;<br \/>\n                &#13;<\/p>\n<p class=\"image-caption\">Durch das gro\u00dfe Feuer in Erkrath bei D\u00fcsseldorf wurden zwei Schulgeb\u00e4ude zerst\u00f6rt. (Archivbild)Gianni Gattus\/dpa <\/p>\n<p>&#13;<\/p>\n<p class=\"image-credit\">&#13;<br \/>\n\t\t\t\t\t\t\t\u00a9 Gianni Gattus\/dpa<\/p>\n<p>&#13;<br \/>\n                &#13;<\/p>\n<p>          &#13;<br \/>\n              Abriss f\u00fcr Neubau <\/p>\n<p>Der Abriss der Ruine ist schon weit fortgeschritten, wie Schuttberge zeigen. Eine Fassadenseite steht dahinter noch. An anderer Stelle baggern Bauarbeiter im Boden. Ein Minion auf dem M\u00fclleimer neben der Treppe schaut besonders traurig aus. Er ist von Unkraut und B\u00fcschen praktisch umzingelt. Hier ist schon lange kein Kind mehr vorbeigekommen, denn hier ist weiterhin Baustelle. Das neue Schuldorf ist nur wenige Meter weiter auf dem Sportplatz entstanden.\u00a0 <\/p>\n<p>              &#13;<br \/>\n                <img decoding=\"async\"   src=\"https:\/\/www.europesays.com\/de\/wp-content\/uploads\/2026\/08\/Bauarbeiten-auf-dem-Areal-des-alten-Schulzentrums-Fabian-1168867.jpg\" title=\"Vom Schulbrand zum Schuldorf - Neustart in Erkrath \" alt=\"Bauarbeiten auf dem Areal des alten Schulzentrums. Fabian Strauch\/dpa\" class=\"img-responsive\"\/>&#13;<br \/>\n                &#13;<\/p>\n<p class=\"image-caption\">Bauarbeiten auf dem Areal des alten Schulzentrums. Fabian Strauch\/dpa <\/p>\n<p>&#13;<\/p>\n<p class=\"image-credit\">&#13;<br \/>\n\t\t\t\t\t\t\t\u00a9 Fabian Strauch\/dpa<\/p>\n<p>&#13;<br \/>\n                &#13;<\/p>\n<p>          &#13;<br \/>\n              Schuldorf auf Sportplatz mit Millionenaufwand <\/p>\n<p>Da, wo die Rasenfl\u00e4che war und Fu\u00dfball gespielt wurde, steht jetzt ein riesiges Puzzle aus rund 600 Einzelcontainern. Die ovale Laufbahn des Stadions ist asphaltiert f\u00fcr die Feuerwehr. Die Kosten f\u00fcr Aufbau, Containermiete und Wiederherstellung des Sportplatzes werden laut Stadt auf 25 Millionen Euro veranschlagt. Das Schuldorf steht nur auf Zeit. Ein Schulneubau ist geplant. Angedacht ist, dass der neue Schulkomplex zum Schuljahr 2029\/2030 steht.\u00a0 <\/p>\n<p>              &#13;<br \/>\n                <img decoding=\"async\"   src=\"https:\/\/www.europesays.com\/de\/wp-content\/uploads\/2026\/08\/Blick-in-ein-neues-Klassenzimmer-Fabian-Strauchdpa-1168866.jpg\" title=\"Vom Schulbrand zum Schuldorf - Neustart in Erkrath \" alt=\"Blick in ein neues Klassenzimmer. Fabian Strauch\/dpa\" class=\"img-responsive\"\/>&#13;<br \/>\n                &#13;<\/p>\n<p class=\"image-caption\">Blick in ein neues Klassenzimmer. Fabian Strauch\/dpa <\/p>\n<p>&#13;<\/p>\n<p class=\"image-credit\">&#13;<br \/>\n\t\t\t\t\t\t\t\u00a9 Fabian Strauch\/dpa<\/p>\n<p>&#13;<br \/>\n                &#13;<\/p>\n<p>          &#13;<br \/>\n              Lange Zeit Pendelbetrieb in die Nachbarstadt\u00a0 <\/p>\n<p>\u201eWir sind voller Energie\u201c, sagt Simone Richter, stellvertretende Leiterin der Realschule Hochdahl mit Blick auf die neuen R\u00e4ume. \u201eDie Kinder k\u00f6nnen von zu Hause aus dann direkt hierhin laufen und m\u00fcssen nicht mehr so fr\u00fch aufstehen\u201c, verdeutlicht sie einen Unterschied zum bisherigen Pendelbetrieb. Busse der Rheinbahn fuhren die Sch\u00fcler 216 Schultage zum Ausweichquartier hin und zur\u00fcck, einem Schulkomplex in Benrath der Nachbarstadt D\u00fcsseldorf.\u00a0 <\/p>\n<p>              &#13;<br \/>\n                <img decoding=\"async\"   src=\"https:\/\/www.europesays.com\/de\/wp-content\/uploads\/2026\/08\/Die-stellvertretende-Schulleiterin-der-Realschule-Hochdahl-1168868.jpg\" title=\"Vom Schulbrand zum Schuldorf - Neustart in Erkrath \" alt=\"Die stellvertretende Schulleiterin der Realschule Hochdahl, Simone Richter, steht vor ihrem B\u00fcro. Fabian Strauch\/dpa\" class=\"img-responsive\"\/>&#13;<br \/>\n                &#13;<\/p>\n<p class=\"image-caption\">Die stellvertretende Schulleiterin der Realschule Hochdahl, Simone Richter, steht vor ihrem B\u00fcro. Fabian Strauch\/dpa <\/p>\n<p>&#13;<\/p>\n<p class=\"image-credit\">&#13;<br \/>\n\t\t\t\t\t\t\t\u00a9 Fabian Strauch\/dpa<\/p>\n<p>&#13;<br \/>\n                &#13;<\/p>\n<p>          &#13;<br \/>\n              Wichtige Angebote fehlten\u00a0 <\/p>\n<p>Aber auch das Betreuen und F\u00f6rdern von Sch\u00fclern am Nachmittag in der Schule sei jetzt wieder m\u00f6glich. Der wichtige Ganztag \u201ehat uns sehr gefehlt\u201c, sagt Richter und f\u00fcgt hinzu: \u201eDie ganzen sch\u00f6nen Dinge, das Leben hat so ein bisschen gefehlt.\u201c AGs, Lernzeiten, Klassenlehrerstunden, \u201ealles, was so die Interaktion nochmal am Rande des Unterrichts anbietet\u201c, z\u00e4hlt sie auf. Es habe keinen Einbruch bei den Sch\u00fclerzahlen gegeben, \u201ewir sind sogar gewachsen\u201c. <\/p>\n<p>              &#13;<br \/>\n                <img decoding=\"async\"   src=\"https:\/\/www.europesays.com\/de\/wp-content\/uploads\/2026\/08\/Schueler-einer-Duesseldorfer-Realschule-begruessten-Ende-1168863.jpg\" title=\"Vom Schulbrand zum Schuldorf - Neustart in Erkrath \" alt=\"Sch\u00fcler einer D\u00fcsseldorfer Realschule begr\u00fc\u00dften Ende Mai 2025 einer Wimpelkette am Eingangstor die 1.200 Erkrather Sch\u00fcler. (Archivbild)Volker Danisch\/dpa\" class=\"img-responsive\"\/>&#13;<br \/>\n                &#13;<\/p>\n<p class=\"image-caption\">Sch\u00fcler einer D\u00fcsseldorfer Realschule begr\u00fc\u00dften Ende Mai 2025 einer Wimpelkette am Eingangstor die 1.200 Erkrather Sch\u00fcler. (Archivbild)Volker Danisch\/dpa <\/p>\n<p>&#13;<\/p>\n<p class=\"image-credit\">&#13;<br \/>\n\t\t\t\t\t\t\t\u00a9 Volker Danisch\/dpa<\/p>\n<p>&#13;<br \/>\n                &#13;<\/p>\n<p>          &#13;<br \/>\n              Alte Schulm\u00f6bel in neuen R\u00e4umen <\/p>\n<p>Ein St\u00fcck Benrath ist auch in dem neuen Schuldorf zu finden: Die Tische und St\u00fchle in der Mensa des Gymnasiums etwa stammen aus dem Schulzentrum in der Nachbarschaft. Das gelte auch f\u00fcr weiteres Mobiliar am Gymnasium, wie Hausmeister Sommer erz\u00e4hlt. Andere Tische, St\u00fchle und auch einige interaktive Tafeln konnten aus dem abgebrannten Schulkomplex geborgen werden. Nach einer Reinigung kamen sie zum Ausweichstandort und jetzt wieder zur\u00fcck. <\/p>\n<p>              &#13;<br \/>\n                <img decoding=\"async\"   src=\"https:\/\/www.europesays.com\/de\/wp-content\/uploads\/2026\/08\/Auf-dem-Briefkasten-im-Schuldorf-stehen-die-Namen-der-1168865.jpg\" title=\"Vom Schulbrand zum Schuldorf - Neustart in Erkrath \" alt=\"Auf dem Briefkasten im Schuldorf stehen die Namen der beiden Schulen. Fabian Strauch\/dpa\" class=\"img-responsive\"\/>&#13;<br \/>\n                &#13;<\/p>\n<p class=\"image-caption\">Auf dem Briefkasten im Schuldorf stehen die Namen der beiden Schulen. Fabian Strauch\/dpa <\/p>\n<p>&#13;<\/p>\n<p class=\"image-credit\">&#13;<br \/>\n\t\t\t\t\t\t\t\u00a9 Fabian Strauch\/dpa<\/p>\n<p>&#13;<br \/>\n                &#13;<\/p>\n<p>          &#13;<br \/>\n              Willkommensfest geplant\u00a0 <\/p>\n<p>Mehr als 200 Blas- und Streichinstrumente des Gymnasiums waren wegen einer Brandschutzsanierung des alten Schulkomplexes schon ausgelagert und fielen somit nicht den Flammen zum Opfer. \u201eGl\u00fcck im Ungl\u00fcck\u201c, meint Sommer. Er freut sich auf die Sch\u00fcler und wieder richtiger Hausmeister sein zu d\u00fcrfen. Nach ein paar Tagen Ankommen und Gestalten der Klassenr\u00e4ume wird im Schuldorf das \u201eComeback\u201c gemeinsam mit Eltern gefeiert, wie Richter sagt. <\/p>\n","protected":false},"excerpt":{"rendered":"Auf den Umzugskartons im neuen Schuldorf liegen einige der erhaltengebliebenen \u201eSch\u00e4tze\u201c. Hausmeister Sascha Sommer entrollt eines der Schulwandbilder&hellip;\n","protected":false},"author":2,"featured_media":1271168,"comment_status":"","ping_status":"","sticky":false,"template":"","format":"standard","meta":{"footnotes":"","_share_on_mastodon":"0"},"categories":[1831],"tags":[3364,29,3405,987,30,1209,966],"class_list":["post-1271167","post","type-post","status-publish","format-standard","has-post-thumbnail","category-duesseldorf","tag-de","tag-deutschland","tag-duesseldorf","tag-feuer","tag-germany","tag-nordrhein-westfalen","tag-schule"],"share_on_mastodon":{"url":"https:\/\/pubeurope.com\/@de\/117188394954585966","error":""},"_links":{"self":[{"href":"https:\/\/www.europesays.com\/de\/wp-json\/wp\/v2\/posts\/1271167","targetHints":{"allow":["GET"]}}],"collection":[{"href":"https:\/\/www.europesays.com\/de\/wp-json\/wp\/v2\/posts"}],"about":[{"href":"https:\/\/www.europesays.com\/de\/wp-json\/wp\/v2\/types\/post"}],"author":[{"embeddable":true,"href":"https:\/\/www.europesays.com\/de\/wp-json\/wp\/v2\/users\/2"}],"replies":[{"embeddable":true,"href":"https:\/\/www.europesays.com\/de\/wp-json\/wp\/v2\/comments?post=1271167"}],"version-history":[{"count":0,"href":"https:\/\/www.europesays.com\/de\/wp-json\/wp\/v2\/posts\/1271167\/revisions"}],"wp:featuredmedia":[{"embeddable":true,"href":"https:\/\/www.europesays.com\/de\/wp-json\/wp\/v2\/media\/1271168"}],"wp:attachment":[{"href":"https:\/\/www.europesays.com\/de\/wp-json\/wp\/v2\/media?parent=1271167"}],"wp:term":[{"taxonomy":"category","embeddable":true,"href":"https:\/\/www.europesays.com\/de\/wp-json\/wp\/v2\/categories?post=1271167"},{"taxonomy":"post_tag","embeddable":true,"href":"https:\/\/www.europesays.com\/de\/wp-json\/wp\/v2\/tags?post=1271167"}],"curies":[{"name":"wp","href":"https:\/\/api.w.org\/{rel}","templated":true}]}}