{"id":1271171,"date":"2026-08-31T05:10:14","date_gmt":"2026-08-31T05:10:14","guid":{"rendered":"https:\/\/www.europesays.com\/de\/1271171\/"},"modified":"2026-08-31T05:10:14","modified_gmt":"2026-08-31T05:10:14","slug":"fast-unfall-und-noetigung-auf-b14-bei-waiblingen-fahrer-soll-2400-euro-zahlen-nachrichten-aus-waiblingen","status":"publish","type":"post","link":"https:\/\/www.europesays.com\/de\/1271171\/","title":{"rendered":"Fast-Unfall und N\u00f6tigung auf B14 bei Waiblingen: Fahrer soll 2400 Euro zahlen &#8211; Nachrichten aus Waiblingen"},"content":{"rendered":"<p><strong>Waiblingen.<\/strong> Im September 2025 ist ein 71-j\u00e4hriger Autofahrer auf der B14 in Richtung Backnang auf der linken Spur unterwegs. In H\u00f6he des Teilers B14\/B29 soll ihn ein 49-j\u00e4hriger Autofahrer rechts \u00fcberholt haben und knapp vor ihm eingeschert sein. Nur durch eine scharfe Bremsung verhindert der \u00c4ltere einen Unfall. Der andere Mann bremst ihn noch zweimal aus. Wegen dieser N\u00f6tigung muss sich der Waiblinger vor Gericht verantworten, da er Einspruch gegen seinen Strafbefehl<\/p>\n","protected":false},"excerpt":{"rendered":"Waiblingen. Im September 2025 ist ein 71-j\u00e4hriger Autofahrer auf der B14 in Richtung Backnang auf der linken Spur&hellip;\n","protected":false},"author":2,"featured_media":1271172,"comment_status":"","ping_status":"","sticky":false,"template":"","format":"standard","meta":{"footnotes":"","_share_on_mastodon":"0"},"categories":[1830],"tags":[1601,262585,47446,513,6175,252595,13497,46526,1634,3364,29,3926,2690,30,49810,262586,1441,13498,256847,191400,9887,4996,29328],"class_list":["post-1271171","post","type-post","status-publish","format-standard","has-post-thumbnail","category-stuttgart","tag-amtsgericht","tag-ausbremsen","tag-ausgebremst","tag-auto","tag-autofahrer","tag-b-14","tag-b14","tag-b29","tag-baden-wuerttemberg","tag-de","tag-deutschland","tag-geldstrafe","tag-gericht","tag-germany","tag-noetigung","tag-rechts-ueberholen","tag-stuttgart","tag-teiler","tag-teiler-b14-b29","tag-un_was-gibt-es-neues","tag-waiblingen","tag-zeugen","tag-zeugenaussage"],"share_on_mastodon":{"url":"https:\/\/pubeurope.com\/@de\/117188403311858746","error":""},"_links":{"self":[{"href":"https:\/\/www.europesays.com\/de\/wp-json\/wp\/v2\/posts\/1271171","targetHints":{"allow":["GET"]}}],"collection":[{"href":"https:\/\/www.europesays.com\/de\/wp-json\/wp\/v2\/posts"}],"about":[{"href":"https:\/\/www.europesays.com\/de\/wp-json\/wp\/v2\/types\/post"}],"author":[{"embeddable":true,"href":"https:\/\/www.europesays.com\/de\/wp-json\/wp\/v2\/users\/2"}],"replies":[{"embeddable":true,"href":"https:\/\/www.europesays.com\/de\/wp-json\/wp\/v2\/comments?post=1271171"}],"version-history":[{"count":0,"href":"https:\/\/www.europesays.com\/de\/wp-json\/wp\/v2\/posts\/1271171\/revisions"}],"wp:featuredmedia":[{"embeddable":true,"href":"https:\/\/www.europesays.com\/de\/wp-json\/wp\/v2\/media\/1271172"}],"wp:attachment":[{"href":"https:\/\/www.europesays.com\/de\/wp-json\/wp\/v2\/media?parent=1271171"}],"wp:term":[{"taxonomy":"category","embeddable":true,"href":"https:\/\/www.europesays.com\/de\/wp-json\/wp\/v2\/categories?post=1271171"},{"taxonomy":"post_tag","embeddable":true,"href":"https:\/\/www.europesays.com\/de\/wp-json\/wp\/v2\/tags?post=1271171"}],"curies":[{"name":"wp","href":"https:\/\/api.w.org\/{rel}","templated":true}]}}