{"id":1271183,"date":"2026-08-31T05:18:15","date_gmt":"2026-08-31T05:18:15","guid":{"rendered":"https:\/\/www.europesays.com\/de\/1271183\/"},"modified":"2026-08-31T05:18:15","modified_gmt":"2026-08-31T05:18:15","slug":"naechtliches-verkaufsverbot-fuer-bier-in-muenchen-kioske-geben-widerstand-auf-tageskarte","status":"publish","type":"post","link":"https:\/\/www.europesays.com\/de\/1271183\/","title":{"rendered":"N\u00e4chtliches Verkaufsverbot f\u00fcr Bier in M\u00fcnchen: Kioske geben Widerstand auf: Tageskarte"},"content":{"rendered":"<p>Zwei Kioskbetreiber aus dem M\u00fcnchner Univiertel haben ihre Klagen gegen das n\u00e4chtliche Bierverkaufsverbot zur\u00fcckgezogen. Auch f\u00fcr sie gelten damit k\u00fcnftig die Bescheide, nach denen sie ab 22 Uhr kein Bier mehr abgeben d\u00fcrfen, wie die Landeshauptstadt am Freitag mitteilte. Das Verbot tritt damit fl\u00e4chendeckend am Freitag der kommenden Woche in Kraft.<\/p>\n<p>Die Regelung hatte es im Viertel bereits im Sommer vergangenen Jahres gegeben, kurz darauf wurde sie jedoch zur\u00fcckgenommen. Nun f\u00fchrt die Stadt sie wieder ein, weil es weiter Probleme mit Feiernden auf den Stra\u00dfen gibt: L\u00e4rm, Glasscherben, wildes Urinieren.<\/p>\n<p>\u00abDie Situation f\u00fcr die Anwohnenden hat sich zuletzt leider nicht verbessert\u00bb, erkl\u00e4rte Oberb\u00fcrgermeister Dominik Krause (Gr\u00fcne). Weiter hie\u00df es: \u00abIch bin nach wie vor \u00fcberzeugt, dass es wichtig ist, in einer Gro\u00dfstadt Freir\u00e4ume f\u00fcr junge Menschen zu erm\u00f6glichen. Gegenseitige R\u00fccksichtnahme muss dabei immer das Grundgebot sein.\u00bb<\/p>\n<p>Stadt reagiert auf Urteil<\/p>\n<p>Zum Start der Freiluftsaison in diesem Jahr hatten sich alle betroffenen Betriebe nach Angaben der Stadt freiwillig dazu verpflichtet, nach Mitternacht kein Flaschenbier oder Alkohol-to-go zu verkaufen. Plakate appellierten zudem an die Feiernden, Toiletten und M\u00fclleimer zu benutzen und nach 22 Uhr auf die eigene Lautst\u00e4rke zu achten. Wirklich viel gebracht hatte das aber zun\u00e4chst nichts.<\/p>\n<p>Im Falle eines anderen Betriebs, der gegen\u00fcber Kiosken \u00fcber eine erweiterte Konzession verf\u00fcgt, hatte j\u00fcngst bereits das Verwaltungsgericht entschieden, dass dieser ab 22 Uhr keinerlei alkoholische Getr\u00e4nke zum Unterwegsverzehr verkaufen darf. Die anderen Kioske d\u00fcrfen am Abend ohnehin nur Bier verkaufen, keinen anderen Alkohol.<\/p>\n<p>Im Zuge des Verfahrens forderte das Gericht die Stadt auf, im Viertel einheitliche Regeln durchzusetzen. \u00abDem kommen wir nach\u00bb, hie\u00df es von Oberb\u00fcrgermeister Krause. (dpa)<\/p>\n","protected":false},"excerpt":{"rendered":"Zwei Kioskbetreiber aus dem M\u00fcnchner Univiertel haben ihre Klagen gegen das n\u00e4chtliche Bierverkaufsverbot zur\u00fcckgezogen. Auch f\u00fcr sie gelten&hellip;\n","protected":false},"author":2,"featured_media":1271184,"comment_status":"","ping_status":"","sticky":false,"template":"","format":"standard","meta":{"footnotes":"","_share_on_mastodon":"0"},"categories":[1827],"tags":[6789,772,2326,29,30,4141,1268,17338,857],"class_list":["post-1271183","post","type-post","status-publish","format-standard","has-post-thumbnail","category-muenchen","tag-alkohol","tag-bayern","tag-bier","tag-deutschland","tag-germany","tag-kiosk","tag-muenchen","tag-univiertel","tag-verbot"],"share_on_mastodon":{"url":"https:\/\/pubeurope.com\/@de\/117188434646636148","error":""},"_links":{"self":[{"href":"https:\/\/www.europesays.com\/de\/wp-json\/wp\/v2\/posts\/1271183","targetHints":{"allow":["GET"]}}],"collection":[{"href":"https:\/\/www.europesays.com\/de\/wp-json\/wp\/v2\/posts"}],"about":[{"href":"https:\/\/www.europesays.com\/de\/wp-json\/wp\/v2\/types\/post"}],"author":[{"embeddable":true,"href":"https:\/\/www.europesays.com\/de\/wp-json\/wp\/v2\/users\/2"}],"replies":[{"embeddable":true,"href":"https:\/\/www.europesays.com\/de\/wp-json\/wp\/v2\/comments?post=1271183"}],"version-history":[{"count":0,"href":"https:\/\/www.europesays.com\/de\/wp-json\/wp\/v2\/posts\/1271183\/revisions"}],"wp:featuredmedia":[{"embeddable":true,"href":"https:\/\/www.europesays.com\/de\/wp-json\/wp\/v2\/media\/1271184"}],"wp:attachment":[{"href":"https:\/\/www.europesays.com\/de\/wp-json\/wp\/v2\/media?parent=1271183"}],"wp:term":[{"taxonomy":"category","embeddable":true,"href":"https:\/\/www.europesays.com\/de\/wp-json\/wp\/v2\/categories?post=1271183"},{"taxonomy":"post_tag","embeddable":true,"href":"https:\/\/www.europesays.com\/de\/wp-json\/wp\/v2\/tags?post=1271183"}],"curies":[{"name":"wp","href":"https:\/\/api.w.org\/{rel}","templated":true}]}}