{"id":1271221,"date":"2026-08-31T05:40:17","date_gmt":"2026-08-31T05:40:17","guid":{"rendered":"https:\/\/www.europesays.com\/de\/1271221\/"},"modified":"2026-08-31T05:40:17","modified_gmt":"2026-08-31T05:40:17","slug":"us-open-2026-sensationelles-erstrunden-aus-fuer-geschwaechten-djokovic","status":"publish","type":"post","link":"https:\/\/www.europesays.com\/de\/1271221\/","title":{"rendered":"US Open 2026: Sensationelles Erstrunden-Aus f\u00fcr geschw\u00e4chten Djokovic"},"content":{"rendered":"<p>            <img loading=\"lazy\" decoding=\"async\" class=\"ts-image\" src=\"https:\/\/www.europesays.com\/de\/wp-content\/uploads\/2026\/08\/djokovic-348.jpg\" alt=\"Novak Djokovic\" title=\"Novak Djokovic | AP Photo\/Frank Franklin II\"\/><\/p>\n<p class=\"metatextline\">Stand: 31.08.2026 \u2022 06:52 Uhr<\/p>\n<p class=\"article-head__shorttext\">\n        <strong>Die US Open 2026 sind f\u00fcr Novak Djokovic schon am allerersten Turnier-Tag beendet. Der Serbe, der das Turnier in New York bereits vier Mal gewinnen konnte, scheiterte zum ersten Mal in seiner Karriere beim Grand-Slam-Turnier in der US-Metropole in der ersten Runde. Am Sonntagabend (Ortszeit) unterlag der 39-J\u00e4hrige dem Argentinier Mariano Navone in f\u00fcnf S\u00e4tzen sensationell mit 6:7 (5:7), 7:5, 6:4, 2:6, 1:6.<\/strong>\n    <\/p>\n<p class=\"textabsatz m-ten m-offset-one l-eight l-offset-two columns twelve\">Djokovic, nach New York als Mitfavorit angereist, hatte vom Start weg nicht nur mit seinem stark aufspielenden Kontrahenten zu k\u00e4mpfen &#8211; sondern vor allem auch mit seinem eigenen K\u00f6rper. Im ersten Satz f\u00fchlte sich der Serbe sichtbar unwohl und nahm Tabletten gegen die \u00dcbelkeit. Der Durchgang ging schlie\u00dflich per Tiebreak an Navone.<\/p>\n<p>    Djokovic muss sich \u00fcbergeben<\/p>\n<p class=\"textabsatz m-ten m-offset-one l-eight l-offset-two columns twelve\">Im zweiten Satz musste sich Djokovic gar \u00fcbergeben, immer mal wieder blickte der mehrfache Grand-Slam-Sieger apatisch ins Leere. Nach langen Ballwechseln pustete er zudem immer wieder angestrengt durch. Trotzdem schaffte es der 39-J\u00e4hrige, bei den entscheidenden Punkten voll dazu sein. Beim Stand von 5:5 sicherte er sich das Break und kurz darauf auch den ersten eigenen Satzgewinn.<\/p>\n<p class=\"textabsatz m-ten m-offset-one l-eight l-offset-two columns twelve\">Der dritte Durchgang war dann \u00e4hnlich wie der zweite. Djokovic zeigte mit Gesten zwar immer wieder, dass er geschw\u00e4cht war, st\u00fctzte sich mehrfach auf seinem Schl\u00e4ger ab, konnte seinem Kontrahenten aber dennoch Paroli bieten und sicherte sich wieder ein sp\u00e4tes Break, dass zum Gewinn des dritten Satzes reichte. Kurz darauf ging dann aber nichts mehr.<\/p>\n<p class=\"absatzbild__info__text\">\n                        Novak Djokovic wirkte k\u00f6rperlich angeschlagen.\n                    <\/p>\n<p>    Navone: &#8222;Es ist fantastisch&#8220;<\/p>\n<p class=\"textabsatz m-ten m-offset-one l-eight l-offset-two columns twelve\">Nachdem Djokovic im vierten Satz noch mit 2:1 in F\u00fchrung gegangen war, gewann der Serbe, den nun auch noch R\u00fcckenprobleme plagten, bis zum Matchende nur noch ein einziges Spiel. Nach mehr als viereinhalb Stunden war diese denkw\u00fcrdige Partie schlie\u00dflich beendet.<\/p>\n<p class=\"textabsatz m-ten m-offset-one l-eight l-offset-two columns twelve\">&#8222;Es ist fantastisch. Die Art, wie wir \u00fcber f\u00fcnf Stunden gek\u00e4mpft haben &#8211; ich wei\u00df gar nicht, was ich sagen soll&#8220;, sagte Navone nach dem Match. Der Sieg, erg\u00e4nzte der 49. der Weltrangliste, &#8222;bedeutet mir viel. Es war echt schwer, ich habe hier gegen den Gr\u00f6\u00dften auf diesem Platz gespielt.&#8220;<\/p>\n<p>    Zukunft des Serben ungewisser denn je<\/p>\n<p class=\"textabsatz m-ten m-offset-one l-eight l-offset-two columns twelve\">Schon bei den letzten Ballwechseln, als immer klarer wurde, dass Djokovic nicht mehr gewinnen w\u00fcrde, wurde der 39-J\u00e4hrige immer emotionaler. Wie es f\u00fcr den Serben weitergeht, ist nach diesem sensationellen Erstrunden-Aus ungewisser denn je.<\/p>\n","protected":false},"excerpt":{"rendered":"Stand: 31.08.2026 \u2022 06:52 Uhr Die US Open 2026 sind f\u00fcr Novak Djokovic schon am allerersten Turnier-Tag beendet.&hellip;\n","protected":false},"author":2,"featured_media":1271222,"comment_status":"","ping_status":"","sticky":false,"template":"","format":"standard","meta":{"footnotes":"","_share_on_mastodon":"0"},"categories":[5],"tags":[13,14,15,13008,12,4206,10,8,9,11,64177],"class_list":["post-1271221","post","type-post","status-publish","format-standard","has-post-thumbnail","category-nachrichten","tag-headlines","tag-nachrichten","tag-news","tag-novak-djokovic","tag-schlagzeilen","tag-tennis","tag-top-news","tag-top-meldungen","tag-topmeldungen","tag-topnews","tag-us-open"],"share_on_mastodon":{"url":"https:\/\/pubeurope.com\/@de\/117188522578293338","error":""},"_links":{"self":[{"href":"https:\/\/www.europesays.com\/de\/wp-json\/wp\/v2\/posts\/1271221","targetHints":{"allow":["GET"]}}],"collection":[{"href":"https:\/\/www.europesays.com\/de\/wp-json\/wp\/v2\/posts"}],"about":[{"href":"https:\/\/www.europesays.com\/de\/wp-json\/wp\/v2\/types\/post"}],"author":[{"embeddable":true,"href":"https:\/\/www.europesays.com\/de\/wp-json\/wp\/v2\/users\/2"}],"replies":[{"embeddable":true,"href":"https:\/\/www.europesays.com\/de\/wp-json\/wp\/v2\/comments?post=1271221"}],"version-history":[{"count":0,"href":"https:\/\/www.europesays.com\/de\/wp-json\/wp\/v2\/posts\/1271221\/revisions"}],"wp:featuredmedia":[{"embeddable":true,"href":"https:\/\/www.europesays.com\/de\/wp-json\/wp\/v2\/media\/1271222"}],"wp:attachment":[{"href":"https:\/\/www.europesays.com\/de\/wp-json\/wp\/v2\/media?parent=1271221"}],"wp:term":[{"taxonomy":"category","embeddable":true,"href":"https:\/\/www.europesays.com\/de\/wp-json\/wp\/v2\/categories?post=1271221"},{"taxonomy":"post_tag","embeddable":true,"href":"https:\/\/www.europesays.com\/de\/wp-json\/wp\/v2\/tags?post=1271221"}],"curies":[{"name":"wp","href":"https:\/\/api.w.org\/{rel}","templated":true}]}}