{"id":1271224,"date":"2026-08-31T05:43:38","date_gmt":"2026-08-31T05:43:38","guid":{"rendered":"https:\/\/www.europesays.com\/de\/1271224\/"},"modified":"2026-08-31T05:43:38","modified_gmt":"2026-08-31T05:43:38","slug":"alemannia-erste-pflichtspiel-niederlage-seit-maerz","status":"publish","type":"post","link":"https:\/\/www.europesays.com\/de\/1271224\/","title":{"rendered":"Alemannia: Erste Pflichtspiel-Niederlage seit M\u00e4rz"},"content":{"rendered":"<p>Alemannia Aachen hat die erste Pflichtspiel-Niederlage seit M\u00e4rz einstecken m\u00fcssen. <\/p>\n<p>Der SV Meppen schlug Aachen klar mit 3:0. Alle drei Tore fielen bereits in der ersten Halbzeit. Aachen fand nach der Pause zwar besser ins Spiel, konnte die Partie aber nicht mehr drehen. <\/p>\n<p>Au\u00dferdem feierte ein Aachen-Neuzugang sein Deb\u00fct: Justin von der Hitz wurde erst kurz vor dem Spiel verk\u00fcndet und kam dann direkt zum Einsatz. Der 19-J\u00e4hrige ist vom 1. FC N\u00fcrnberg ausgeliehen.<\/p>\n","protected":false},"excerpt":{"rendered":"Alemannia Aachen hat die erste Pflichtspiel-Niederlage seit M\u00e4rz einstecken m\u00fcssen. Der SV Meppen schlug Aachen klar mit 3:0.&hellip;\n","protected":false},"author":2,"featured_media":1271225,"comment_status":"","ping_status":"","sticky":false,"template":"","format":"standard","meta":{"footnotes":"","_share_on_mastodon":"0"},"categories":[1853],"tags":[1424,3364,29,548,663,3934,30,13,14,15,1209,12],"class_list":["post-1271224","post","type-post","status-publish","format-standard","has-post-thumbnail","category-aachen","tag-aachen","tag-de","tag-deutschland","tag-eu","tag-europa","tag-europe","tag-germany","tag-headlines","tag-nachrichten","tag-news","tag-nordrhein-westfalen","tag-schlagzeilen"],"share_on_mastodon":{"url":"https:\/\/pubeurope.com\/@de\/117188532954228872","error":""},"_links":{"self":[{"href":"https:\/\/www.europesays.com\/de\/wp-json\/wp\/v2\/posts\/1271224","targetHints":{"allow":["GET"]}}],"collection":[{"href":"https:\/\/www.europesays.com\/de\/wp-json\/wp\/v2\/posts"}],"about":[{"href":"https:\/\/www.europesays.com\/de\/wp-json\/wp\/v2\/types\/post"}],"author":[{"embeddable":true,"href":"https:\/\/www.europesays.com\/de\/wp-json\/wp\/v2\/users\/2"}],"replies":[{"embeddable":true,"href":"https:\/\/www.europesays.com\/de\/wp-json\/wp\/v2\/comments?post=1271224"}],"version-history":[{"count":0,"href":"https:\/\/www.europesays.com\/de\/wp-json\/wp\/v2\/posts\/1271224\/revisions"}],"wp:featuredmedia":[{"embeddable":true,"href":"https:\/\/www.europesays.com\/de\/wp-json\/wp\/v2\/media\/1271225"}],"wp:attachment":[{"href":"https:\/\/www.europesays.com\/de\/wp-json\/wp\/v2\/media?parent=1271224"}],"wp:term":[{"taxonomy":"category","embeddable":true,"href":"https:\/\/www.europesays.com\/de\/wp-json\/wp\/v2\/categories?post=1271224"},{"taxonomy":"post_tag","embeddable":true,"href":"https:\/\/www.europesays.com\/de\/wp-json\/wp\/v2\/tags?post=1271224"}],"curies":[{"name":"wp","href":"https:\/\/api.w.org\/{rel}","templated":true}]}}