{"id":1271227,"date":"2026-08-31T05:48:22","date_gmt":"2026-08-31T05:48:22","guid":{"rendered":"https:\/\/www.europesays.com\/de\/1271227\/"},"modified":"2026-08-31T05:48:22","modified_gmt":"2026-08-31T05:48:22","slug":"busse-gegen-blackout-gruene-wollen-chemnitzer-e-flotte-anzapfen","status":"publish","type":"post","link":"https:\/\/www.europesays.com\/de\/1271227\/","title":{"rendered":"Busse gegen Blackout: Gr\u00fcne wollen Chemnitzer E-Flotte anzapfen"},"content":{"rendered":"<p>Chemnitz &#8211; <strong>Ein Linienbus als riesige Powerbank? Die Gr\u00fcnen im <\/strong><a rel=\"nofollow noopener\" class=\"intern-link\" href=\"https:\/\/www.tag24.de\/chemnitz\/politik-wirtschaft\" data-vars-href=\"https:\/\/www.tag24.de\/chemnitz\/politik-wirtschaft\" data-vars-identifier=\"1788097941326\" data-vars-origin-id=\"1272\" data-vars- target=\"_blank\">Chemnitzer<\/a><strong> Stadtrat wollen Elektrobusse bei einem <\/strong><a href=\"https:\/\/www.tag24.de\/chemnitz\/lokales\/nach-stromausfall-in-berlin-wie-gut-ist-chemnitz-fuer-einen-blackout-geruestet-3456096\" data-aid=\"3456096\" data-vars-aid=\"3456096\" data-vars-url=\"https:\/\/www.tag24.de\/chemnitz\/lokales\/nach-stromausfall-in-berlin-wie-gut-ist-chemnitz-fuer-einen-blackout-geruestet-3456096\" data-vars-aplacement=\"intext\" rel=\"nofollow noopener\" target=\"_blank\">m\u00f6glichen Blackout<\/a><strong> als Stromlieferanten f\u00fcr Feuerwehrwachen oder Krankenhausabteilungen fit machen.<\/strong><\/p>\n<p>            <img loading=\"lazy\" decoding=\"async\" class=\"article__img\" alt=\"Joseph Israel (27, Gr\u00fcne) will, dass Chemnitz beim Umstieg auf Elektrobusse deren Einsatz als Notstromhelfer gleich mitdenkt.\" width=\"951\" height=\"634\" src=\"https:\/\/www.europesays.com\/de\/wp-content\/uploads\/2026\/08\/8ls13dtk2ynnh2ff3lwdzgm5vqpntmwo.jpg\"  \/><\/p>\n<p>            Joseph Israel (27, Gr\u00fcne) will, dass Chemnitz beim Umstieg auf Elektrobusse deren Einsatz als Notstromhelfer gleich mitdenkt.\u00a0\u00a0\u00a9\u00a0Uwe Meinhold<\/p>\n<p>Stadtrat Joseph Israel (27) will die Idee beim Kauf neuer Fahrzeuge mitdenken. &#8222;Andere St\u00e4dte haben da l\u00e4ngst Erfahrungen&#8220;, begr\u00fcndet Israel den Vorsto\u00df.<\/p>\n<p>&#8222;Es ist schade, dass Chemnitz damit so lange gewartet hat.&#8220; Helfen k\u00f6nnten die rollenden Akkus etwa dort, wo ein eigenes Notstromaggregat fehlt. Daf\u00fcr m\u00fcsste Strom nicht nur in den Bus flie\u00dfen k\u00f6nnen, &#8222;sondern auch vom Bus zur\u00fcck ins Geb\u00e4ude&#8220;, erkl\u00e4rt er. <\/p>\n<p>Bislang testet die CVAG einen Ikarus 120e: Der Elektrobus f\u00e4hrt bis April 2028 &#8222;auf Probe&#8220;. Getestet werden laut CVAG Stromverbrauch, Ladezeiten und die Tauglichkeit bei unterschiedlichem Wetter.<\/p>\n<p>                             <a data-aid=\"3528349\" data-atype=\"news\" data-aplacement=\"inread-article\" data-aplacementid=\"3528352\" href=\"https:\/\/www.tag24.de\/chemnitz\/politik-wirtschaft\/neue-windraeder-in-chemnitz-rathaus-warnt-vor-geplanten-standorten-3528349\" rel=\"nofollow noopener\" target=\"_blank\"><img loading=\"lazy\" decoding=\"async\" width=\"85\" height=\"57\" alt=\"Neue Windr\u00e4der in Chemnitz: Rathaus warnt vor geplanten Standorten\" src=\"https:\/\/www.europesays.com\/de\/wp-content\/uploads\/2026\/08\/1788155302_6_xviveto0pf3f4ceu2052a4z0ytab1xmm.jpg\"\/><\/a><\/p>\n<p>            Chemnitz Politik<br \/>\n                            <a class=\"inread-article__headline\" data-aid=\"3528349\" data-atype=\"news\" data-aplacement=\"inread-article\" data-aplacementid=\"3528352\" href=\"https:\/\/www.tag24.de\/chemnitz\/politik-wirtschaft\/neue-windraeder-in-chemnitz-rathaus-warnt-vor-geplanten-standorten-3528349\" rel=\"nofollow noopener\" target=\"_blank\">Neue Windr\u00e4der in Chemnitz: Rathaus warnt vor geplanten Standorten<\/a><\/p>\n<p>Das Rathaus tritt allerdings auf die Bremse: &#8222;Ob bei einem Stromausfall Elektrobusse verf\u00fcgbar sind, ist nicht zuverl\u00e4ssig zu planen&#8220;, hei\u00dft es. Zus\u00e4tzliche digitale Schnittstellen k\u00f6nnten neue Angriffsm\u00f6glichkeiten f\u00fcr Hacker schaffen.<\/p>\n<p>Krankenh\u00e4user und Berufsfeuerwehr h\u00e4tten meist schon fest installierte Notstromanlagen, die sofort einspringen. <\/p>\n<p><strong>Die Gr\u00fcnen wollen zun\u00e4chst kl\u00e4ren lassen, welche Geb\u00e4ude infrage kommen, wie viele Fahrzeuge gebraucht werden und welche Technik n\u00f6tig w\u00e4re. Der Stadtrat entscheidet am 9. September. <\/strong><\/p>\n","protected":false},"excerpt":{"rendered":"Chemnitz &#8211; Ein Linienbus als riesige Powerbank? Die Gr\u00fcnen im Chemnitzer Stadtrat wollen Elektrobusse bei einem m\u00f6glichen Blackout&hellip;\n","protected":false},"author":2,"featured_media":1271228,"comment_status":"","ping_status":"","sticky":false,"template":"","format":"standard","meta":{"footnotes":"","_share_on_mastodon":"0"},"categories":[1851],"tags":[2770,3364,29,548,663,3934,30,13,14,15,859,12],"class_list":["post-1271227","post","type-post","status-publish","format-standard","has-post-thumbnail","category-chemnitz","tag-chemnitz","tag-de","tag-deutschland","tag-eu","tag-europa","tag-europe","tag-germany","tag-headlines","tag-nachrichten","tag-news","tag-sachsen","tag-schlagzeilen"],"share_on_mastodon":{"url":"https:\/\/pubeurope.com\/@de\/117188555039278624","error":""},"_links":{"self":[{"href":"https:\/\/www.europesays.com\/de\/wp-json\/wp\/v2\/posts\/1271227","targetHints":{"allow":["GET"]}}],"collection":[{"href":"https:\/\/www.europesays.com\/de\/wp-json\/wp\/v2\/posts"}],"about":[{"href":"https:\/\/www.europesays.com\/de\/wp-json\/wp\/v2\/types\/post"}],"author":[{"embeddable":true,"href":"https:\/\/www.europesays.com\/de\/wp-json\/wp\/v2\/users\/2"}],"replies":[{"embeddable":true,"href":"https:\/\/www.europesays.com\/de\/wp-json\/wp\/v2\/comments?post=1271227"}],"version-history":[{"count":0,"href":"https:\/\/www.europesays.com\/de\/wp-json\/wp\/v2\/posts\/1271227\/revisions"}],"wp:featuredmedia":[{"embeddable":true,"href":"https:\/\/www.europesays.com\/de\/wp-json\/wp\/v2\/media\/1271228"}],"wp:attachment":[{"href":"https:\/\/www.europesays.com\/de\/wp-json\/wp\/v2\/media?parent=1271227"}],"wp:term":[{"taxonomy":"category","embeddable":true,"href":"https:\/\/www.europesays.com\/de\/wp-json\/wp\/v2\/categories?post=1271227"},{"taxonomy":"post_tag","embeddable":true,"href":"https:\/\/www.europesays.com\/de\/wp-json\/wp\/v2\/tags?post=1271227"}],"curies":[{"name":"wp","href":"https:\/\/api.w.org\/{rel}","templated":true}]}}