{"id":1271237,"date":"2026-08-31T05:54:18","date_gmt":"2026-08-31T05:54:18","guid":{"rendered":"https:\/\/www.europesays.com\/de\/1271237\/"},"modified":"2026-08-31T05:54:18","modified_gmt":"2026-08-31T05:54:18","slug":"muslic-wird-nach-augsburg-pleite-deutlich-auf-schalke-brodelt-es-immer","status":"publish","type":"post","link":"https:\/\/www.europesays.com\/de\/1271237\/","title":{"rendered":"Muslic wird nach Augsburg-Pleite deutlich: \u201eAuf Schalke brodelt es immer\u201c"},"content":{"rendered":"<p>Die R\u00fcckkehr in die Bundesliga hat sich der <a href=\"https:\/\/www.fussballdaten.de\/vereine\/fc-schalke-04\/\" title=\"Profil von FC Schalke 04\" rel=\"nofollow noopener\" target=\"_blank\">FC Schalke 04<\/a> anders vorgestellt. Zum Auftakt musste sich der Aufsteiger beim <a href=\"https:\/\/www.fussballdaten.de\/vereine\/fc-augsburg\/\" title=\"Profil von FC Augsburg\" rel=\"nofollow noopener\" target=\"_blank\">FC Augsburg<\/a> mit 0:3 geschlagen geben. Trainer <a href=\"https:\/\/www.fussballdaten.de\/person\/miron-muslic\/\" title=\"Profil von Miron Muslic\" rel=\"nofollow noopener\" target=\"_blank\">Miron Muslic<\/a> sah zwar insbesondere vor der Pause einige positive Ans\u00e4tze seiner Mannschaft, machte nach der Partie aber auch deutlich, woran die K\u00f6nigsblauen arbeiten m\u00fcssen.<\/p>\n<p>Miron Muslic nennt Schalkes Baustellen<\/p>\n<p class=\"mb20 mt30\">Schalke erwischte zun\u00e4chst einen ordentlichen Start und erspielte sich mehrere M\u00f6glichkeiten. Die fehlende Konsequenz vor dem gegnerischen Tor sollte sich jedoch r\u00e4chen. Michael Gregoritsch brachte Augsburg in der 18. Minute in F\u00fchrung. \u201eAber das ist das Learning f\u00fcr uns: Wir m\u00fcssen uns f\u00fcr diesen Aufwand belohnen. Augsburg macht aus der ersten Chance das Tor und das ist der gro\u00dfe Unterschied\u201c, erkl\u00e4rte Muslic anschlie\u00dfend.<\/p>\n<p class=\"mb20 mt30\">Nach dem Seitenwechsel wurde die Aufgabe f\u00fcr S04 noch schwieriger. <a href=\"https:\/\/www.fussballdaten.de\/person\/ron-schallenberg\/\" title=\"Profil von Ron Schallenberg\" rel=\"nofollow noopener\" target=\"_blank\">Ron Schallenberg<\/a> stoppte Gregoritsch als letzter Mann und sah daf\u00fcr die Rote Karte. Wenig sp\u00e4ter leitete ein Ballverlust von Maximilian W\u00f6ber das 0:2 durch Anton Kade ein. In der Nachspielzeit sorgte Rodrigo Ribeiro schlie\u00dflich f\u00fcr den 3:0-Endstand.<\/p>\n<p class=\"mb20 mt30\">Muslic erkannte den Erfolg der Gastgeber ohne Umschweife an: \u201eDer Sieg f\u00fcr Augsburg ist in der H\u00f6he verdient.\u201c Gleichzeitig machte der Trainer deutlich, dass sich sein Team nach dem Aufstieg an die h\u00f6heren Anforderungen gew\u00f6hnen m\u00fcsse. \u201eDie Bundesliga erfordert ein anderes Level an Wachsamkeit in allen Momenten.\u201c<\/p>\n<p>Schalke vor Bundesliga-Kracher gegen den FC Bayern<\/p>\n<p class=\"mb20 mt30\">Viel Zeit zur Aufarbeitung bleibt Schalke nicht. Am zweiten Spieltag wartet im ersten Bundesliga-Heimspiel direkt der <a href=\"https:\/\/www.fussballdaten.de\/vereine\/fc-bayern-muenchen\/\" title=\"Profil von FC Bayern M\u00fcnchen\" rel=\"nofollow noopener\" target=\"_blank\">FC Bayern M\u00fcnchen<\/a>. Muslic wei\u00df, dass damit eine noch deutlich gr\u00f6\u00dfere Herausforderung auf den Aufsteiger zukommt.<\/p>\n<p class=\"mb20 mt30\">Von der besonderen Stimmung rund um das Spiel l\u00e4sst er sich allerdings nicht beeindrucken: \u201eAuf Schalke brodelt es immer. Das ist nichts Neues, das rei\u00dft mich nicht vom Hocker. Aber das Kaliber ist nat\u00fcrlich ein komplett anderes.\u201c <\/p>\n<p><img loading=\"lazy\" decoding=\"async\" src=\"https:\/\/www.europesays.com\/de\/wp-content\/uploads\/2026\/08\/3a28690963314b7a944c0b7bb800e3ca.gif\" width=\"1\" height=\"1\" alt=\"\" class=\"mb20 mt30\"\/><\/p>\n","protected":false},"excerpt":{"rendered":"Die R\u00fcckkehr in die Bundesliga hat sich der FC Schalke 04 anders vorgestellt. Zum Auftakt musste sich der&hellip;\n","protected":false},"author":2,"featured_media":1271238,"comment_status":"","ping_status":"","sticky":false,"template":"","format":"standard","meta":{"footnotes":"","_share_on_mastodon":"0"},"categories":[1846],"tags":[680,772,299,3364,29,548,663,3934,483,458,3158,30,13,58511,14,15,135870,12],"class_list":["post-1271237","post","type-post","status-publish","format-standard","has-post-thumbnail","category-augsburg","tag-augsburg","tag-bayern","tag-bundesliga","tag-de","tag-deutschland","tag-eu","tag-europa","tag-europe","tag-fc-augsburg","tag-fc-bayern-muenchen","tag-fc-schalke-04","tag-germany","tag-headlines","tag-miron-muslic","tag-nachrichten","tag-news","tag-ron-schallenberg","tag-schlagzeilen"],"share_on_mastodon":{"url":"","error":""},"_links":{"self":[{"href":"https:\/\/www.europesays.com\/de\/wp-json\/wp\/v2\/posts\/1271237","targetHints":{"allow":["GET"]}}],"collection":[{"href":"https:\/\/www.europesays.com\/de\/wp-json\/wp\/v2\/posts"}],"about":[{"href":"https:\/\/www.europesays.com\/de\/wp-json\/wp\/v2\/types\/post"}],"author":[{"embeddable":true,"href":"https:\/\/www.europesays.com\/de\/wp-json\/wp\/v2\/users\/2"}],"replies":[{"embeddable":true,"href":"https:\/\/www.europesays.com\/de\/wp-json\/wp\/v2\/comments?post=1271237"}],"version-history":[{"count":0,"href":"https:\/\/www.europesays.com\/de\/wp-json\/wp\/v2\/posts\/1271237\/revisions"}],"wp:featuredmedia":[{"embeddable":true,"href":"https:\/\/www.europesays.com\/de\/wp-json\/wp\/v2\/media\/1271238"}],"wp:attachment":[{"href":"https:\/\/www.europesays.com\/de\/wp-json\/wp\/v2\/media?parent=1271237"}],"wp:term":[{"taxonomy":"category","embeddable":true,"href":"https:\/\/www.europesays.com\/de\/wp-json\/wp\/v2\/categories?post=1271237"},{"taxonomy":"post_tag","embeddable":true,"href":"https:\/\/www.europesays.com\/de\/wp-json\/wp\/v2\/tags?post=1271237"}],"curies":[{"name":"wp","href":"https:\/\/api.w.org\/{rel}","templated":true}]}}