{"id":1271239,"date":"2026-08-31T05:56:03","date_gmt":"2026-08-31T05:56:03","guid":{"rendered":"https:\/\/www.europesays.com\/de\/1271239\/"},"modified":"2026-08-31T05:56:03","modified_gmt":"2026-08-31T05:56:03","slug":"sc-freiburg-ii-tut-sich-gegen-vfr-mannheim-schwer","status":"publish","type":"post","link":"https:\/\/www.europesays.com\/de\/1271239\/","title":{"rendered":"SC Freiburg II tut sich gegen VfR Mannheim schwer"},"content":{"rendered":"<p><b>Regionalliga S\u00fcdwest.<\/b> Der SC Freiburg II hat am vierten Spieltag im Dreisamstadion 0:0 gegen den VfR Mannheim gespielt. Die Freiburger U23 war nach einer Roten Karte gegen die G\u00e4ste mehr als eine Stunde in \u00dcberzahl, fand gegen die kompakte Defensive aber keinen Treffer.<\/p>\n<p>Vor der Partie war der SC II nach zwei Unentschieden und einem 5:1-Heimsieg gegen Hessen Kassel noch ungeschlagen. Mannheim war nach zwei Remis und einer Niederlage in der Regionalliga S\u00fcdwest noch ohne Sieg. Daran \u00e4nderte sich auch nach dem vierten Punktspiel nichts.<\/p>\n<p>SC-Trainer Bernhard Weis zeigte sich nach Angaben des Vereins nur bedingt zufrieden. Seine Mannschaft sei gut in die Partie gekommen und habe viel Ballbesitz gehabt. Zugleich verwies er darauf, dass Mannheim in Unterzahl gut verteidigt habe. Im letzten Drittel sei Freiburg nicht klar und zwingend genug gewesen.<\/p>\n<p>Yamamoto gibt Pflichtspieldeb\u00fct f\u00fcr den SC Freiburg<\/p>\n<p>Im Tor des SC II stand Kilian Katz. Jaaso Jantunen war in dieser Woche an Hansa Rostock verliehen worden. Mladen Mijajlovic fehlte im Vergleich zum 2:2 bei den Stuttgarter Kickers in der Startelf, nachdem er f\u00fcr die U19 des SC im DFB-Pokal der Junioren beim VfB Stuttgart eingesetzt worden war.<\/p>\n<p>Zudem sammelten Anthony Jung und Rouven Tarnutzer Spielpraxis in der U23. Rihito Yamamoto kam zu seinem Pflichtspieldeb\u00fct im SC-Trikot. Mannheims Trainer Marcel Abele setzte auf dieselbe Anfangsformation wie beim 0:0 im vorherigen Punktspiel gegen den SGV Heilbronn-Freiberg.<\/p>\n<p>Freiburg begann kontrolliert und hatte durch Yamamoto die erste Gelegenheit. VfR-Torwart David Nreca-Bisinger parierte dessen Schuss in der zehnten Minute. Kurz darauf setzte Tarnutzer einen Freisto\u00df \u00fcber das Tor. Auf der Gegenseite lenkte Katz einen Abschluss von Pasqual Pander \u00fcber die Latte.<\/p>\n<p>Rote Karte ver\u00e4ndert die Partie<\/p>\n<p>Obwohl der SC II mehr Ballbesitz hatte, kam Mannheim ebenfalls zu klaren Szenen. Jannik Marx traf nach einer Hereingabe von Jonas Weik mit einem Direktschuss die Latte. Kurz darauf musste Katz erneut bei einem Distanzschuss eingreifen.<\/p>\n<p>In der 27. Minute sah VfR-Verteidiger Christian Kuhn Rot. Er hatte Krish Raweri als letzter Mann gefoult. Freiburg kam vor der Pause noch zu M\u00f6glichkeiten: Nach einem Pass von Leon Catak war Nreca-Bisinger vor Bismark Adomah am Ball. Sp\u00e4ter scheiterte Catak nach Vorarbeit von Raweri am Mannheimer Torwart, ein weiterer Schuss des Angreifers ging knapp \u00fcber das Tor.<\/p>\n<p>Freiburg dr\u00fcckt, Mannheim verteidigt kompakt<\/p>\n<p>Zur zweiten Halbzeit brachte der SC II Nicolas H\u00f6fler f\u00fcr Yamamoto. Die Gastgeber blieben spielbestimmend, mussten sich gegen die eng stehenden Mannheimer aber jede Chance erarbeiten. Catak verfehlte zun\u00e4chst aus der Distanz das Tor und traf wenig sp\u00e4ter den linken Pfosten.<\/p>\n<p>Nach einem Eckball von Fabian R\u00fcdlin parierte Nreca-Bisinger einen Kopfball von Jung. Auch bei einem Distanzschuss von Catak und bei einem Vorsto\u00df von Billal Nuur Mohamed war der Mannheimer Torwart zur Stelle. Weis erkl\u00e4rte, sein Team habe den Gegner nicht konsequent genug bespielt; positiv bleibe neben dem Punkt, dass die Mannschaft weiter ungeschlagen sei.<\/p>\n<p>Am f\u00fcnften Spieltag tritt der SC Freiburg II erneut zu Hause an. Im Dreisamstadion ist am 5. September um 14 Uhr der TSV Steinbach Haiger zu Gast.<\/p>\n","protected":false},"excerpt":{"rendered":"Regionalliga S\u00fcdwest. Der SC Freiburg II hat am vierten Spieltag im Dreisamstadion 0:0 gegen den VfR Mannheim gespielt.&hellip;\n","protected":false},"author":2,"featured_media":1271240,"comment_status":"","ping_status":"","sticky":false,"template":"","format":"standard","meta":{"footnotes":"","_share_on_mastodon":"0"},"categories":[1845],"tags":[1634,3364,29,548,663,3934,30,13,2096,14,15,12],"class_list":["post-1271239","post","type-post","status-publish","format-standard","has-post-thumbnail","category-mannheim","tag-baden-wuerttemberg","tag-de","tag-deutschland","tag-eu","tag-europa","tag-europe","tag-germany","tag-headlines","tag-mannheim","tag-nachrichten","tag-news","tag-schlagzeilen"],"share_on_mastodon":{"url":"https:\/\/pubeurope.com\/@de\/117188584050536671","error":""},"_links":{"self":[{"href":"https:\/\/www.europesays.com\/de\/wp-json\/wp\/v2\/posts\/1271239","targetHints":{"allow":["GET"]}}],"collection":[{"href":"https:\/\/www.europesays.com\/de\/wp-json\/wp\/v2\/posts"}],"about":[{"href":"https:\/\/www.europesays.com\/de\/wp-json\/wp\/v2\/types\/post"}],"author":[{"embeddable":true,"href":"https:\/\/www.europesays.com\/de\/wp-json\/wp\/v2\/users\/2"}],"replies":[{"embeddable":true,"href":"https:\/\/www.europesays.com\/de\/wp-json\/wp\/v2\/comments?post=1271239"}],"version-history":[{"count":0,"href":"https:\/\/www.europesays.com\/de\/wp-json\/wp\/v2\/posts\/1271239\/revisions"}],"wp:featuredmedia":[{"embeddable":true,"href":"https:\/\/www.europesays.com\/de\/wp-json\/wp\/v2\/media\/1271240"}],"wp:attachment":[{"href":"https:\/\/www.europesays.com\/de\/wp-json\/wp\/v2\/media?parent=1271239"}],"wp:term":[{"taxonomy":"category","embeddable":true,"href":"https:\/\/www.europesays.com\/de\/wp-json\/wp\/v2\/categories?post=1271239"},{"taxonomy":"post_tag","embeddable":true,"href":"https:\/\/www.europesays.com\/de\/wp-json\/wp\/v2\/tags?post=1271239"}],"curies":[{"name":"wp","href":"https:\/\/api.w.org\/{rel}","templated":true}]}}