{"id":1271248,"date":"2026-08-31T06:01:28","date_gmt":"2026-08-31T06:01:28","guid":{"rendered":"https:\/\/www.europesays.com\/de\/1271248\/"},"modified":"2026-08-31T06:01:28","modified_gmt":"2026-08-31T06:01:28","slug":"rueckkehr-nach-dreieinhalb-jahren-bielefelder-stadtbahn-linie-1-faehrt-wieder-bis-senne","status":"publish","type":"post","link":"https:\/\/www.europesays.com\/de\/1271248\/","title":{"rendered":"R\u00fcckkehr nach dreieinhalb Jahren: Bielefelder Stadtbahn-Linie 1 f\u00e4hrt wieder bis Senne"},"content":{"rendered":"<p id=\"absatz1\" class=\"em_text\">Bielefeld. Mehr als drei Jahre lang war f\u00fcr Fahrg\u00e4ste der Stadtbahnlinie 1 auf dem Weg in den Bielefelder S\u00fcden irgendwann Schluss mit Schienenverkehr. Nun steht das Ende der langen Baustellenzeit unmittelbar bevor: Von Mittwoch, 2. September, an f\u00e4hrt die Linie 1 wieder durchgehend bis zur Endstation Senne. Damit entf\u00e4llt auch der zuletzt eingerichtete Ersatzverkehr. Bislang endeten die Stadtbahnen an der Haltestelle Brackwede Kirche, von dort ging es mit Bussen weiter in Richtung Senne und Sennestadt.<\/p>\n<p id=\"absatz2\" class=\"em_text\">F\u00fcr die Strecke endet damit eine mehr als dreij\u00e4hrige Unterbrechung. Im Fr\u00fchjahr 2023 war die letzte Bahn bis Senne gefahren. Damals begann zun\u00e4chst der gro\u00dfe Umbau der Brackweder Hauptstra\u00dfe. Anschlie\u00dfend wanderte die Baustelle weiter nach S\u00fcden auf die Brackweder Stra\u00dfe. Alte Gleise wurden herausgerissen, neue verlegt, Bahnsteige umgebaut und die Strecke St\u00fcck f\u00fcr St\u00fcck an die heutigen Anforderungen angepasst.<\/p>\n<p id=\"absatz3\" class=\"em_text\">In den vergangenen Monaten konzentrierten sich die Arbeiten vor allem auf den Abschnitt zwischen Rosenh\u00f6he und Senne. Dort wurde der Gleisk\u00f6rper vollst\u00e4ndig erneuert. Gleichzeitig ver\u00e4nderte Mobiel die Lage der Schienen: Sie liegen nun weiter auseinander, damit k\u00fcnftig auch die breiteren Vamos-Stadtbahnen eingesetzt werden k\u00f6nnen.<\/p>\n<p>\n        \u00d7\n    <\/p>\n<p>\n            Sie erhalten in wenigen Minuten eine E-Mail zur Best\u00e4tigung Ihrer Anmeldung.\n        <\/p>\n<p>Erst danach ist diese abgeschlossen.<\/p>\n<p>Bitte pr\u00fcfen Sie auch den Spam-Ordner.<\/p>\n<p>\n        \u00d7\n    <\/p>\n<p>\n            Sie haben bisher Ihre E-Mail-Adresse noch nicht best\u00e4tigt.\n        <\/p>\n<p>Erst danach ist diese abgeschlossen.<\/p>\n<p>Bitte pr\u00fcfen Sie auch den Spam-Ordner.<\/p>\n<p>\n        \u00d7\n    <\/p>\n<p>\n            Es ist einen Fehler aufgetreten\n        <\/p>\n<p>Bei Fragen hilft unser Newsletter-Support<\/p>\n<p> Newsletter<\/p>\n<p> Update zum Abend<\/p>\n<p>Informiert bleiben mit t\u00e4glichen News aus Bielefeld, OWL und der Welt.<\/p>\n<p>                Jetzt anmelden<\/p>\n<p>Reparaturanf\u00e4lliges Gleisbett wurde erneuert<\/p>\n<p class=\"em_text\">Auch die Haltestellen haben sich ver\u00e4ndert. An der Rosenh\u00f6he wurden die Bahnsteige verl\u00e4ngert und modernisiert. Komplett neu entstanden ist der Hochbahnsteig Brackwede Friedhof. Er ersetzt die bisherige Haltestelle Windelsbleicher Stra\u00dfe und erm\u00f6glicht dort k\u00fcnftig einen barrierefreien Ein- und Ausstieg.<\/p>\n<p id=\"absatz5\"><b class=\"bold\">Lesen Sie auch: <\/b><a href=\"https:\/\/www.nw.de\/lokal\/bielefeld\/mitte\/24384239_Stadtbahnlinie-1-in-Bielefeld-auf-der-Zielgeraden-Wann-faehrt-sie-wieder-bis-zur-Endstation.html\" rel=\"nofollow noopener\" target=\"_blank\">Stadtbahnlinie 1 in Bielefeld auf der Zielgeraden: Wann f\u00e4hrt sie wieder bis zur Endstation? | nw.de<\/a><\/p>\n<p id=\"absatz6\" class=\"em_text\">Mit den Arbeiten beseitigt Mobiel zugleich ein Problem, das die Strecke \u00fcber Jahre begleitet hatte. Das alte Gleisbett war reparaturanf\u00e4llig und musste immer wieder ausgebessert werden. Au\u00dferdem wurden durch leichte Verschiebungen einzelner Haltestellen deren Abst\u00e4nde zueinander angeglichen. Die Bahnen sollen dadurch auf dem s\u00fcdlichen Abschnitt k\u00fcnftig z\u00fcgiger vorankommen.<\/p>\n<p>        <a href=\"https:\/\/www.nw.de\/_em_daten\/_cache\/image\/1xR2N3c3pDYXVNMk5OTmtkQklRU0h3SjJLMFhoYm1kVVU2TW1kV05jenNSZXVPMWs0d3RPd0RVVVZSVnhuakFrdUN2VHB4SDgrd0QxYVRyV0ZVZitXeWR3VEdXMXE3ZEQwcG43S1lpRERSNUk9\/260830-1534-924564773.jpg\" class=\"nw-article-image\" title=\"Auch an der neu gestalteten Haltestelle Rosenh\u00f6he werden zuk\u00fcnftig wieder Bahnen fahren.\" data-glightbox=\"type: image; description: Auch an der neu gestalteten Haltestelle Rosenh\u00f6he werden zuk\u00fcnftig wieder Bahnen fahren.  | \u00a9 Barbara Franke \" rel=\"nofollow noopener\" target=\"_blank\"><br \/>\n            <img decoding=\"async\" src=\"https:\/\/www.europesays.com\/de\/wp-content\/uploads\/2026\/08\/260830-1534-924564773.jpg\" class=\"nw-img-fluid nw-w-full nw-lazy nw-rounded-t-md\" alt=\"Auch an der neu gestalteten Haltestelle Rosenh\u00f6he werden zuk\u00fcnftig wieder Bahnen fahren. - \u00a9 Barbara Franke\" data-format=\"16:9\"\/><br \/>\n        <\/a><\/p>\n<p>                Auch an der neu gestalteten Haltestelle Rosenh\u00f6he werden zuk\u00fcnftig wieder Bahnen fahren.<br \/>\n                                    | \u00a9 Barbara Franke<\/p>\n<p id=\"absatz7\" class=\"em_text\">Ganz abgeschlossen ist der Umbau der Linie 1 allerdings noch nicht. Zwar ist der Abschnitt nun weitgehend f\u00fcr die Vamos-Bahnen vorbereitet. Auf dem Weg von der Innenstadt nach Brackwede gibt es aber noch einen Engpass: In der Kreuzstra\u00dfe liegen die Gleise bislang zu dicht beieinander. Dort steht ein weiterer Umbau an, der mit einer Neuordnung des Verkehrs rund um den Adenauerplatz verbunden werden soll. Nach bisherigen Planungen sollen diese Arbeiten 2028 beginnen. Auch die Endstation Senne selbst blieb bei den jetzigen Arbeiten weitgehend unangetastet. Sie soll erst im Zusammenhang mit der geplanten Verl\u00e4ngerung der Stadtbahn nach Sennestadt grundlegend erneuert werden. Wann dieses Projekt umgesetzt wird, ist bislang offen.<\/p>\n<p>Neuer Fahrplan tritt in Kraft<\/p>\n<p id=\"absatz8\" class=\"em_text\">Zum Ende der Sommerferien normalisiert sich allerdings nicht nur der Verkehr auf der Linie 1. Gleichzeitig beendet Mobiel eine weitere Gro\u00dfbaustelle im Herzen des Netzes. Im Stadtbahntunnel zwischen Rathaus und Hauptbahnhof wurden w\u00e4hrend der Ferien rund 1,7 Kilometer Gleise, sieben Weichen und eine Gleiskreuzung erneuert. Die Arbeiten sollen am Dienstag, 1. September, abgeschlossen sein. Einen Tag sp\u00e4ter fahren damit wieder alle vier Stadtbahnlinien regul\u00e4r durch die Innenstadt. Auch der w\u00e4hrend der Sommerferien eingerichtete Ersatzverkehr im Zentrum und auf der Linie 3 endet.<\/p>\n<p id=\"absatz9\"><b class=\"bold\">Lesen Sie auch: <\/b><a href=\"https:\/\/www.nw.de\/lokal\/bielefeld\/mitte\/24360898_Bielefeld-treibt-Stadtbahn-nach-Sennestadt-voran-jetzt-starten-Eigentuemergespraeche.html\" rel=\"nofollow noopener\" target=\"_blank\">Bielefeld treibt Stadtbahn nach Sennestadt voran \u2013 jetzt starten Eigent\u00fcmergespr\u00e4che | nw.de<\/a><\/p>\n<p id=\"absatz10\" class=\"em_text\">Zum Schuljahresbeginn tritt zudem ein neuer Fahrplan in Kraft. Besonders im Bielefelder S\u00fcden \u00e4ndern sich dabei einige Liniennummern und Verbindungen. Aus der bisherigen Buslinie 135 wird die Linie 45. Sie \u00fcbernimmt die bisherigen Fahrten und kehrt nach dem Ende des Ersatzverkehrs auf ihren regul\u00e4ren Linienweg zur\u00fcck. Start- beziehungsweise Endpunkt ist wieder Senne. Auch die Nachtbuslinie N6 f\u00e4hrt wieder auf ihrer normalen Strecke.<\/p>\n<p id=\"absatz11\" class=\"em_text\">Mehr Umgew\u00f6hnung gibt es f\u00fcr Sch\u00fcler und Eltern. Mobiel ordnet mehrere Schulverbindungen neu und f\u00fchrt daf\u00fcr unter anderem die Linien 124, 139, 145, 146, 147 und 149 ein. Die neue Linie 124 bindet den Schulstandort am Seidensticker-Campus an und verkehrt zwischen Sieker, Stadtheider Stra\u00dfe und Schildesche. Die Linie 145 verbindet k\u00fcnftig Senne, Buschkamp und Sennestadt. Sie \u00fcbernimmt Fahrten der bisherigen Linie 235 und wird zugleich r\u00e4umlich und zeitlich erweitert. Vor allem aus Windfl\u00f6te und Windelsbleiche sollen dadurch direktere Verbindungen zu den Schulen in Sennestadt entstehen. Wegen der zahlreichen \u00c4nderungen empfiehlt Mobiel Fahrg\u00e4sten, ihre gewohnten Verbindungen vor dem 2. September noch einmal zu \u00fcberpr\u00fcfen. Die neuen Fahrpl\u00e4ne sind bereits in der Fahrplanauskunft und in der Mobiel-You-App hinterlegt.<\/p>\n","protected":false},"excerpt":{"rendered":"Bielefeld. Mehr als drei Jahre lang war f\u00fcr Fahrg\u00e4ste der Stadtbahnlinie 1 auf dem Weg in den Bielefelder&hellip;\n","protected":false},"author":2,"featured_media":1271249,"comment_status":"","ping_status":"","sticky":false,"template":"","format":"standard","meta":{"footnotes":"","_share_on_mastodon":"0"},"categories":[1841],"tags":[236067,1605,28242,217182,3364,29,30,2378,10347,198343,736,164252,229797,26093,1613,1209,5112,17408,26090],"class_list":["post-1271248","post","type-post","status-publish","format-standard","has-post-thumbnail","category-bielefeld","tag-baustellenzeit","tag-bielefeld","tag-brackwede","tag-brackwedeer-strasse","tag-de","tag-deutschland","tag-germany","tag-label_umfrage","tag-lage","tag-meta_artikelklasse_aboanker","tag-meta_copyrights_nw","tag-meta_eo_zusammenfassung","tag-meta_prio_1","tag-meta_themen_verkehr_mobilitaet","tag-meta_userneeds_informieremich","tag-nordrhein-westfalen","tag-oepnv","tag-sennestadt","tag-stadtbahnlinie"],"share_on_mastodon":{"url":"https:\/\/pubeurope.com\/@de\/117188605658596949","error":""},"_links":{"self":[{"href":"https:\/\/www.europesays.com\/de\/wp-json\/wp\/v2\/posts\/1271248","targetHints":{"allow":["GET"]}}],"collection":[{"href":"https:\/\/www.europesays.com\/de\/wp-json\/wp\/v2\/posts"}],"about":[{"href":"https:\/\/www.europesays.com\/de\/wp-json\/wp\/v2\/types\/post"}],"author":[{"embeddable":true,"href":"https:\/\/www.europesays.com\/de\/wp-json\/wp\/v2\/users\/2"}],"replies":[{"embeddable":true,"href":"https:\/\/www.europesays.com\/de\/wp-json\/wp\/v2\/comments?post=1271248"}],"version-history":[{"count":0,"href":"https:\/\/www.europesays.com\/de\/wp-json\/wp\/v2\/posts\/1271248\/revisions"}],"wp:featuredmedia":[{"embeddable":true,"href":"https:\/\/www.europesays.com\/de\/wp-json\/wp\/v2\/media\/1271249"}],"wp:attachment":[{"href":"https:\/\/www.europesays.com\/de\/wp-json\/wp\/v2\/media?parent=1271248"}],"wp:term":[{"taxonomy":"category","embeddable":true,"href":"https:\/\/www.europesays.com\/de\/wp-json\/wp\/v2\/categories?post=1271248"},{"taxonomy":"post_tag","embeddable":true,"href":"https:\/\/www.europesays.com\/de\/wp-json\/wp\/v2\/tags?post=1271248"}],"curies":[{"name":"wp","href":"https:\/\/api.w.org\/{rel}","templated":true}]}}