{"id":1271253,"date":"2026-08-31T06:04:46","date_gmt":"2026-08-31T06:04:46","guid":{"rendered":"https:\/\/www.europesays.com\/de\/1271253\/"},"modified":"2026-08-31T06:04:46","modified_gmt":"2026-08-31T06:04:46","slug":"eine-person-bei-brand-im-keller-in-wuppertal-verletzt","status":"publish","type":"post","link":"https:\/\/www.europesays.com\/de\/1271253\/","title":{"rendered":"Eine Person bei Brand im Keller in Wuppertal verletzt"},"content":{"rendered":"<p class=\"text_ohne_einzug richtext text-em-55 !leading-serif mx-6 desktop:mx-0\">In der Nacht von Samstag auf Sonntag (29. August) kam es im Keller eines Geb\u00e4udes an der Rottscheider Stra\u00dfe zu einem Entstehungsbrand in der N\u00e4he eines Heizofens. Der Brand konnte durch einen Bewohner des Hauses selbstst\u00e4ndig gel\u00f6scht werden. Beim L\u00f6schversuch zog sich die Person schwere Verletzungen zu. Die Einsatzkr\u00e4fte f\u00fchrten im Anschluss Nachl\u00f6scharbeiten in geringem Umfang durch und kontrollierten den betroffenen Bereich auf m\u00f6gliche Glutnester. Das Geb\u00e4ude wurde anschlie\u00dfend durch die Feuerwehr bel\u00fcftet. Die verletzte Person wurde zur weiteren medizinischen Versorgung in ein Spezialkrankenhaus transportiert. Die Feuerwehr konnte den Einsatz nach Abschluss der Ma\u00dfnahmen beenden.<\/p>\n","protected":false},"excerpt":{"rendered":"In der Nacht von Samstag auf Sonntag (29. August) kam es im Keller eines Geb\u00e4udes an der Rottscheider&hellip;\n","protected":false},"author":2,"featured_media":1271254,"comment_status":"","ping_status":"","sticky":false,"template":"","format":"standard","meta":{"footnotes":"","_share_on_mastodon":"0"},"categories":[1840],"tags":[19907,2919,3364,29,73885,43999,30,58430,3744,1209,10321,42439,4418],"class_list":["post-1271253","post","type-post","status-publish","format-standard","has-post-thumbnail","category-wuppertal","tag-bewohner","tag-brand","tag-de","tag-deutschland","tag-entstehungsbrand","tag-geloescht","tag-germany","tag-hauses","tag-keller","tag-nordrhein-westfalen","tag-person","tag-selbststaendig","tag-wuppertal"],"share_on_mastodon":{"url":"https:\/\/pubeurope.com\/@de\/117188615664065986","error":""},"_links":{"self":[{"href":"https:\/\/www.europesays.com\/de\/wp-json\/wp\/v2\/posts\/1271253","targetHints":{"allow":["GET"]}}],"collection":[{"href":"https:\/\/www.europesays.com\/de\/wp-json\/wp\/v2\/posts"}],"about":[{"href":"https:\/\/www.europesays.com\/de\/wp-json\/wp\/v2\/types\/post"}],"author":[{"embeddable":true,"href":"https:\/\/www.europesays.com\/de\/wp-json\/wp\/v2\/users\/2"}],"replies":[{"embeddable":true,"href":"https:\/\/www.europesays.com\/de\/wp-json\/wp\/v2\/comments?post=1271253"}],"version-history":[{"count":0,"href":"https:\/\/www.europesays.com\/de\/wp-json\/wp\/v2\/posts\/1271253\/revisions"}],"wp:featuredmedia":[{"embeddable":true,"href":"https:\/\/www.europesays.com\/de\/wp-json\/wp\/v2\/media\/1271254"}],"wp:attachment":[{"href":"https:\/\/www.europesays.com\/de\/wp-json\/wp\/v2\/media?parent=1271253"}],"wp:term":[{"taxonomy":"category","embeddable":true,"href":"https:\/\/www.europesays.com\/de\/wp-json\/wp\/v2\/categories?post=1271253"},{"taxonomy":"post_tag","embeddable":true,"href":"https:\/\/www.europesays.com\/de\/wp-json\/wp\/v2\/tags?post=1271253"}],"curies":[{"name":"wp","href":"https:\/\/api.w.org\/{rel}","templated":true}]}}