{"id":1271267,"date":"2026-08-31T06:13:24","date_gmt":"2026-08-31T06:13:24","guid":{"rendered":"https:\/\/www.europesays.com\/de\/1271267\/"},"modified":"2026-08-31T06:13:24","modified_gmt":"2026-08-31T06:13:24","slug":"rechtsnationalismus-was-man-in-frankreich-ueber-die-afd-lernen-kann","status":"publish","type":"post","link":"https:\/\/www.europesays.com\/de\/1271267\/","title":{"rendered":"Rechtsnationalismus: Was man in Frankreich \u00fcber die AfD lernen kann"},"content":{"rendered":"<p>                    <a href=\"https:\/\/www.zeit.de\/autoren\/K\/Matthias_Krupa\/index.xml\" title=\"Matthias Krupa\" data-ct-row=\"author\" data-ct-column=\"false\" data-ct-label=\"image\" rel=\"nofollow noopener\" target=\"_blank\"><br \/>\n    <img loading=\"lazy\" decoding=\"async\" class=\"article-header__author-image\" alt=\"Matthias Krupa\"  src=\"https:\/\/www.europesays.com\/de\/wp-content\/uploads\/2026\/03\/square__46x46.png\" width=\"46\" height=\"46\" \/><\/p>\n<p>    <\/a><\/p>\n<p>\n                        Der Aufstieg der Rechtsnationalisten ist schwer zu bremsen, das gilt f\u00fcr die AfD wie f\u00fcr Le Pen. Trotzdem ist es nicht zwangsl\u00e4ufig, dass sie eines Tages regieren.\n                    <\/p>\n<p>                7 Min.<\/p>\n<p>        <a class=\"z-text-button\" href=\"#comments\" title=\"Kommentare anzeigen\" data-ct-row=\"comments\" data-ct-column=\"false\"><\/p>\n<p>            24 Kommentare<br \/>\n        <\/a><\/p>\n<p>Zusammenfassen<\/p>\n<p>                Schlie\u00dfen<br \/>\n                Artikelzusammenfassung<\/p>\n<p>Der Blick nach Frankreich nimmt der deutschen AfD-Debatte jede Unschuld. Der Autor beschreibt chronologisch, wie die nationalistische Rechte in vielen Nachbarl\u00e4ndern fr\u00fcher erstarkte, in Frankreich seit den 2000er-Jahren, und wie der Rassemblement National seine W\u00e4hlerschaft von Arbeitern auf weitere Gruppen ausdehnte, \u00e4hnlich wie heute die AfD. Danach zeigt er, dass weder Massenproteste noch B\u00fcndnisse anderer Parteien noch ein Rechtsruck konservativer Kr\u00e4fte den Aufstieg des RN dauerhaft stoppten und dass es kein einfaches Mittel gegen die extreme Rechte gibt. Zugleich verweist er darauf, dass Marine Le Pen trotz hoher Umfragewerte und starker Parlamentsfraktion bisher nie die Macht errang, weil viele W\u00e4hler im entscheidenden Moment vor einer Regierung des RN zur\u00fcckschrecken und dessen inhaltliche L\u00fccken sehen. Daraus zieht der Text den Schluss, dass die populistische Rechte zwar bleibt und ernst genommen werden muss, ihr Regierungsantritt aber auch in Deutschland nicht zwangsl\u00e4ufig ist.<\/p>\n<p>                Diese Zusammenfassung wurde mithilfe von K\u00fcnstlicher Intelligenz erstellt. Vereinzelt kann es dabei zu Fehlern kommen.<\/p>\n<p class=\"summy__feedback-paragraph\">Fanden Sie die Zusammenfassung hilfreich? <\/p>\n<p>                        Gef\u00e4llt mir<\/p>\n<p>                        Gef\u00e4llt mir<\/p>\n<p>                        Gef\u00e4llt mir nicht<\/p>\n<p>                        Gef\u00e4llt mir nicht<\/p>\n<p>                        Send<\/p>\n<p>            <img decoding=\"async\" class=\"article__media-item\" src=\"https:\/\/www.europesays.com\/de\/wp-content\/uploads\/2026\/08\/1788156804_282_wide__1000x562.jpeg\" alt=\"Rechtsnationalismus: Marine Le Pen und ihr Rassemblement National (RN) sind stark wie nie zuvor \u2013 aber bislang gelang es ihnen nicht, an die Macht zu kommen.\"\/><\/p>\n<p>                    Marine Le Pen und ihr Rassemblement National (RN) sind stark wie nie zuvor \u2013 aber bislang gelang es ihnen nicht, an die Macht zu kommen.<br \/>\n            \u00a9\u00a0Telmo Pinto\/\u200bNurPhoto\/\u200bGetty Images<\/p>\n<p class=\"paragraph\">Manchmal habe ich den Eindruck, als seien noch immer viele Menschen in Deutschland erstaunt \u00fcber den Aufstieg der <a class=\"rtr-entity\" href=\"https:\/\/www.zeit.de\/thema\/alternative-fuer-deutschland\" rel=\"nofollow noopener\" target=\"_blank\">AfD<\/a>.\u00a0Dar\u00fcber, dass die extreme Rechte in den Umfragen zur st\u00e4rksten politischen Kraft geworden ist, in Sachsen-Anhalt vielleicht sogar bald regiert. Ich lebe seit einer Weile in Frankreich, und wenn ich nun nach Deutschland schaue, wenn ich die Diskussionen dort verfolge oder mit deutschen Freunden spreche \u2013 dann bin ich meinerseits \u00fcberrascht.\n<\/p>\n<p class=\"paragraph\">Haben wir nicht hingeschaut, was in unseren Nachbarl\u00e4ndern passiert? Oder dachten wir wirklich, wir seien immun und die finsteren Kr\u00e4fte, die den Populismus, Nationalismus und Extremismus treiben, w\u00fcrden ausgerechnet um Deutschland einen Bogen schlagen?<\/p>\n","protected":false},"excerpt":{"rendered":"Der Aufstieg der Rechtsnationalisten ist schwer zu bremsen, das gilt f\u00fcr die AfD wie f\u00fcr Le Pen. Trotzdem&hellip;\n","protected":false},"author":2,"featured_media":1271268,"comment_status":"","ping_status":"","sticky":false,"template":"","format":"standard","meta":{"footnotes":"","_share_on_mastodon":"0"},"categories":[3974],"tags":[331,332,150,548,663,3934,3980,156,11328,13,355,157,14,15,965,1433,16,1323,59165,860,12,501],"class_list":["post-1271267","post","type-post","status-publish","format-standard","has-post-thumbnail","category-frankreich","tag-aktuelle-nachrichten","tag-aktuelle-news","tag-alternative-fuer-deutschland","tag-eu","tag-europa","tag-europe","tag-france","tag-frankreich","tag-front-national","tag-headlines","tag-italien","tag-marine-le-pen","tag-nachrichten","tag-news","tag-niederlande","tag-oesterreich","tag-politik","tag-rassemblement-national","tag-rechtsnationalismus","tag-sachsen-anhalt","tag-schlagzeilen","tag-ungarn"],"share_on_mastodon":{"url":"https:\/\/pubeurope.com\/@de\/117188651200678172","error":""},"_links":{"self":[{"href":"https:\/\/www.europesays.com\/de\/wp-json\/wp\/v2\/posts\/1271267","targetHints":{"allow":["GET"]}}],"collection":[{"href":"https:\/\/www.europesays.com\/de\/wp-json\/wp\/v2\/posts"}],"about":[{"href":"https:\/\/www.europesays.com\/de\/wp-json\/wp\/v2\/types\/post"}],"author":[{"embeddable":true,"href":"https:\/\/www.europesays.com\/de\/wp-json\/wp\/v2\/users\/2"}],"replies":[{"embeddable":true,"href":"https:\/\/www.europesays.com\/de\/wp-json\/wp\/v2\/comments?post=1271267"}],"version-history":[{"count":0,"href":"https:\/\/www.europesays.com\/de\/wp-json\/wp\/v2\/posts\/1271267\/revisions"}],"wp:featuredmedia":[{"embeddable":true,"href":"https:\/\/www.europesays.com\/de\/wp-json\/wp\/v2\/media\/1271268"}],"wp:attachment":[{"href":"https:\/\/www.europesays.com\/de\/wp-json\/wp\/v2\/media?parent=1271267"}],"wp:term":[{"taxonomy":"category","embeddable":true,"href":"https:\/\/www.europesays.com\/de\/wp-json\/wp\/v2\/categories?post=1271267"},{"taxonomy":"post_tag","embeddable":true,"href":"https:\/\/www.europesays.com\/de\/wp-json\/wp\/v2\/tags?post=1271267"}],"curies":[{"name":"wp","href":"https:\/\/api.w.org\/{rel}","templated":true}]}}