{"id":1271269,"date":"2026-08-31T06:14:17","date_gmt":"2026-08-31T06:14:17","guid":{"rendered":"https:\/\/www.europesays.com\/de\/1271269\/"},"modified":"2026-08-31T06:14:17","modified_gmt":"2026-08-31T06:14:17","slug":"live-europe-today-island-lehnt-eu-gespraeche-ab-hoekstra-warnt-vor-braenden-und-china","status":"publish","type":"post","link":"https:\/\/www.europesays.com\/de\/1271269\/","title":{"rendered":"Live &#8211; Europe Today: Island lehnt EU-Gespr\u00e4che ab, Hoekstra warnt vor Br\u00e4nden und China"},"content":{"rendered":"<p>\n         Zuerst ver\u00f6ffentlicht am<br \/>\n            31\/08\/2026 &#8211; 8:06 MESZ\n            <\/p>\n<p>  <strong>Heute in der Sendung:<\/strong><\/p>\n<p><strong>M\u00e9abh Mc Mahon<\/strong> und <strong>Jorge Liboreiro<\/strong> erkl\u00e4ren, warum Island beim Referendum am Wochenende gegen einen Neustart der EU-Beitrittsgespr\u00e4che gestimmt hat. <\/p>\n<p>          <img decoding=\"async\" class=\"c-ad__placeholder__logo\" src=\"https:\/\/static.euronews.com\/website\/images\/logos\/logo-euronews-stacked-outlined-72x72-grey-9.svg\" width=\"72\" height=\"72\" alt=\"\" loading=\"lazy\"\/><br \/>\n          WERBUNG<\/p>\n<p>          <img decoding=\"async\" class=\"c-ad__placeholder__logo\" src=\"https:\/\/static.euronews.com\/website\/images\/logos\/logo-euronews-stacked-outlined-72x72-grey-9.svg\" width=\"72\" height=\"72\" alt=\"\" loading=\"lazy\"\/><br \/>\n          WERBUNG<\/p>\n<p><strong>Margr\u00e9t \u00c1g\u00fasta Sigur\u00f0ard\u00f3ttir<\/strong>, Generalsekret\u00e4rin des isl\u00e4ndischen Bauernverbands, und <strong>Dagur B. Eggertsson<\/strong>, Abgeordneter und fr\u00fcherer B\u00fcrgermeister von Reykjav\u00edk, reagieren auf das Ergebnis des Referendums.<\/p>\n<p><strong>Interview: Wopke Hoekstra<\/strong>, EU-Kommissar f\u00fcr Klimapolitik, Klimaneutralit\u00e4t und nachhaltiges Wachstum, spricht nach einem Sommer mit Waldbr\u00e4nden und Hitzewellen in ganz Europa bei Euronews. Er fordert mehr Investitionen in Vorsorge, statt sp\u00e4ter f\u00fcr die Sch\u00e4den zu zahlen.<\/p>\n<p><strong>Angela Skujins<\/strong> berichtet aus Mons \u00fcber einen Kanadier chinesischer Herkunft, der beschuldigt wird, w\u00e4hrend seines Praktikums bei der NATO spioniert zu haben. Die Details des Falls bleiben streng unter Verschluss, doch es werden ernste Fragen laut, wie ein mutma\u00dflicher Spion Zugang zu einem der wichtigsten Milit\u00e4rb\u00fcndnisse der Welt erhalten konnte.<\/p>\n<p><strong>Wann und wo l\u00e4uft \u201eEurope Today\u201c?<\/strong><\/p>\n<p>Sie sehen Euronews-Chefmoderatorin <strong>M\u00e9abh Mc Mahon<\/strong> und unsere EU-Redakteurin Maria Tadeo live im Fernsehen, auf der Euronews-Website sowie auf den digitalen Plattformen (YouTube, Facebook, X und Instagram) <strong>an jedem Wochentag um acht Uhr Br\u00fcsseler Zeit.<\/strong><\/p>\n<p>In nur <strong>zwanzig Minuten<\/strong> fasst unser neues Format die wichtigsten Ereignisse des Tages zusammen und liefert die entscheidende Analyse zu allen Geschichten, die die EU und dar\u00fcber hinaus pr\u00e4gen. Es ist au\u00dferdem als Newsletter und Podcast verf\u00fcgbar.<\/p>\n","protected":false},"excerpt":{"rendered":"Zuerst ver\u00f6ffentlicht am 31\/08\/2026 &#8211; 8:06 MESZ Heute in der Sendung: M\u00e9abh Mc Mahon und Jorge Liboreiro erkl\u00e4ren,&hellip;\n","protected":false},"author":2,"featured_media":1271270,"comment_status":"","ping_status":"","sticky":false,"template":"","format":"standard","meta":{"footnotes":"","_share_on_mastodon":"0"},"categories":[3933],"tags":[331,332,548,663,158,73282,3934,3935,13,5300,12937,14,15,12],"class_list":["post-1271269","post","type-post","status-publish","format-standard","has-post-thumbnail","category-eu","tag-aktuelle-nachrichten","tag-aktuelle-news","tag-eu","tag-europa","tag-europaeische-union","tag-europaeischer-rat","tag-europe","tag-european-union","tag-headlines","tag-irland","tag-island","tag-nachrichten","tag-news","tag-schlagzeilen"],"share_on_mastodon":{"url":"https:\/\/pubeurope.com\/@de\/117188655646147104","error":""},"_links":{"self":[{"href":"https:\/\/www.europesays.com\/de\/wp-json\/wp\/v2\/posts\/1271269","targetHints":{"allow":["GET"]}}],"collection":[{"href":"https:\/\/www.europesays.com\/de\/wp-json\/wp\/v2\/posts"}],"about":[{"href":"https:\/\/www.europesays.com\/de\/wp-json\/wp\/v2\/types\/post"}],"author":[{"embeddable":true,"href":"https:\/\/www.europesays.com\/de\/wp-json\/wp\/v2\/users\/2"}],"replies":[{"embeddable":true,"href":"https:\/\/www.europesays.com\/de\/wp-json\/wp\/v2\/comments?post=1271269"}],"version-history":[{"count":0,"href":"https:\/\/www.europesays.com\/de\/wp-json\/wp\/v2\/posts\/1271269\/revisions"}],"wp:featuredmedia":[{"embeddable":true,"href":"https:\/\/www.europesays.com\/de\/wp-json\/wp\/v2\/media\/1271270"}],"wp:attachment":[{"href":"https:\/\/www.europesays.com\/de\/wp-json\/wp\/v2\/media?parent=1271269"}],"wp:term":[{"taxonomy":"category","embeddable":true,"href":"https:\/\/www.europesays.com\/de\/wp-json\/wp\/v2\/categories?post=1271269"},{"taxonomy":"post_tag","embeddable":true,"href":"https:\/\/www.europesays.com\/de\/wp-json\/wp\/v2\/tags?post=1271269"}],"curies":[{"name":"wp","href":"https:\/\/api.w.org\/{rel}","templated":true}]}}