{"id":1271282,"date":"2026-08-31T06:22:41","date_gmt":"2026-08-31T06:22:41","guid":{"rendered":"https:\/\/www.europesays.com\/de\/1271282\/"},"modified":"2026-08-31T06:22:41","modified_gmt":"2026-08-31T06:22:41","slug":"duisburg-mehrfamilienhaus-in-friemersheim-nach-brand-unbewohnbar","status":"publish","type":"post","link":"https:\/\/www.europesays.com\/de\/1271282\/","title":{"rendered":"Duisburg: Mehrfamilienhaus in Friemersheim nach Brand unbewohnbar"},"content":{"rendered":"<p class=\"text_ohne_einzug richtext text-em-55 !leading-serif mx-6 desktop:mx-0\">  Wegen eines Brandes ist ein Mehrfamilienhaus an der Kronprinzenstra\u00dfe im Duisburger Stadtteil Friemersheim derzeit unbewohnbar. Das teilte die <a href=\"https:\/\/rp-online.de\/thema\/polizei\/\" rel=\"nofollow noopener\" target=\"_blank\">Polizei<\/a> mit. Verletzt wurde jedoch niemand, alle Bewohner konnten das Geb\u00e4ude selbstst\u00e4ndig verlassen.<\/p>\n<p class=\"richtext text-em-55 !leading-serif mx-6 desktop:mx-0\">Was war geschehen? Am Freitag (28. August) wurde die <a href=\"https:\/\/rp-online.de\/thema\/feuerwehr\/\" rel=\"nofollow noopener\" target=\"_blank\">Feuerwehr<\/a> um 18.40 Uhr wegen einer Rauchentwicklung in dem Mehrfamilienhaus alarmiert. Als die ersten Einsatzkr\u00e4fte an der gemeldeten Adresse eintrafen, war der Feuerwehr zufolge bereits eine Rauchentwicklung von au\u00dfen zu sehen.<\/p>\n<p class=\"richtext text-em-55 !leading-serif mx-6 desktop:mx-0\">Die Feuerwehr ging mit zwei Trupps unter Atemschutz ins Erdgeschoss des Geb\u00e4udes, um den Brand zu bek\u00e4mpfen, w\u00e4hrend ein weiterer Trupp die \u00fcbrigen Etagen auf eine m\u00f6gliche Ausbreitung kontrollierte. Zudem wurden L\u00fcftungsma\u00dfnahmen durchgef\u00fchrt, hie\u00df es weiter. Weil die Einsatzkr\u00e4fte schnell vor Ort waren und direkt eingreifen konnten, breitete sich das Feuer nicht auf weitere Teile des Hauses aus.<\/p>\n<p class=\"richtext text-em-55 !leading-serif mx-6 desktop:mx-0\">Wegen des Schadens am Geb\u00e4ude musste allerdings der Strom abgeschaltet werden. Daher ist das Haus zun\u00e4chst nicht mehr bewohnbar. F\u00fcnf Bewohner konnten laut Feuerwehr bei ihren Familien oder Bekannten unterkommen.<\/p>\n<p class=\"richtext text-em-55 !leading-serif mx-6 desktop:mx-0\">Insgesamt waren 30 Einsatzkr\u00e4fte der Freiwilligen Feuerwehr, der Berufsfeuerwehr und des Rettungsdienstes an der Kronprinzenstra\u00dfe im Einsatz. Die Ursache des Brandes ist aktuell noch unklar \u2013 die Polizei ermittelt.<\/p>\n","protected":false},"excerpt":{"rendered":"Wegen eines Brandes ist ein Mehrfamilienhaus an der Kronprinzenstra\u00dfe im Duisburger Stadtteil Friemersheim derzeit unbewohnbar. Das teilte die&hellip;\n","protected":false},"author":2,"featured_media":1271283,"comment_status":"","ping_status":"","sticky":false,"template":"","format":"standard","meta":{"footnotes":"","_share_on_mastodon":"0"},"categories":[1838],"tags":[2775,19907,2919,3364,29,3715,588,9032,5431,987,985,30,5213,30468,12182,1209,3787],"class_list":["post-1271282","post","type-post","status-publish","format-standard","has-post-thumbnail","category-duisburg","tag-berufsfeuerwehr","tag-bewohner","tag-brand","tag-de","tag-deutschland","tag-duisburg","tag-einsatz","tag-einsatzkraefte","tag-familien","tag-feuer","tag-feuerwehr","tag-germany","tag-haus","tag-kronprinzenstrasse","tag-mehrfamilienhaus","tag-nordrhein-westfalen","tag-rauchentwicklung"],"share_on_mastodon":{"url":"","error":""},"_links":{"self":[{"href":"https:\/\/www.europesays.com\/de\/wp-json\/wp\/v2\/posts\/1271282","targetHints":{"allow":["GET"]}}],"collection":[{"href":"https:\/\/www.europesays.com\/de\/wp-json\/wp\/v2\/posts"}],"about":[{"href":"https:\/\/www.europesays.com\/de\/wp-json\/wp\/v2\/types\/post"}],"author":[{"embeddable":true,"href":"https:\/\/www.europesays.com\/de\/wp-json\/wp\/v2\/users\/2"}],"replies":[{"embeddable":true,"href":"https:\/\/www.europesays.com\/de\/wp-json\/wp\/v2\/comments?post=1271282"}],"version-history":[{"count":0,"href":"https:\/\/www.europesays.com\/de\/wp-json\/wp\/v2\/posts\/1271282\/revisions"}],"wp:featuredmedia":[{"embeddable":true,"href":"https:\/\/www.europesays.com\/de\/wp-json\/wp\/v2\/media\/1271283"}],"wp:attachment":[{"href":"https:\/\/www.europesays.com\/de\/wp-json\/wp\/v2\/media?parent=1271282"}],"wp:term":[{"taxonomy":"category","embeddable":true,"href":"https:\/\/www.europesays.com\/de\/wp-json\/wp\/v2\/categories?post=1271282"},{"taxonomy":"post_tag","embeddable":true,"href":"https:\/\/www.europesays.com\/de\/wp-json\/wp\/v2\/tags?post=1271282"}],"curies":[{"name":"wp","href":"https:\/\/api.w.org\/{rel}","templated":true}]}}