{"id":1271287,"date":"2026-08-31T06:28:26","date_gmt":"2026-08-31T06:28:26","guid":{"rendered":"https:\/\/www.europesays.com\/de\/1271287\/"},"modified":"2026-08-31T06:28:26","modified_gmt":"2026-08-31T06:28:26","slug":"maerkte-insolvent-baywa-filialen-in-nuernberg-und-fuerth-droht-das-aus","status":"publish","type":"post","link":"https:\/\/www.europesays.com\/de\/1271287\/","title":{"rendered":"M\u00e4rkte insolvent: BayWa-Filialen in N\u00fcrnberg und F\u00fcrth droht das Aus"},"content":{"rendered":"<p>Mitarbeitern gek\u00fcndigt <\/p>\n<p>BayWa vor dem Aus: Filialen in N\u00fcrnberg betroffen<\/p>\n<p>Aktualisiert am 31.08.2026 &#8211; 08:01 UhrLesedauer: 1 Min.<\/p>\n<p><a href=\"#focus-0\" class=\"transition-colors block text-current relative\" data-sctrack=\"FocusGalleryImage.Reference\"><img fetchpriority=\"high\" data-testid=\"Opener.Image\"   loading=\"eager\" src=\"https:\/\/www.europesays.com\/de\/wp-content\/uploads\/2026\/08\/eine-baywa-filiale-archivbild-wie-es-mit-den-standorten-in-franken-weitergeht-ist-unklar.jpg\" alt=\"Eine BayWa-Filiale (Archivbild): Wie es mit den Standorten in Franken weitergeht, ist unklar.\" title=\"Eine BayWa-Filiale (Archivbild): Wie es mit den Standorten in Franken weitergeht, ist unklar.\" width=\"5568\" height=\"3132\" class=\"bg-[url:var(--lqipURL)] bg-cover bg-center flex h-full w-full max-w-full\" style=\"--lqipURL:url('https:\/\/images.t-online.de\/2026\/08\/j0XDyFJMnbuL\/0x361:5568x3132\/fit-in\/150x0\/filters:blur(25)\/eine-baywa-filiale-archivbild-wie-es-mit-den-standorten-in-franken-weitergeht-ist-unklar.jpg')\" decoding=\"async\"\/><img loading=\"lazy\" src=\"https:\/\/nuernberg.t-online.de\/s\/paper\/_next\/static\/media\/zoom-in.f7dae02f.svg\" alt=\"Vergr\u00f6\u00dfern des Bildes\" title=\"Vergr\u00f6\u00dfern des Bildes\" class=\"block h-[calc(var(--height)_\/_16_*_1rem)] w-[calc(var(--width)_\/_16_*_1rem)] max-w-none absolute right-8 bottom-8 rounded-4 bg-snow p-8\" style=\"--width:32;--height:32\" decoding=\"async\"\/><\/a><\/p>\n<p>Eine BayWa-Filiale (Archivbild): Wie es mit den Standorten in Franken weitergeht, ist unklar. (Quelle: Imago\/Sven Simon)<\/p>\n<p><img loading=\"lazy\" src=\"https:\/\/nuernberg.t-online.de\/s\/paper\/_next\/static\/media\/audio-volume.6689034c.svg\" alt=\"\" title=\"\" class=\"block h-[calc(var(--height)_\/_16_*_1rem)] w-[calc(var(--width)_\/_16_*_1rem)] max-w-none group-hover:brightness-0 group-hover:invert\" style=\"--width:16;--height:16\" decoding=\"async\"\/>Vorlesen<\/p>\n<p>Aktuelle Zeit:0:00Gesamtdauer:0:00<\/p>\n<p>1x<img loading=\"lazy\" src=\"https:\/\/nuernberg.t-online.de\/s\/paper\/_next\/static\/media\/font-sizes.32942e33.svg\" alt=\"\" title=\"\" class=\"block h-[calc(var(--height)_\/_16_*_1rem)] w-[calc(var(--width)_\/_16_*_1rem)] max-w-none group-hover:hidden group-aria-expanded:hidden\" style=\"--width:16;--height:16\" decoding=\"async\"\/><img loading=\"lazy\" src=\"https:\/\/nuernberg.t-online.de\/s\/paper\/_next\/static\/media\/font-sizes-dark-mode.e382645c.svg\" alt=\"\" title=\"\" class=\"block h-[calc(var(--height)_\/_16_*_1rem)] w-[calc(var(--width)_\/_16_*_1rem)] max-w-none hidden group-hover:block group-aria-expanded:block\" style=\"--width:16;--height:16\" decoding=\"async\"\/><img loading=\"lazy\" src=\"https:\/\/nuernberg.t-online.de\/s\/paper\/_next\/static\/media\/sharing-menu-icon.1eb71368.svg\" alt=\"\" title=\"\" class=\"block h-[calc(var(--height)_\/_16_*_1rem)] w-[calc(var(--width)_\/_16_*_1rem)] max-w-none group-hover:brightness-0 group-hover:invert\" style=\"--width:16;--height:16\" decoding=\"async\"\/>Artikel teilen<\/p>\n<p class=\"font-bold text-18 leading-17 user-text-lg:text-22 user-text-xl:text-24\">F\u00fcr einen Teil der insolventen Baum\u00e4rkte gibt es neue Betreiber. Die N\u00fcrnberger und F\u00fcrther BayWa-M\u00e4rkte geh\u00f6ren bislang nicht dazu \u2013 eine Schlie\u00dfung droht.<\/p>\n<p class=\"text-18 leading-17 user-text-lg:text-22 user-text-xl:text-24\">Die insolvente Baumarktkette Hellweg und ihr Tochterunternehmen BayWa Bau &amp; Garten werden abgewickelt. F\u00fcr 35 von mehr als 110 Filialen gibt es nach Unternehmensangaben voraussichtlich K\u00e4ufer, f\u00fcr die \u00fcbrigen Standorte laufen teilweise noch Gespr\u00e4che.<\/p>\n<p class=\"text-18 leading-17 user-text-lg:text-22 user-text-xl:text-24\">Auch mehrere M\u00e4rkte in Franken sind betroffen. Unter anderem f\u00fcr die BayWa-Filialen in N\u00fcrnberg und F\u00fcrth gibt es bislang keine Fortf\u00fchrungsl\u00f6sung. Die Standorte stehen damit auf der Liste der M\u00e4rkte, f\u00fcr die noch kein K\u00e4ufer gefunden wurde.<\/p>\n<p>M\u00e4rkten droht bis Ende November die Schlie\u00dfung<\/p>\n<p class=\"text-18 leading-17 user-text-lg:text-22 user-text-xl:text-24\">Der Betrieb l\u00e4uft zun\u00e4chst weiter. Den Besch\u00e4ftigten wurde allerdings bereits vorsorglich gek\u00fcndigt, weil derzeit nicht absehbar ist, f\u00fcr welche der verbliebenen Filialen noch eine \u00dcbernahmel\u00f6sung gefunden werden kann. Wie viele Besch\u00e4ftigte genau betroffen sind, ist unklar. Pro Filiale arbeiten im Schnitt 30 bis 35 Menschen.<\/p>\n<p class=\"text-18 leading-17 user-text-lg:text-22 user-text-xl:text-24\">Die Namen der bisherigen Kaufinteressenten wurden nicht genannt. Der Baumarktkonzern Obi k\u00fcndigte aber am Freitag an, bis zu zw\u00f6lf Hellweg- und BayWa-M\u00e4rkte \u00fcbernehmen zu wollen. Wer die \u00fcbrigen Standorte \u00fcbernimmt, ist offen. Sollte sich kein Investor finden, m\u00fcssten die M\u00e4rkte voraussichtlich bis Ende November schlie\u00dfen.<\/p>\n","protected":false},"excerpt":{"rendered":"Mitarbeitern gek\u00fcndigt BayWa vor dem Aus: Filialen in N\u00fcrnberg betroffen Aktualisiert am 31.08.2026 &#8211; 08:01 UhrLesedauer: 1 Min.&hellip;\n","protected":false},"author":2,"featured_media":1271288,"comment_status":"","ping_status":"","sticky":false,"template":"","format":"standard","meta":{"footnotes":"","_share_on_mastodon":"0"},"categories":[1837],"tags":[722,44855,71459,772,60787,3364,29,1072,4348,4347,30,1551,3783],"class_list":["post-1271287","post","type-post","status-publish","format-standard","has-post-thumbnail","category-nuernberg","tag-722","tag-baumarkt","tag-baumarktkette","tag-bayern","tag-baywa","tag-de","tag-deutschland","tag-einzelhandel","tag-franken","tag-fuerth","tag-germany","tag-insolvenz","tag-nuernberg"],"share_on_mastodon":{"url":"https:\/\/pubeurope.com\/@de\/117188713021162393","error":""},"_links":{"self":[{"href":"https:\/\/www.europesays.com\/de\/wp-json\/wp\/v2\/posts\/1271287","targetHints":{"allow":["GET"]}}],"collection":[{"href":"https:\/\/www.europesays.com\/de\/wp-json\/wp\/v2\/posts"}],"about":[{"href":"https:\/\/www.europesays.com\/de\/wp-json\/wp\/v2\/types\/post"}],"author":[{"embeddable":true,"href":"https:\/\/www.europesays.com\/de\/wp-json\/wp\/v2\/users\/2"}],"replies":[{"embeddable":true,"href":"https:\/\/www.europesays.com\/de\/wp-json\/wp\/v2\/comments?post=1271287"}],"version-history":[{"count":0,"href":"https:\/\/www.europesays.com\/de\/wp-json\/wp\/v2\/posts\/1271287\/revisions"}],"wp:featuredmedia":[{"embeddable":true,"href":"https:\/\/www.europesays.com\/de\/wp-json\/wp\/v2\/media\/1271288"}],"wp:attachment":[{"href":"https:\/\/www.europesays.com\/de\/wp-json\/wp\/v2\/media?parent=1271287"}],"wp:term":[{"taxonomy":"category","embeddable":true,"href":"https:\/\/www.europesays.com\/de\/wp-json\/wp\/v2\/categories?post=1271287"},{"taxonomy":"post_tag","embeddable":true,"href":"https:\/\/www.europesays.com\/de\/wp-json\/wp\/v2\/tags?post=1271287"}],"curies":[{"name":"wp","href":"https:\/\/api.w.org\/{rel}","templated":true}]}}