{"id":1271289,"date":"2026-08-31T06:29:28","date_gmt":"2026-08-31T06:29:28","guid":{"rendered":"https:\/\/www.europesays.com\/de\/1271289\/"},"modified":"2026-08-31T06:29:28","modified_gmt":"2026-08-31T06:29:28","slug":"circusartisten-erkunden-hannover-teambuilding-tour-bei-krone","status":"publish","type":"post","link":"https:\/\/www.europesays.com\/de\/1271289\/","title":{"rendered":"Circusartisten erkunden Hannover: Teambuilding-Tour bei Krone"},"content":{"rendered":"<p>\t\t\t\t\t<img width=\"800\" height=\"369\" src=\"https:\/\/www.europesays.com\/de\/wp-content\/uploads\/2026\/08\/Segway-Tour-Circus-Krone-26.jpg\" class=\"attachment-full size-full wp-post-image\" alt=\"Circusartisten erkunden Hannover: Teambuilding-Tour bei Krone\" decoding=\"async\" fetchpriority=\"high\"  \/><\/p>\n<p>Die Artisten kurvten durch die Innenstadt und kamen danach wohlbehalten zum ersten Auftritt zur\u00fcck auf den Sch\u00fctzenplatz &#8211; Foto: ACO<\/p>\n<p>\t\t\tAnzeige<br \/><a href=\"https:\/\/www.daniela-busche.de\" target=\"_blank\" rel=\"nofollow noopener\"><img decoding=\"async\" src=\"https:\/\/www.europesays.com\/de\/wp-content\/uploads\/2025\/07\/DB_SehndeNews_Anzeige_022.gif\" alt=\"Werben Sie bei Sehnde-News\"\/><\/a><\/p>\n<p class=\"wp-block-paragraph\">Bei Sonnenschein und leichter Brise startete ein Teil der Circus-Krone Artisten, die noch bis einschlie\u00dflich 12. September auf dem hannoverschen Sch\u00fctzenplatz auftreten, zu einer Segway-Fahrt rund um den Maschsee und das Rathaus der Landeshauptstadt.<\/p>\n<p class=\"wp-block-paragraph\">Nach eingehender Einweisung in die Handhabung dieser beliebten Freizeitaktivit\u00e4t konnten es einige \u201eFrischlinge\u201c kaum erwarten und lieferten sich erste Duelle auf dem zu dieser Zeit noch leeren Sch\u00fctzenplatz vor dem imposanten Chapiteau vom Circus Krone.<\/p>\n<p>Beruflich bedingt gute Fahrer<\/p>\n<p class=\"wp-block-paragraph\">Insgesamt zeigten die Akteure aufgrund ihrer Fertigkeiten im beruflichen Alltag keine Schwierigkeiten mit Balance-Aufgaben des Gef\u00e4hrts und beeindruckten bereits beim Erreichen des Maschsees nach wenigen Minuten mit gekonnten Fahrman\u00f6vern ihr Talent f\u00fcr dieses originelle Fortbewegungsmittel. Einige mutige Teammitglieder steuerten das Segway einh\u00e4ndig und verteilten im Fahren Flyer an die zahlreichen Spazierg\u00e4nger, Jogger und Radfahrer.<\/p>\n<p class=\"wp-block-paragraph\">Neugierige und erstaunte Blicke immer wieder beim Anblick der 19-k\u00f6pfigen \u201eCircus Karawane\u201c, die in ihrem sehenswerten luftigen Outfit aus der Manege so manches begeistertes Hallo gern entgegennahm. In der hannoverschen Altstadt umkurften einige Artisten gekonnt die Caf\u00e9-Tische und \u00fcberreichten dort ihre Flyer.<\/p>\n<p>Unverletzt zur\u00fcckgekehrt<\/p>\n<p class=\"wp-block-paragraph\">Nach insgesamt 120 Minuten endete eine fr\u00f6hliche Tour wieder vor dem Veranstaltungseingang auf dem Sch\u00fctzenplatz mit vielen neuen Eindr\u00fccken und Fotos oder Videos. Bis auf den Organisator, der einmal Bekanntschaft mit dem Gr\u00fcn am Seeufer machen musste, sind alle Driver sturzfrei geblieben. Die Teilnehmer waren mit Spa\u00df und guter Laune dabei, so eine Teamma\u00dfnahme st\u00e4rkt die Kommunikation und das Vertrauen innerhalb einer Arbeitsgruppe nachhaltig und tr\u00e4gt dazu bei, eine harmonische Einheit zu formen, um gemeinsame Ziele noch besser zu erreichen. Das Ergebnis kann man als Zuschauer an der Manege noch bis zum 12. September in einer der zahlreichen Vorstellungen selbst erleben.<\/p>\n<p class=\"wp-block-paragraph\"><strong>Joachim Otte\/JPH<\/strong><\/p>\n<p>Anzeige<br \/><a href=\"https:\/\/www.schinze-gerber.de\/\" target=\"_blank\" rel=\"nofollow noopener\"><img decoding=\"async\" src=\"https:\/\/www.europesays.com\/de\/wp-content\/uploads\/2025\/11\/Sehnde-News-768x200px.gif\" alt=\"Werben Sie bei Sehnde-News\"\/><\/a><\/p>\n<p>Anzeige<br \/><a href=\"https:\/\/f\u00f6rderverein-ffsehnde.de\/mitglied-werden.html\" target=\"_blank\" rel=\"nofollow noopener\"><img decoding=\"async\" src=\"https:\/\/www.europesays.com\/de\/wp-content\/uploads\/2025\/11\/WerbungFV-V03.gif\" alt=\"F\u00f6rderverein\"\/><\/a><\/p>\n","protected":false},"excerpt":{"rendered":"Die Artisten kurvten durch die Innenstadt und kamen danach wohlbehalten zum ersten Auftritt zur\u00fcck auf den Sch\u00fctzenplatz &#8211;&hellip;\n","protected":false},"author":2,"featured_media":1271290,"comment_status":"","ping_status":"","sticky":false,"template":"","format":"standard","meta":{"footnotes":"","_share_on_mastodon":"0"},"categories":[1836],"tags":[3364,29,30,46,1411,7305,3866,6330],"class_list":["post-1271289","post","type-post","status-publish","format-standard","has-post-thumbnail","category-hannover","tag-de","tag-deutschland","tag-germany","tag-hannover","tag-niedersachsen","tag-region-hannover","tag-veranstaltungen","tag-zirkus"],"share_on_mastodon":{"url":"https:\/\/pubeurope.com\/@de\/117188714240944379","error":""},"_links":{"self":[{"href":"https:\/\/www.europesays.com\/de\/wp-json\/wp\/v2\/posts\/1271289","targetHints":{"allow":["GET"]}}],"collection":[{"href":"https:\/\/www.europesays.com\/de\/wp-json\/wp\/v2\/posts"}],"about":[{"href":"https:\/\/www.europesays.com\/de\/wp-json\/wp\/v2\/types\/post"}],"author":[{"embeddable":true,"href":"https:\/\/www.europesays.com\/de\/wp-json\/wp\/v2\/users\/2"}],"replies":[{"embeddable":true,"href":"https:\/\/www.europesays.com\/de\/wp-json\/wp\/v2\/comments?post=1271289"}],"version-history":[{"count":0,"href":"https:\/\/www.europesays.com\/de\/wp-json\/wp\/v2\/posts\/1271289\/revisions"}],"wp:featuredmedia":[{"embeddable":true,"href":"https:\/\/www.europesays.com\/de\/wp-json\/wp\/v2\/media\/1271290"}],"wp:attachment":[{"href":"https:\/\/www.europesays.com\/de\/wp-json\/wp\/v2\/media?parent=1271289"}],"wp:term":[{"taxonomy":"category","embeddable":true,"href":"https:\/\/www.europesays.com\/de\/wp-json\/wp\/v2\/categories?post=1271289"},{"taxonomy":"post_tag","embeddable":true,"href":"https:\/\/www.europesays.com\/de\/wp-json\/wp\/v2\/tags?post=1271289"}],"curies":[{"name":"wp","href":"https:\/\/api.w.org\/{rel}","templated":true}]}}